{"id":19104,"date":"2022-12-02T05:13:53","date_gmt":"2022-12-02T04:13:53","guid":{"rendered":"http:\/\/www.infokuryr.cz\/n\/?p=19104"},"modified":"2022-12-02T10:45:52","modified_gmt":"2022-12-02T09:45:52","slug":"jindrich-kulhavy-schizofrenni-situace","status":"publish","type":"post","link":"https:\/\/www.infokuryr.cz\/n\/2022\/12\/02\/jindrich-kulhavy-schizofrenni-situace\/","title":{"rendered":"Jind\u0159ich Kulhav\u00fd: Schizofrenn\u00ed situace"},"content":{"rendered":"<div id=\"fb-root\"><\/div>\n<p><span class=\"anotation\">D\u011bn\u00ed ve sv\u011bt\u011b i u n\u00e1s u\u017e d\u00e1vno nelze pova\u017eovat za norm\u00e1ln\u00ed. P\u0159esto\u017ee v\u00fdvoj v\u017edy p\u0159in\u00e1\u0161\u00ed ur\u010dit\u00e9 zm\u011bny a novinky, tentokr\u00e1t jich je p\u0159\u00edli\u0161 noho na to, aby \u0161lo o p\u0159irozen\u00fd jev a z\u00e1rove\u0148 byl \u010dlov\u011bk schopen je v\u0161echny vst\u0159ebat a pochopit. LGBT, gender, pseudorasismus, nedomy\u0161len\u00e1 elektrifikace dopravy spojen\u00e1 s\u00a0nedostatkem v\u00fdrobn\u00edch kapacit jej\u00ed v\u00fdroby a dopln\u011bn\u00e1 vyp\u00edn\u00e1n\u00edm dal\u0161\u00edch ur\u010dit\u00fdch zdroj\u016f, st\u0159\u00edlen\u00ed se do vlastn\u00edho kolene ukon\u010dov\u00e1n\u00edm obchodn\u00edch vztah\u016f s bl\u00edzkou surovinovou velmoc\u00ed, likvidace hotovosti a plno dal\u0161\u00edch p\u0159ipraven\u00fdch z\u00e1m\u011br\u016f odpov\u00edd\u00e1 snaze o tot\u00e1ln\u00ed p\u0159em\u011bnu sv\u011bta a p\u0159evzet\u00ed moci \u00fazk\u00fdm kruhem extr\u00e9mn\u011b bohat\u00fdch jedinc\u016f.<\/span><\/p>\n<div id=\"pagetext\">\n<p>\u00a0 M\u016f\u017eete si myslet cokoliv, ale jsme sv\u011bdky tolika protich\u016fdn\u00fdch jev\u016f a situac\u00ed, \u017ee je ani nesta\u010d\u00edme v\u0161echny vn\u00edmat. P\u0159\u00edkladem je sou\u010dasn\u00e1 \u010c\u00edna. Velmi agresivn\u00ed politika nulov\u00e9 tolerance covidu v\u00a0dob\u011b, kdy sv\u011bt v\u00edcem\u00e9n\u011b pochopil, \u017ee jde o obrovskou komedii a pandemie byla vytvo\u0159ena stejn\u011b um\u011ble jako vir samotn\u00fd, p\u0159i\u010dem\u017e obrovsk\u00e9 ekonomick\u00e9 ztr\u00e1ty st\u00e1t\u016f byly p\u0159etaveny do neskute\u010dn\u00fdch zisk\u016f Big Pharmy, vede k\u00a0vzplanut\u00ed touhy po svobod\u011b a postaven\u00ed se p\u0159\u00edmo d\u011bsiv\u00fdm praktik\u00e1m \u010d\u00ednsk\u00e9 vl\u00e1dy nam\u00ed\u0159en\u00fdm proti lidu.<\/p>\n<p>Zat\u00edmco v\u00a0Kataru prob\u00edh\u00e1 fotbalov\u00e9 mistrovstv\u00ed sv\u011bta za \u00fa\u010dasti mnoha t\u00fdm\u016f a stotis\u00edc\u016f div\u00e1k\u016f, v\u00a0\u010c\u00edn\u011b jsou lid\u00e9 zav\u00edr\u00e1ni ve sv\u00fdch bytov\u00fdch\u00a0domech a l\u00e1grech ur\u010den\u00fdm potencion\u00e1ln\u011b infek\u010dn\u00edm ob\u010dan\u016fm. A to i za cenu pou\u017e\u00edv\u00e1n\u00ed zbran\u00ed. Mohutn\u00e1 vlna odporu bude jist\u011b utopena v\u00a0krvi a v\u00a0d\u016fsledku dost mo\u017en\u00e1 bude v\u00edce ob\u011bt\u00ed tohoto teroru ne\u017e samotn\u00e9 nemoci. Jen\u017ee vl\u00e1da v\u00ed, co d\u011bl\u00e1. V\u00a0podstat\u011b dovede cel\u00fd n\u00e1rod do situace, kdy bude jeho kontrola 100%. A t\u00edm se napln\u00ed agenda p\u0159edstavovan\u00e1 WEF a Klausem Schwabem.<\/p>\n<p>Na\u0161i liber\u00e1lov\u00e9 se dostali do sv\u00edzeln\u00e9 situace. Na jednu stranu \u0159vou kv\u016fli \u00fatlaku prost\u00fdch \u010c\u00ed\u0148an\u016f, na druhou stranu vn\u00edmaj\u00ed, jak tamn\u00ed komunist\u00e9 napl\u0148uj\u00ed pl\u00e1ny, kter\u00fdmi se ti na\u0161i usilovn\u011b zab\u00fdvaj\u00edc\u00ed. Odhlasov\u00e1n\u00ed zaveden\u00ed covidpass\u016f na summitu G20 je samoz\u0159ejm\u011b v\u00a0rozporu s\u00a0proklamovanou svobodou. Nav\u00edc takov\u00fd ministr zdravotnictv\u00ed V\u00e1lek sn\u00ed sv\u016fj vlhk\u00fd sen o dal\u0161\u00ed vln\u011b vakcinace, na kterou mu v\u0161ak absolutn\u00ed v\u011bt\u0161ina i t\u011bch, kte\u0159\u00ed sedli na lep a minim\u00e1ln\u011b 3x u\u017e proceduru absolvovali, prost\u011b ka\u0161le. Tak\u017ee by se mu jist\u011b l\u00edbilo b\u00fdt mocn\u00fdm stejn\u011b jako \u010d\u00ednsk\u00e1 vl\u00e1da, z\u00e1rove\u0148 ale mus\u00ed principi\u00e1ln\u011b zl\u00e9 komunisty kritizovat. A nyn\u00ed babo ra\u010f, jak to ud\u011blat? Nejjednodu\u0161\u0161\u00ed je to prost\u011b proml\u010det, co\u017e na\u0161e m\u00e9dia i politici um\u00ed dokonale.<\/p>\n<p>A tak uplacen\u00fd komik\u00a0 se slovy:,,Ono to funguje\u201c otev\u0159en\u011b na obrazovce za solidn\u00ed g\u00e1\u017ei l\u017ee, to proto, \u017ee u\u017e i v\u00fdrobci pseudovakc\u00edn neradi a pod tlakem p\u0159iznali, \u017ee tomu tak zdaleka nen\u00ed, ale z\u00e1rove\u0148 se o protestech v\u00a0\u010c\u00edn\u011b mluv\u00ed minim\u00e1ln\u011b a tak, aby se p\u0159\u00edli\u0161 nevyzdvihoval jejich d\u016fvod a p\u0159itom se uk\u00e1zalo, jak se tamn\u00ed zl\u00e1 vl\u00e1da chov\u00e1 direktivn\u011b a nedemokraticky. P\u0159itom to nen\u00ed d\u00e1vno, kdy tomu tak bylo i ve zna\u010dn\u011b velk\u00e9m zbytku sv\u011bta, a i v\u00a0tak doned\u00e1vna \u00fasp\u011b\u0161n\u00fdch demokraci\u00edch, jak\u00fdmi byl Nov\u00fd Z\u00e9land \u010di Austr\u00e1lie, doch\u00e1zelo k\u00a0naprosto absurdn\u00edmu chov\u00e1n\u00ed vl\u00e1dn\u00edch \u010dinitel\u016f a jimi veden\u00fdch ozbrojen\u00fdch slo\u017eek. \u010c\u00edna to dovedla pouze k\u00a0v\u011bt\u0161\u00ed dokonalosti, nav\u00edc covidpassy u\u017e pou\u017e\u00edv\u00e1. P\u0159idala je\u0161t\u011b soci\u00e1ln\u00ed kredity, ty u\u017e zkou\u0161\u00ed lok\u00e1ln\u011b v\u00a0It\u00e1lii, tak\u017ee i p\u0159es teror komunist\u016f v\u00a0\u010c\u00edn\u011b jsou jist\u00fdm vzorem. To je na bl\u00e1zinec.<\/p>\n<p>Zvl\u00e1\u0161tn\u00ed situace je i kolem dal\u0161\u00edho fenom\u00e9nu, tedy ekologie. N\u00e1\u0161 n\u00e1zor na vymy\u0161lenou klimatickou zm\u011bnu zn\u00e1te. Nicm\u00e9n\u011b Evropa se po hlav\u011b vrhla do o\u017eebra\u010duj\u00edc\u00ed akce zvan\u00e9 Green Deal, zav\u00e1d\u00ed tvrd\u00e9 normy a likviduje \u0159adu elektr\u00e1ren, co\u017e automaticky vede k\u00a0energetick\u00e9 krizi. Nyn\u00ed v\u0161ak m\u00e9dia do\u0161la k\u00a0pozn\u00e1n\u00ed, \u017ee tyto zm\u011bny ni\u010demu nepomohou, proto\u017ee na Ukrajin\u011b d\u00edky boj\u016fm vznik\u00e1 tolik toho hnusn\u00e9ho CO2, \u017ee ve\u0161ker\u00e9 kon\u00e1n\u00ed tady je de facto kontraproduktivn\u00ed. Co\u017e je pravda, ov\u0161em ne \u00fapln\u00e1. Ono toti\u017e je d\u016fvod\u016f k\u00a0poklep\u00e1n\u00ed si na \u010delo p\u0159i pohledu na chov\u00e1n\u00ed evropsk\u00fdch politik\u016f mnohem v\u00edce. Vynechme nyn\u00ed, \u017ee se klima nem\u011bn\u00ed kv\u016fli lidsk\u00e9 \u010dinnosti, ale zm\u011bny jsou cyklick\u00e9 a p\u0159irozen\u00e9, p\u0159i\u010dem\u017e pod\u011bkovat za n\u011b m\u016f\u017eeme aktivit\u011b Slunce.<\/p>\n<p>Sni\u017eov\u00e1n\u00ed mno\u017estv\u00ed CO2 pot\u0159ebn\u00e9ho k\u00a0r\u016fstu rostlin je i p\u0159i sebev\u011bt\u0161\u00ed snaze EU celosv\u011btov\u011b zbyte\u010dn\u00e9 a nere\u00e1ln\u00e9, proto\u017ee jeho produkce mimo Evropu v\u00a0klidu stoup\u00e1 a nic se ned\u011bje. P\u0159isp\u00edvaj\u00ed k\u00a0tomu i hodn\u00e9 lod\u011b dov\u00e1\u017eej\u00edc\u00ed ten spr\u00e1vn\u011b politicky korektn\u00ed plyn z\u00a0USA, soukrom\u00e1 letadla politik\u016f a zelen\u00fdch propag\u00e1tor\u016f l\u00e9taj\u00edc\u00edch zbyte\u010dn\u011b po sv\u011bt\u011b, a nakonec i naprost\u00fd analfabetismus t\u011bchto liber\u00e1l\u016f v\u00a0oblasti fyziky a chemie. Vadn\u011b a nepravdiv\u011b ozna\u010dovan\u00fd brazilsk\u00fd prales za pl\u00edce Zem\u011b je jen uk\u00e1zkou idiocie klimatoalarmist\u016f. A op\u011bt je tu zvl\u00e1\u0161tn\u00ed situace. Evropa nechce rusk\u00fd plyn, ale pot\u0159ebuje n\u00e1hradu. Jej\u00ed expedice na n\u00e1\u0161 sv\u011btad\u00edl je drah\u00e1 a neekologick\u00e1, o tom se nemluv\u00ed. Ov\u0161em CO2 je fuj, tak\u017ee auta mus\u00ed b\u00fdt elektrick\u00e1. Ov\u0161em jich nesm\u00ed b\u00fdt moc, proto\u017ee zase ty elektr\u00e1rny. A op\u011bt se n\u011bco zaml\u010d\u00ed, tedy minim\u00e1ln\u011b to, \u017ee v\u00fdroba v\u011btrn\u00edk\u016f a bateri\u00ed je po str\u00e1nce ekologie katastrofou (doly, pr\u00e1ce d\u011bt\u00ed, obrovsk\u00e9 mno\u017estv\u00ed emis\u00ed p\u0159i t\u011b\u017een\u00ed v\u00a0Evrop\u011b, slo\u017eit\u00e1 likvidace a recyklace, dopady na p\u0159\u00edrodu za v\u011btrn\u00fdmi elektr\u00e1rnami).<\/p>\n<p>Dalo by se pokra\u010dovat je\u0161t\u011b dlouh\u00e9 hodiny. \u017dijeme v\u00a0dob\u011b bl\u00e1zn\u016f, nenasytn\u00fdch jedinc\u016f a jimi vlastn\u011bn\u00fdch koncern\u016f. Ml\u010d\u00edme, nech\u00e1me sebou manipulovat, ztr\u00e1c\u00edme v\u0161e, co d\u011blalo na\u0161e \u017eivoty zaj\u00edmav\u00fdmi a \u017eiteln\u00fdmi. Ale m\u016f\u017eeme b\u00fdt je\u0161t\u011b \u0161\u0165astn\u00ed, kdy\u017e jen tak sed\u00edme a jsme zticha?<\/p>\n<\/div>\n<p><a href=\"https:\/\/www.inadhled.live\/uvaha-dne\/schizofrenni-situace\/\">Jind\u0159ich Kulhav\u00fd<\/a><\/p>\n<p><img decoding=\"async\" loading=\"lazy\" class=\"wp-image-19116 aligncenter\" src=\"http:\/\/www.infokuryr.cz\/n\/wp-content\/uploads\/2022\/12\/PRO-LOGO-300x29.jpg\" alt=\"\" width=\"983\" height=\"95\" srcset=\"https:\/\/www.infokuryr.cz\/n\/wp-content\/uploads\/2022\/12\/PRO-LOGO-300x29.jpg 300w, https:\/\/www.infokuryr.cz\/n\/wp-content\/uploads\/2022\/12\/PRO-LOGO-768x75.jpg 768w, https:\/\/www.infokuryr.cz\/n\/wp-content\/uploads\/2022\/12\/PRO-LOGO.jpg 998w\" sizes=\"(max-width: 983px) 100vw, 983px\" \/><\/p>\n","protected":false},"excerpt":{"rendered":"<p>D\u011bn\u00ed ve sv\u011bt\u011b i u n\u00e1s u\u017e d\u00e1vno nelze pova\u017eovat za norm\u00e1ln\u00ed. P\u0159esto\u017ee v\u00fdvoj v\u017edy&#8230;<\/p>\n","protected":false},"author":2,"featured_media":16188,"comment_status":"closed","ping_status":"closed","sticky":false,"template":"","format":"standard","meta":[],"categories":[6],"tags":[67,157,29,71,276],"_links":{"self":[{"href":"https:\/\/www.infokuryr.cz\/n\/wp-json\/wp\/v2\/posts\/19104"}],"collection":[{"href":"https:\/\/www.infokuryr.cz\/n\/wp-json\/wp\/v2\/posts"}],"about":[{"href":"https:\/\/www.infokuryr.cz\/n\/wp-json\/wp\/v2\/types\/post"}],"author":[{"embeddable":true,"href":"https:\/\/www.infokuryr.cz\/n\/wp-json\/wp\/v2\/users\/2"}],"replies":[{"embeddable":true,"href":"https:\/\/www.infokuryr.cz\/n\/wp-json\/wp\/v2\/comments?post=19104"}],"version-history":[{"count":0,"href":"https:\/\/www.infokuryr.cz\/n\/wp-json\/wp\/v2\/posts\/19104\/revisions"}],"wp:featuredmedia":[{"embeddable":true,"href":"https:\/\/www.infokuryr.cz\/n\/wp-json\/wp\/v2\/media\/16188"}],"wp:attachment":[{"href":"https:\/\/www.infokuryr.cz\/n\/wp-json\/wp\/v2\/media?parent=19104"}],"wp:term":[{"taxonomy":"category","embeddable":true,"href":"https:\/\/www.infokuryr.cz\/n\/wp-json\/wp\/v2\/categories?post=19104"},{"taxonomy":"post_tag","embeddable":true,"href":"https:\/\/www.infokuryr.cz\/n\/wp-json\/wp\/v2\/tags?post=19104"}],"curies":[{"name":"wp","href":"https:\/\/api.w.org\/{rel}","templated":true}]}}