{"id":19103,"date":"2022-12-02T05:11:36","date_gmt":"2022-12-02T04:11:36","guid":{"rendered":"http:\/\/www.infokuryr.cz\/n\/?p=19103"},"modified":"2022-12-02T10:46:24","modified_gmt":"2022-12-02T09:46:24","slug":"vecirek-pro-5-lidi-za-9-675-000-korun-cesi-maji-letos-setrit-urednici-si-uzivaji","status":"publish","type":"post","link":"https:\/\/www.infokuryr.cz\/n\/2022\/12\/02\/vecirek-pro-5-lidi-za-9-675-000-korun-cesi-maji-letos-setrit-urednici-si-uzivaji\/","title":{"rendered":"Ve\u010d\u00edrek pro 5 lid\u00ed za 9 675 000 Korun! \u010ce\u0161i maj\u00ed letos \u0161et\u0159it! \u00da\u0159edn\u00edci si u\u017e\u00edvaj\u00ed!"},"content":{"rendered":"<div id=\"fb-root\"><\/div>\n<p>Komise EU uspo\u0159\u00e1dala p\u0159ed p\u00e1r dny slavnostn\u00ed gala ve\u010d\u00edrek pro mlad\u00e9 ne-Evropany ve v\u011bku do 35 let, aby\u00a0<em>zv\u00fd\u0161ila jejich pov\u011bdom\u00ed o pr\u00e1ci Komise EU.<\/em>\u00a0Mlad\u00e9 ne-Evropany m\u011bl k ve\u010d\u00edrku nal\u00e1kat<a href=\"https:\/\/twitter.com\/vchadw\/status\/1597695719787200514\/video\/1\">\u00a0tento \u00fa\u017easn\u00fd klip<\/a>\u00a0za 386 000 EUR! Na virtu\u00e1ln\u00ed ve\u010d\u00edrek EU se dostavil dopisovatel internetov\u00e9 platformy DEVEX, a ten s p\u0159ekvapen\u00edm zjistil, \u017ee virtu\u00e1ln\u00edho ve\u010d\u00edrku Komise EU pro mlad\u00e9 ne-Evropany se z\u00fa\u010dastnilo 5 zmaten\u00fdch virtu\u00e1ln\u00edch jedinc\u016f ne-Evropan\u016f, kte\u0159\u00ed si mysleli, \u017ee jde o pozv\u00e1nku na n\u011bjak\u00fd mejdan, a \u017ee se teprve na t\u00e9to konferenci dozv\u011bd\u00ed, kde a kdy se bude mejdan konat.<\/p>\n<p><a href=\"https:\/\/twitter.com\/vchadw\/status\/1597695719787200514\">Platforma DEVEX<\/a>, kter\u00e1 \u010dinnost Komise EU v technologick\u00e9 oblasti dlouhodob\u011b sleduje, po ve\u010d\u00edrku po\u017e\u00e1dala Komisi EU o vysv\u011btlen\u00ed, pro\u010d za tento nesmysln\u00fd klip zvouc\u00ed na konferenci, kam p\u0159i\u0161lo (virtu\u00e1ln\u011b) 5 ne-Evropan\u016f, utratila 9 675 000 Korun!<\/p>\n<p><img decoding=\"async\" loading=\"lazy\" class=\"size-full wp-image-2151 aligncenter\" src=\"https:\/\/www.michalapetr.com\/wp-content\/uploads\/2022\/12\/FiwnrBBXgAkgmPe.jpg\" sizes=\"(max-width: 451px) 100vw, 451px\" srcset=\"https:\/\/www.michalapetr.com\/wp-content\/uploads\/2022\/12\/FiwnrBBXgAkgmPe.jpg 451w, https:\/\/www.michalapetr.com\/wp-content\/uploads\/2022\/12\/FiwnrBBXgAkgmPe-199x300.jpg 199w, https:\/\/www.michalapetr.com\/wp-content\/uploads\/2022\/12\/FiwnrBBXgAkgmPe-450x678.jpg 450w\" alt=\"\" width=\"451\" height=\"680\" \/><\/p>\n<p>(Z\u00e1b\u011br z Ve\u010d\u00edrku Komise EU pro 5 ne-Evropan\u016f do 35 let za 386 tis\u00edc EUR, po\u0159\u00edzen\u00fd investigativn\u00ed skupinou DEVEX!)<\/p>\n<p>A odpov\u011b\u010f Komise EU v\u0161echny \u0161okovala! Komise prozradila,\u00a0<a href=\"https:\/\/www.politico.eu\/article\/eu-threw-e387k-meta-gala-nobody-came-big-tech\/\">\u017ee vyv\u00edj\u00ed konkuren\u010dn\u00ed platformu virtu\u00e1ln\u00ed METY miliard\u00e1\u0159e Zuckerberga, a \u017ee na jej\u00ed v\u00fdvoj, propagaci a dal\u0161\u00ed nutnou technologickou infrastrukturu hodl\u00e1 jen v Africe do roku 2027 utratit 300 miliard EUR!\u00a0<\/a>\u00a0(7,5 bilionu korun! Nebo tak\u00e9 4 \u010cesk\u00e9 st\u00e1tn\u00ed rozpo\u010dty za 4 roky!)<\/p>\n<p>14. listopadu 2022 vychvalovala v Polsku Mark\u00e9ta Pekarov\u00e1-Adamov\u00e1\u00a0<a href=\"https:\/\/www.rp.pl\/polityka\/art37403871-marketa-pekarova-adamova-trybunal-dla-putina-i-innych\">\u010deskou komisa\u0159ku EU V\u011bru Jourovou<\/a>, a tvrdila, \u017ee je profesion\u00e1lka, kter\u00e1 se ne\u0159\u00edd\u00ed stranickou doktr\u00ednou hnut\u00ed ANO, kter\u00e9 je (skryt\u011b) pro-Rusk\u00e9, jako zr\u00e1dn\u00fd Orb\u00e1n! A tvrdila, \u017ee komisa\u0159ka Jourov\u00e1 v Bruselu tak pro svoji profesionalitu a proti-Ruskou orientaci nep\u0159edstavuje pro \u010ceskou vl\u00e1du \u017e\u00e1dn\u00fd probl\u00e9m!<\/p>\n<p>5. listopadu v \u010cesku Mark\u00e9ta Pekarov\u00e1-Adamov\u00e1 (TOP 09) zase tvrdila,\u00a0<a href=\"https:\/\/www.parlamentnilisty.cz\/arena\/monitor\/-Neni-mozne-pretapet-Pekarova-vysvetlovala-svetr-A-kopla-do-opozice-ze-nechce-setrit-719558\">\u017ee v\u0161ichni bychom se m\u011bli uskromnit, \u017ee vl\u00e1da se sna\u017e\u00ed b\u00fdt p\u0159\u00edkladem toho, kdo se uskrom\u0148uje, a \u017ee \u00fa\u0159ady se uskrom\u0148uj\u00ed \u00fapln\u011b v\u0161echny<\/a>!<\/p>\n<p>A proto bruselsk\u00e1 proti-rusk\u00e1 profesion\u00e1lka Jourov\u00e1 uspo\u0159\u00e1dala virtu\u00e1ln\u00ed ve\u010d\u00edrek pro p\u011bt lid\u00ed za 9 milion\u016f, a chce uspo\u0159\u00e1dat je\u0161t\u011b dal\u0161\u00ed podobn\u00e9 ve\u010d\u00edrky za 7,5 bilionu korun! A to nevad\u00ed? Noste svetry!?<\/p>\n<p>7,5 bilionu korun, kter\u00e9 chce komise EU vyhodit za Africk\u00e9 virtu\u00e1ln\u00ed ve\u010d\u00edrky, plat\u00ed \u010cesk\u00e1 republika podle ust\u00e1len\u00e9 formule ve v\u00fd\u0161i 2-2,5%! \u010ce\u0161i tedy maj\u00ed za tyto virtu\u00e1ln\u00ed ve\u010d\u00edrky zaplatit v p\u0159\u00ed\u0161t\u00edch \u010dty\u0159ech letech 187 miliard korun, a Slov\u00e1ci 4,5 miliardy EUR! A p\u0159edsedkyn\u011b \u010desk\u00e9ho parlamentu Mark\u00e9ta Pekarov\u00e1-Adamov\u00e1 (TOP-09) p\u0159esto pova\u017euje \u010dinnost komisa\u0159ky Jourov\u00e9 (ANO) za profesion\u00e1ln\u00ed pr\u00e1ci!?<\/p>\n<p>Dnes 2.prosince 2022 se v 09.30 hodin kon\u00e1 v Bruselu porada k projektu virtu\u00e1ln\u00edch ve\u010d\u00edrk\u016f pro Afriku (N\u00e1zev projektu EU je Global Gateway). Jsem zv\u011bdav, kdo z \u010desk\u00fdch Europoslanc\u016f a z \u010desk\u00e9 vl\u00e1dy, kter\u00e1 nyn\u00ed p\u0159edsed\u00e1 komisi EU, se na tuto poradu o virtu\u00e1ln\u00edch ve\u010d\u00edrc\u00edch dostav\u00ed, a bude cht\u00edt vysv\u011btlen\u00ed, pro\u010d komise EU po\u0159\u00e1d\u00e1 virtu\u00e1ln\u00ed ve\u010d\u00edrky za miliony pro p\u00e1r ne-Evropan\u016f v dob\u011b, kdy \u010ce\u0161i a Slov\u00e1ci nemaj\u00ed ani na j\u00eddlo, ani na elekt\u0159inu, ani na plyn a ani na teplo!<\/p>\n<p><img decoding=\"async\" loading=\"lazy\" class=\"wp-image-2150 aligncenter\" src=\"https:\/\/www.michalapetr.com\/wp-content\/uploads\/2022\/12\/Fi1_yHQXgA8yqGS.png\" sizes=\"(max-width: 1342px) 100vw, 1342px\" srcset=\"https:\/\/www.michalapetr.com\/wp-content\/uploads\/2022\/12\/Fi1_yHQXgA8yqGS.png 1342w, https:\/\/www.michalapetr.com\/wp-content\/uploads\/2022\/12\/Fi1_yHQXgA8yqGS-300x187.png 300w, https:\/\/www.michalapetr.com\/wp-content\/uploads\/2022\/12\/Fi1_yHQXgA8yqGS-1030x642.png 1030w, https:\/\/www.michalapetr.com\/wp-content\/uploads\/2022\/12\/Fi1_yHQXgA8yqGS-768x478.png 768w, https:\/\/www.michalapetr.com\/wp-content\/uploads\/2022\/12\/Fi1_yHQXgA8yqGS-705x439.png 705w, https:\/\/www.michalapetr.com\/wp-content\/uploads\/2022\/12\/Fi1_yHQXgA8yqGS-450x280.png 450w\" alt=\"\" width=\"642\" height=\"400\" \/><\/p>\n<p>(Pozv\u00e1nka na poradu EU o organizov\u00e1n\u00ed virtu\u00e1ln\u00edch ve\u010d\u00edrk\u016f pro ne-Evropany za 300 miliard EUR!)<\/p>\n<p><em>Ostatn\u011b pr\u00e1v\u011b proto soud\u00edm, \u017ee je t\u0159eba zni\u010dit Bruxelae je\u0161t\u011b d\u0159\u00edve, ne\u017e v\u0161echny pen\u00edze probend\u00ed na ve\u010d\u00edrc\u00edch s ne-Evropany!<\/em><\/p>\n<p><a href=\"https:\/\/www.michalapetr.com\/map-1525-eu-vecirek-pro-5-lidi-za-9-675-000-korun-cesi-maji-letos-setrit-urednici-si-uzivaji\/\">Michael Svato\u0161<\/a><\/p>\n<p><img decoding=\"async\" loading=\"lazy\" class=\"wp-image-19116 aligncenter\" src=\"http:\/\/www.infokuryr.cz\/n\/wp-content\/uploads\/2022\/12\/PRO-LOGO-300x29.jpg\" alt=\"\" width=\"1045\" height=\"101\" srcset=\"https:\/\/www.infokuryr.cz\/n\/wp-content\/uploads\/2022\/12\/PRO-LOGO-300x29.jpg 300w, https:\/\/www.infokuryr.cz\/n\/wp-content\/uploads\/2022\/12\/PRO-LOGO-768x75.jpg 768w, https:\/\/www.infokuryr.cz\/n\/wp-content\/uploads\/2022\/12\/PRO-LOGO.jpg 998w\" sizes=\"(max-width: 1045px) 100vw, 1045px\" \/><\/p>\n","protected":false},"excerpt":{"rendered":"<p>Komise EU uspo\u0159\u00e1dala p\u0159ed p\u00e1r dny slavnostn\u00ed gala ve\u010d\u00edrek pro mlad\u00e9 ne-Evropany ve v\u011bku do&#8230;<\/p>\n","protected":false},"author":2,"featured_media":1024,"comment_status":"closed","ping_status":"closed","sticky":false,"template":"","format":"standard","meta":[],"categories":[6],"tags":[640,41,29,3948],"_links":{"self":[{"href":"https:\/\/www.infokuryr.cz\/n\/wp-json\/wp\/v2\/posts\/19103"}],"collection":[{"href":"https:\/\/www.infokuryr.cz\/n\/wp-json\/wp\/v2\/posts"}],"about":[{"href":"https:\/\/www.infokuryr.cz\/n\/wp-json\/wp\/v2\/types\/post"}],"author":[{"embeddable":true,"href":"https:\/\/www.infokuryr.cz\/n\/wp-json\/wp\/v2\/users\/2"}],"replies":[{"embeddable":true,"href":"https:\/\/www.infokuryr.cz\/n\/wp-json\/wp\/v2\/comments?post=19103"}],"version-history":[{"count":1,"href":"https:\/\/www.infokuryr.cz\/n\/wp-json\/wp\/v2\/posts\/19103\/revisions"}],"predecessor-version":[{"id":19121,"href":"https:\/\/www.infokuryr.cz\/n\/wp-json\/wp\/v2\/posts\/19103\/revisions\/19121"}],"wp:featuredmedia":[{"embeddable":true,"href":"https:\/\/www.infokuryr.cz\/n\/wp-json\/wp\/v2\/media\/1024"}],"wp:attachment":[{"href":"https:\/\/www.infokuryr.cz\/n\/wp-json\/wp\/v2\/media?parent=19103"}],"wp:term":[{"taxonomy":"category","embeddable":true,"href":"https:\/\/www.infokuryr.cz\/n\/wp-json\/wp\/v2\/categories?post=19103"},{"taxonomy":"post_tag","embeddable":true,"href":"https:\/\/www.infokuryr.cz\/n\/wp-json\/wp\/v2\/tags?post=19103"}],"curies":[{"name":"wp","href":"https:\/\/api.w.org\/{rel}","templated":true}]}}