{"id":19097,"date":"2022-12-02T04:43:30","date_gmt":"2022-12-02T03:43:30","guid":{"rendered":"http:\/\/www.infokuryr.cz\/n\/?p=19097"},"modified":"2022-12-02T10:51:11","modified_gmt":"2022-12-02T09:51:11","slug":"dalsi-jaderne-fantasmagorie-cernochove-vyvraceny-dokonce-z-ukrajiny","status":"publish","type":"post","link":"https:\/\/www.infokuryr.cz\/n\/2022\/12\/02\/dalsi-jaderne-fantasmagorie-cernochove-vyvraceny-dokonce-z-ukrajiny\/","title":{"rendered":"Dal\u0161\u00ed jadern\u00e9 fantasmagorie \u010cernochov\u00e9 vyvr\u00e1ceny, dokonce z Ukrajiny!"},"content":{"rendered":"<div id=\"fb-root\"><\/div>\n<div class=\"introtext\">\n<p>Rusko se sna\u017e\u00ed rozpoutat jadernou v\u00e1lku, vyhro\u017euje jadernou v\u00e1lkou, pozor, u\u017e pou\u017e\u00edv\u00e1 jadern\u00e9 st\u0159ely a testuje, vyhro\u017euje, kv\u00edlela pomaten\u00e1 parti\u010dka kolem \u010cernochov\u00e9 a mainstream poslu\u0161n\u011b kv\u00edlel s n\u00ed. Marn\u011b skute\u010dn\u00ed odborn\u00edci vyvraceli dementn\u00ed v\u00fdk\u0159iky \u0161\u00edlen\u00e9 \u010cernochov\u00e9 z ODS.<\/p>\n<\/div>\n<div class=\"fulltext\">\n<p><span style=\"font-size: 18pt;\"><strong>Dokonce i z m\u00e9di\u00ed v USA zn\u011blo vyvracen\u00ed ujet\u00e9 t\u0159\u00edkolky \u010cernochov\u00e1, Leyenov\u00e1, Zelenskyj.<\/strong><\/span><\/p>\n<p>A \u010desk\u00e1 masm\u00e9dia tyto debility klonovala d\u00e1l. Putin je zoufal\u00fd, u\u017e testuje jadern\u00e9 zbran\u011b!<\/p>\n<h3><span style=\"font-size: 18pt;\"><strong>PO\u0160LETE U\u017d SAKRA \u010cERNOCHOVOU DO BL\u00c1ZINCE!<\/strong><\/span><\/h3>\n<h3><span style=\"font-size: 18pt;\"><strong>JADERN\u00c9 ST\u0158ELY?<\/strong><\/span><\/h3>\n<h3><span style=\"font-size: 18pt;\"><strong>U\u017d JE TO VENKU, JAK TO JE!<\/strong><\/span><\/h3>\n<p>A Vrabel roz\u010de\u0159il diskuze, co se vlastn\u011b d\u011bje! M\u00e1me magory na \u00fast\u0159ed\u00ed!<\/p>\n<p>Nyn\u00ed se uk\u00e1zalo, jak to skute\u010dn\u011b bylo a je a co m\u00e1me za odborn\u00edky na ministerstvu v\u00e1lky: \u0161\u00edlence, nebo tupce!<\/p>\n<p>A dokonce sama Ukrajina, a\u010d to z nich leze jak z chlupat\u00e9 deky, vyvrac\u00ed bl\u00e1boly v\u00e1le\u010dn\u00e9 t\u0159\u00edkolky.<\/p>\n<h3><span style=\"font-size: 18pt;\"><strong>Ti Rusov\u00e9 jsou mazan\u011bj\u0161\u00ed, ne\u017e jsme si mysleli.<\/strong><\/span><\/h3>\n<p>O co jde?<\/p>\n<p>Rusov\u00e9 maj\u00ed n\u011bjak\u00e9 sta\u0159i\u010dk\u00e9 rakety typu Ch-55, kter\u00e9 by museli se\u0161rotovat, zlikvidovat a to, jak \u0159\u00edkaj\u00ed arm\u00e1dn\u00ed specialist\u00e9, je n\u00e1kladn\u00e9 a naro\u010dn\u00e9. A tak vymysleli strategii, jak se jich mazan\u011b zbavit a je\u0161t\u011b u\u0161et\u0159it \u0161\u00edlen\u00e9 pen\u00edze. (<em>Pozor, nen\u00ed to pochvala v\u00e1lky, ale strategie, kdy se Rus\u016fm posm\u00edv\u00e1me, co pou\u017e\u00edvaj\u00ed za sta\u0159i\u010dk\u00e9 zbran\u011b a t\u00edm dokazujeme, jak jsou zaostal\u00ed &#8211; a nakonec je v\u0161e jinak, p\u0159esto\u017ee n\u00e1s m\u00e1lem zat\u00e1hla \u010cernochov\u00e1\u00a0 do jadern\u00e9 v\u00e1lky<\/em>)<\/p>\n<h3><span style=\"font-size: 18pt;\">Zpr\u00e1va Unian &#8211; ukrajinsk\u00e9ho gener\u00e1ln\u00edho \u0161t\u00e1bu<\/span><\/h3>\n<p>Mykola Danyljuk z v\u011bdeck\u00e9ho odd\u011blen\u00ed gener\u00e1ln\u00edho \u0161t\u00e1bu ukrajinsk\u00e9 arm\u00e1dy \u0159ekl, \u017ee v Chmelnyck\u00e9 a Lvovsk\u00e9 oblasti byly nalezeny trosky st\u0159el Ch-55, kter\u00e9 rusk\u00e1 arm\u00e1da a\u017e do listopadu p\u0159i \u00fatoc\u00edch na Ukrajinu nepou\u017e\u00edvala. Ani jedna ze st\u0159el nebyla vybavena v\u00fdbu\u0161nou hlavic\u00ed, \u0161kody v\u0161ak vznikly prost\u00fdm n\u00e1razem a vzn\u00edcen\u00edm nespot\u0159ebovan\u00e9ho paliva.<\/p>\n<p><strong>A najednou pochopili:<\/strong>\u00a0Rusov\u00e9 pou\u017e\u00edvaj\u00ed tyto st\u0159ely nikoliv jako nukle\u00e1rn\u00ed hrozbu, ale<strong>\u00a0jako n\u00e1vnadu.<\/strong>\u00a0To je \u0161ok. Po\u0161lou sta\u0159i\u010dkou st\u0159elu (nosi\u010d bez n\u00e1lo\u017ee) let\u00edc\u00ed n\u00edzko nad ter\u00e9nem a Ukrajinci do n\u00ed p\u00e1l\u00ed drah\u00fdmi st\u0159elami Himars\u016f. A kdy\u017e ji sest\u0159el\u00ed, nebo n\u011bkam dopadne, vyp\u00e1l\u00ed Rusov\u00e9 p\u0159esn\u00e9 zbran\u011b modern\u00ed, proto\u017ee v\u011bd\u00ed kam, ani\u017e by museli riskovat \u017eivoty rusk\u00fdch agent\u016f a zlikviduj\u00ed cel\u00e9 hejno Himars\u016f, \u010di dal\u0161\u00ed v\u00fdzbroje a sou\u010dasn\u011b maj\u00ed volnou cestu k likvidaci m\u00edst, kter\u00e9 cht\u011bj\u00ed zas\u00e1hnout. A zat\u00edmco USA tam utr\u00e1cej\u00ed \u0161\u00edlen\u00e9 miliardy dolar\u016f a lid\u00e9 v USA se u\u017e bou\u0159\u00ed, dokonce Republik\u00e1nsk\u00e1 strana to chce zablokovat, Rusov\u00e9 si takto likviduj\u00ed star\u00e9, nepot\u0159ebn\u00e9 zbran\u011b a rakety a drze se posm\u00edvaj\u00ed USA a Evrop\u011b, jak ekonomicky krv\u00e1c\u00ed a lid pl\u00e1\u010de.<\/p>\n<div class=\"info_box cela_sirka jpalert\">\n<div class=\"explanationContent\">&#8222;Z\u00e1m\u011brn\u00e9 odpalov\u00e1n\u00ed t\u011bchto raket m\u00e1 za c\u00edl odv\u00e9st pozornost ukrajinsk\u00e9ho syst\u00e9mu protivzdu\u0161n\u00e9 obrany a vy\u010derpat ho. Modern\u00ed rusk\u00e9 rakety Ch-101 a 3M14 Kalibr se sou\u010dasn\u011b zam\u011b\u0159uj\u00ed na objekty kritick\u00e9 infrastruktury, co\u017e m\u016f\u017ee v\u00fdrazn\u011b zv\u00fd\u0161it \u00fa\u010dinnost jejich pou\u017eit\u00ed,&#8220; uvedl Danyljuk.<\/div>\n<\/div>\n<p>Podle n\u011bj m\u016f\u017ee vyu\u017e\u00edv\u00e1n\u00ed st\u0159el Ch-55 rovn\u011b\u017e poukazovat na vy\u010derp\u00e1n\u00ed rusk\u00fdch z\u00e1sob modern\u00edch \u0159\u00edzen\u00fdch st\u0159el. Jako to tvrd\u00ed r\u00e1doby odborn\u00edci z NATO u\u017e cel\u00e9 m\u011bs\u00edce.<\/p>\n<p><strong>Bu\u010f\u00a0 jak bu\u010f, ve vzduchu vis\u00ed ot\u00e1zka:<\/strong>\u00a0plat\u00edme NATO obrovsk\u00e9, neskute\u010dn\u011b obrovsk\u00e9 pen\u00edze, kter\u00e9 p\u0159epos\u00edlaj\u00ed do USA, m\u00edsto informac\u00ed, aby lid\u00e9 nem\u011bli strach? USA \u0161\u00edlen\u011b chudnou, lid\u00e9 tam nemaj\u00ed na j\u00eddlo, bydlen\u00ed, energie, dokonce ani na l\u00e9ka\u0159e a \u0161koly, ale americk\u00e9 zbrojovky mlaskaj\u00ed a chrochtaj\u00ed blahem, jak ti tupci jim tam pos\u00edlaj\u00ed v\u00edc a v\u00edc. Bohu\u017eel ti tupci jsme d\u00edky Fialovi a \u010cernochov\u00e9 i my, lid\u00e9. A p\u0159itom ta \u00fa\u017easn\u00e9 generalita Stoltenberg\u016f a gener\u00e1l\u016f Petr\u016f Pavl\u016f nen\u00ed schopna tuto strategii odhalit d\u0159\u00edv a Rusko z nich ud\u011bl\u00e1 jelimany za na\u0161e pen\u00edze!<\/p>\n<p><strong>Dal\u0161\u00ed bublina splaskla.<\/strong>\u00a0Jak ov\u011b\u0159it v\u011brohodnosti v\u00e1le\u010dn\u00fdch magor\u016f a jejich klonova\u010d\u016f v masm\u00e9di\u00edch, kdy nen\u00ed jedin\u00e1 snad \u00fa\u017easn\u00e1 stra\u0161ideln\u00e1 zpr\u00e1va, kter\u00e1 se zm\u011bn\u00ed z d\u011bsiv\u00e9 informace na tupou, dezinforma\u010dn\u00ed propagandu, dokonce vyvr\u00e1cenou (mo\u017en\u00e1 necht\u011bn\u011b, proto\u017ee chv\u00e1l\u00ed strategii Ruska) samotn\u00fdmi experty z Ukrajiny?<\/p>\n<p><strong>Tak\u017ee ukrajinsk\u00e1 raketa v Polsku a \u010cernochov\u00e1 u\u017e v\u00e1l\u010dila\u00a0 m\u00e1lem mobilizac\u00ed s \u0158ehkou<\/strong>, dal\u0161\u00ed zpr\u00e1va o jadern\u00fdch zbran\u00edch a dal\u0161\u00ed \u0161\u00edlen\u00e1 bublina splaskla! Kdyby se jednalo o &#8222;n\u011bjak\u00e9 dezinformace&#8220;, ale zde \u010cernochov\u00e1 m\u00e1lem \u017eene ob\u010dany do v\u00e1lky, mlad\u00ed u\u017e hledaj\u00ed cestu, jak nenarukovat a to v\u0161e d\u00edky magorovi na ministerstvu v\u00e1lky? V\u00e1\u017en\u011b je to \u017eena a nav\u00edc z psychicky vy\u0161et\u0159en\u00e1?<\/p>\n<h3><span style=\"font-size: 18pt;\"><strong>TO JE \u0160\u00cdLEN\u00c9! T\u0159i \u0161\u00edlenci n\u00e1s na\u017eenou do v\u00e1lky na podklad\u011b dezinformac\u00ed a neschopnosti v\u00e9st st\u00e1t?<\/strong><\/span><\/h3>\n<p><a href=\"https:\/\/www.skrytapravda.cz\/z-domova\/934-dalsi-jaderne-fantasmagorie-cernochove-vyvraceny-dokonce-z-ukrajiny\">Petr Pokorn\u00fd<\/a><\/p>\n<p><img decoding=\"async\" loading=\"lazy\" class=\"wp-image-19116 aligncenter\" src=\"http:\/\/www.infokuryr.cz\/n\/wp-content\/uploads\/2022\/12\/PRO-LOGO-300x29.jpg\" alt=\"\" width=\"972\" height=\"94\" srcset=\"https:\/\/www.infokuryr.cz\/n\/wp-content\/uploads\/2022\/12\/PRO-LOGO-300x29.jpg 300w, https:\/\/www.infokuryr.cz\/n\/wp-content\/uploads\/2022\/12\/PRO-LOGO-768x75.jpg 768w, https:\/\/www.infokuryr.cz\/n\/wp-content\/uploads\/2022\/12\/PRO-LOGO.jpg 998w\" sizes=\"(max-width: 972px) 100vw, 972px\" \/><\/p>\n<\/div>\n","protected":false},"excerpt":{"rendered":"<p>Rusko se sna\u017e\u00ed rozpoutat jadernou v\u00e1lku, vyhro\u017euje jadernou v\u00e1lkou, pozor, u\u017e pou\u017e\u00edv\u00e1 jadern\u00e9 st\u0159ely a&#8230;<\/p>\n","protected":false},"author":2,"featured_media":19098,"comment_status":"closed","ping_status":"closed","sticky":false,"template":"","format":"standard","meta":[],"categories":[6],"tags":[2854,28,1652],"_links":{"self":[{"href":"https:\/\/www.infokuryr.cz\/n\/wp-json\/wp\/v2\/posts\/19097"}],"collection":[{"href":"https:\/\/www.infokuryr.cz\/n\/wp-json\/wp\/v2\/posts"}],"about":[{"href":"https:\/\/www.infokuryr.cz\/n\/wp-json\/wp\/v2\/types\/post"}],"author":[{"embeddable":true,"href":"https:\/\/www.infokuryr.cz\/n\/wp-json\/wp\/v2\/users\/2"}],"replies":[{"embeddable":true,"href":"https:\/\/www.infokuryr.cz\/n\/wp-json\/wp\/v2\/comments?post=19097"}],"version-history":[{"count":0,"href":"https:\/\/www.infokuryr.cz\/n\/wp-json\/wp\/v2\/posts\/19097\/revisions"}],"wp:featuredmedia":[{"embeddable":true,"href":"https:\/\/www.infokuryr.cz\/n\/wp-json\/wp\/v2\/media\/19098"}],"wp:attachment":[{"href":"https:\/\/www.infokuryr.cz\/n\/wp-json\/wp\/v2\/media?parent=19097"}],"wp:term":[{"taxonomy":"category","embeddable":true,"href":"https:\/\/www.infokuryr.cz\/n\/wp-json\/wp\/v2\/categories?post=19097"},{"taxonomy":"post_tag","embeddable":true,"href":"https:\/\/www.infokuryr.cz\/n\/wp-json\/wp\/v2\/tags?post=19097"}],"curies":[{"name":"wp","href":"https:\/\/api.w.org\/{rel}","templated":true}]}}