{"id":19094,"date":"2022-12-02T04:21:40","date_gmt":"2022-12-02T03:21:40","guid":{"rendered":"http:\/\/www.infokuryr.cz\/n\/?p=19094"},"modified":"2022-12-02T10:52:49","modified_gmt":"2022-12-02T09:52:49","slug":"ceska-ministryne-obrany-neprimo-potvrdila-ze-ceska-armada-chysta-valku-proti-rusku","status":"publish","type":"post","link":"https:\/\/www.infokuryr.cz\/n\/2022\/12\/02\/ceska-ministryne-obrany-neprimo-potvrdila-ze-ceska-armada-chysta-valku-proti-rusku\/","title":{"rendered":"\u010cesk\u00e1 ministryn\u011b obrany nep\u0159\u00edmo potvrdila, \u017ee \u010desk\u00e1 arm\u00e1da chyst\u00e1 v\u00e1lku proti Rusku!"},"content":{"rendered":"<div id=\"fb-root\"><\/div>\n<h4>\u010cesk\u00e1 ministryn\u011b obrany nep\u0159\u00edmo potvrdila, \u017ee \u010desk\u00e1 arm\u00e1da chyst\u00e1 v\u00e1lku proti Rusku! Jej\u00ed lid\u00e9 budou z ukrajinsk\u00fdch voj\u00e1k\u016f b\u011bhem jejich v\u00fdcviku v \u010cR vyt\u011b\u017eovat zpravodajsk\u00e9 informace o tom, jak bojuje Rusk\u00e1 arm\u00e1da na Ukrajin\u011b a jak\u00e9 m\u00e1 slabiny, v\u011bt\u0161ina z n\u00e1s ty informace ocen\u00ed, prohl\u00e1sila ministryn\u011b! Po \u0161\u00edlen\u00fdch v\u00fdroc\u00edch n\u00e1\u010deln\u00edka gener\u00e1ln\u00edho \u0161t\u00e1bu o p\u0159\u00edprav\u011b na v\u00e1lku s Ruskem je to dal\u0161\u00ed politick\u00e9 prohl\u00e1\u0161en\u00ed, kter\u00e9 potvrzuje p\u0159\u00edpravy A\u010cR na zapojen\u00ed do operac\u00ed na Ukrajin\u011b! Kdo vlastn\u011b bude koho cvi\u010dit v \u010cesku? Nen\u00ed to n\u00e1hodou naopak, \u017ee Ukrajinci budou \u0161kolit \u010desk\u00e9 voj\u00e1ky, co \u010dekat od Rus\u016f na Ukrajin\u011b?<\/h4>\n<p>A je to tady znovu a op\u011bt dal\u0161\u00ed skand\u00e1l! Kdy\u017e minul\u00fd t\u00fdden n\u00e1\u010deln\u00edk gener\u00e1ln\u00edho \u0161t\u00e1bu A\u010cR Karel \u0158ehka hovo\u0159il\u00a0<strong>[<a href=\"https:\/\/aeronet.news\/a-je-to-tady-nacelnik-generalniho-stabu-acr-prohlasil-ze-cesko-se-musi-pripravit-na-valku-s-ruskem-a-ve-chvili-kdy-vypuknou-boje-tak-ceska-armada-pry-bude-aktivnim-ucastnikem-valky-od-prvni-minuty\/\">1<\/a>]<\/strong>\u00a0o tom, \u017ee se \u010desk\u00e1 arm\u00e1da mus\u00ed p\u0159ipravit na v\u00e1lku s Ruskem, tak se nejednalo jenom o n\u00e1hodn\u00fd v\u00fdrok, ale bylo to potvrzen\u00ed \u0161\u00edlen\u00e9ho a zat\u00edm utajen\u00e9ho procesu, na jeho\u017e konci m\u00e1 b\u00fdt zapojen\u00ed A\u010cR do v\u00e1lky na Ukrajin\u011b v n\u011bjak\u00e9 form\u011b, kter\u00e1 dosud nen\u00ed zcela jasn\u00e1.<\/p>\n<p><strong>V \u00fater\u00fd poslaneck\u00e1 sn\u011bmovna odhlasovala [<a href=\"https:\/\/href.li\/?https:\/\/www.psp.cz\/sqw\/hlasy.sqw?G=79196\" target=\"_blank\" rel=\"nofollow noopener\">2<\/a>] usnesen\u00ed o v\u00fdcviku p\u0159ibli\u017en\u011b 4 000 ukrajinsk\u00fdch voj\u00e1k\u016f, kte\u0159\u00ed v roce 2023 p\u0159ijedou do \u010cR a v celkem 5 turnusech po zhruba 800 ukrajinsk\u00fdch voj\u00e1c\u00edch<\/strong>\u00a0v ka\u017ed\u00e9m z turnus\u016f budou cvi\u010den\u00ed a \u0161koleni pro boj. Alespo\u0148 takto to p\u0159ednesla ve sn\u011bmovn\u011b ministryn\u011b obrany Jana \u010cernochov\u00e1\u00a0<strong>[<a href=\"https:\/\/href.li\/?https:\/\/www.novinky.cz\/clanek\/domaci-ukrajinsti-vojaci-se-zucastni-vycviku-v-cr-naklady-cini-temer-miliardu-korun-40414775\" target=\"_blank\" rel=\"nofollow noopener\">3<\/a>]<\/strong>. A cel\u00e9 to bude st\u00e1t 1 miliardu korun\u00a0<strong>[<a href=\"https:\/\/href.li\/?https:\/\/www.novinky.cz\/clanek\/domaci-ukrajinsti-vojaci-se-zucastni-vycviku-v-cr-naklady-cini-temer-miliardu-korun-40414775\" target=\"_blank\" rel=\"nofollow noopener\">4<\/a>]<\/strong>\u00a0a pen\u00edze na to p\u016fjdou bez ohledu na deficit st\u00e1tn\u00edho rozpo\u010dtu.<\/p>\n<figure id=\"attachment_53876\" class=\"wp-caption aligncenter\" style=\"width: 698px;\"><a href=\"https:\/\/aeronet.news\/wp-content\/uploads\/JanaCernochovaTankKabelka.jpg\"><img decoding=\"async\" loading=\"lazy\" class=\"wp-image-53876 \" src=\"https:\/\/aeronet.news\/wp-content\/uploads\/JanaCernochovaTankKabelka-1024x576.jpg\" sizes=\"(max-width: 700px) 100vw, 700px\" srcset=\"https:\/\/aeronet.news\/wp-content\/uploads\/JanaCernochovaTankKabelka-1024x576.jpg 1024w, https:\/\/aeronet.news\/wp-content\/uploads\/JanaCernochovaTankKabelka-300x169.jpg 300w, https:\/\/aeronet.news\/wp-content\/uploads\/JanaCernochovaTankKabelka-768x432.jpg 768w, https:\/\/aeronet.news\/wp-content\/uploads\/JanaCernochovaTankKabelka-700x394.jpg 700w, https:\/\/aeronet.news\/wp-content\/uploads\/JanaCernochovaTankKabelka-635x357.jpg 635w, https:\/\/aeronet.news\/wp-content\/uploads\/JanaCernochovaTankKabelka-859x483.jpg 859w, https:\/\/aeronet.news\/wp-content\/uploads\/JanaCernochovaTankKabelka.jpg 1280w\" alt=\"\" width=\"698\" height=\"393\" \/><\/a><figcaption class=\"wp-caption-text\">Jana \u010cernochov\u00e1, ministryn\u011b s tankem v kabelce<\/figcaption><\/figure>\n<p>Pro usnesen\u00ed o v\u00fdcviku zvedli ruku v\u0161ichni poslanci, s v\u00fdjimkou poslanc\u016f za SPD, kte\u0159\u00ed kone\u010dn\u011b \u0161li do sebe a jasn\u011b hlasovali proti, nikdo se nezdr\u017eel. To samo o sob\u011b ukazuje, jak kritick\u00e1 je situace a tohle u\u017e opravdu nen\u00ed legrace. Zd\u00e1lo by se, \u017ee ministryn\u011b prost\u011b jede politiku Lond\u00fdna, \u017ee kdy\u017e se m\u016f\u017eou cvi\u010dit ukrajin\u0161t\u00ed voj\u00e1ci ve Velk\u00e9 Brit\u00e1nii, pro\u010d by se nemohli cvi\u010dit i v \u010cesku? Ano, zd\u00e1lo se, \u017ee to je pr\u00e1v\u011b ta motivace opi\u010dit se po Lond\u00fdnu. Jen\u017ee, to by \u010cernochov\u00e1 nesm\u011bla v \u00fater\u00fd d\u00e1t rozhovor\u00a0<strong>[<a href=\"https:\/\/href.li\/?https:\/\/www.novinky.cz\/clanek\/domaci-poslanci-schvalili-vycvik-ukrajinskych-vojaku-v-cr-40415959\" target=\"_blank\" rel=\"nofollow noopener\">5<\/a>]<\/strong>\u00a0pro server Novinky, ve kter\u00e9m odp\u00e1lila doslova termonukle\u00e1rn\u00ed informa\u010dn\u00ed bombu, a\u017e lidem popadaly hodiny ze zd\u00ed.<\/p>\n<h6><span style=\"font-size: 18pt;\">\u010cernochov\u00e1 to vypustila ven na pln\u00e1 \u00fasta, bude se toti\u017e od Ukrajinc\u016f zji\u0161\u0165ovat, jak bojovat proti Rusk\u00e9 arm\u00e1d\u011b!<\/span><\/h6>\n<p>Ministryn\u011b \u010cernochov\u00e1 toti\u017e novin\u00e1\u0159\u016fm sd\u011blila n\u011bco, co asi m\u011blo z\u016fstat utajen\u00e9 a skryt\u00e9, proto\u017ee doslova \u0159ekla toto:\u00a0\u201c<em><strong>P\u0159i v\u00fdcviku voj\u00e1k\u016f z\u00edsk\u00e1 i na\u0161e arm\u00e1da zku\u0161enosti od Ukrajinc\u016f. Budeme z\u00edsk\u00e1vat informace p\u0159\u00edmo od ukrajinsk\u00fdch z\u00e1stupc\u016f. Budeme l\u00e9pe v\u011bd\u011bt, jak Rusov\u00e9 bojuj\u00ed a jak\u00e9 maj\u00ed slab\u00e9 a siln\u00e9 str\u00e1nky. To mysl\u00edm, \u017ee v\u011bt\u0161ina z n\u00e1s ocen\u00ed,<\/strong><\/em>\u201c\u00a0uvedla ministryn\u011b. A je to venku! Cel\u00e1 ta ma\u0161kar\u00e1da se cvi\u010den\u00edm zhruba 4 000 ukrajinsk\u00fdch voj\u00e1k\u016f je ve skute\u010dnosti mask\u00edrovka, kter\u00e1 m\u00e1 zakr\u00fdt skute\u010dn\u00fd \u00fa\u010del pobytu ukrajinsk\u00fdch voj\u00e1k\u016f v \u010cR. Budou toti\u017e podle v\u0161eho cvi\u010dit \u010desk\u00e9 voj\u00e1ky a p\u0159ed\u00e1vat jim informace o v\u00e1lce na Ukrajin\u011b a o tom, jak je pot\u0159eba bojovat a v\u00e1l\u010dit s Ruskou arm\u00e1dou.<\/p>\n<figure id=\"attachment_51551\" class=\"wp-caption aligncenter\" style=\"width: 695px;\"><a href=\"https:\/\/aeronet.news\/wp-content\/uploads\/JanaCernochovaBVP.jpg\"><img decoding=\"async\" loading=\"lazy\" class=\"wp-image-51551 \" src=\"https:\/\/aeronet.news\/wp-content\/uploads\/JanaCernochovaBVP-1024x640.jpg\" sizes=\"(max-width: 700px) 100vw, 700px\" srcset=\"https:\/\/aeronet.news\/wp-content\/uploads\/JanaCernochovaBVP-1024x640.jpg 1024w, https:\/\/aeronet.news\/wp-content\/uploads\/JanaCernochovaBVP-300x188.jpg 300w, https:\/\/aeronet.news\/wp-content\/uploads\/JanaCernochovaBVP-768x480.jpg 768w, https:\/\/aeronet.news\/wp-content\/uploads\/JanaCernochovaBVP-700x438.jpg 700w, https:\/\/aeronet.news\/wp-content\/uploads\/JanaCernochovaBVP-571x357.jpg 571w, https:\/\/aeronet.news\/wp-content\/uploads\/JanaCernochovaBVP-773x483.jpg 773w, https:\/\/aeronet.news\/wp-content\/uploads\/JanaCernochovaBVP.jpg 1280w\" alt=\"\" width=\"695\" height=\"435\" \/><\/a><figcaption class=\"wp-caption-text\">Jana \u010cernochov\u00e1 v transport\u00e9ru<\/figcaption><\/figure>\n<p>Ministryn\u011b nepokryt\u011b p\u0159iznala, \u017ee obrana bude vyt\u011b\u017eovat z Ukrajinc\u016f vojensk\u00e9 zpravodajsk\u00e9 informace o Rusk\u00e9 arm\u00e1d\u011b, co\u017e jsou\u00a0<strong>informace, kter\u00e9 jsou nezbytn\u00e9 pro p\u0159\u00edpravu A\u010cR na v\u00e1lku s Ruskem, o \u010dem\u017e minul\u00fd t\u00fdden hovo\u0159il pr\u00e1v\u011b n\u00e1\u010deln\u00edk gen\u0161t\u00e1bu Karel \u0158ehka<\/strong>. A \u010cernochov\u00e1 to zabej\u010dila je\u0161t\u011b v\u00fdrokem, \u017ee v\u011bt\u0161ina z n\u00e1s (my\u0161leno na ministerstvu obrany) ty informace od ukrajinsk\u00fdch voj\u00e1k\u016f o Rusech ocen\u00ed. Takhle narovinu to pr\u00e1skla ministryn\u011b \u00fapln\u011b na komoru, jako by se nechumelilo. Ona u\u017e si dokonce ani ned\u00e1v\u00e1 pozor na \u00fasta, proto\u017ee m\u00e1 pocit, \u017ee u\u017e se m\u016f\u017ee \u0159\u00edkat v\u0161echno nepokryt\u011b, \u017ee v\u00e1lka s Rusem prost\u011b bude.<\/p>\n<h6><span style=\"font-size: 18pt;\">Podle v\u0161eho to sp\u00ed\u0161 vypad\u00e1, \u017ee Ukrajinci budou na \u00fatvarech \u0161kolit \u010desk\u00e9 voj\u00e1ky o tom, jak se p\u0159ipravit proti Rusk\u00e9 arm\u00e1d\u011b<\/span><\/h6>\n<p>Kdy\u017e si d\u00e1me dohromady v\u00fdroky n\u00e1\u010deln\u00edka \u0158ehka s v\u00fdrokem ministryn\u011b \u010cernochov\u00e9, za\u010dne n\u00e1m z toho vyl\u00e9zat \u00fapln\u011b nov\u00fd a d\u011bsiv\u00fd obraz p\u0159\u00edpravy na v\u00e1lku s Ruskem. A nen\u00ed to p\u0159\u00edprava u\u017e jen teoretick\u00e1 a r\u00e9torick\u00e1, ale skute\u010dn\u00e1 a praktick\u00e1. Te\u010f se ale nab\u00edz\u00ed ot\u00e1zka, kdo vlastn\u011b bude koho cvi\u010dit? Co m\u016f\u017ee nab\u00eddnout \u010desk\u00e1 arm\u00e1da ukrajinsk\u00fdm voj\u00e1k\u016fm, kte\u0159\u00ed jsou ve v\u00e1lce s Ruskem? Jak\u00fd v\u00fdcvik? Copak A\u010cR m\u00e1 zku\u0161enosti s bojem v otev\u0159en\u00e9m konfliktu?<\/p>\n<p>Pro\u010d se bude jednat o v\u00fdcvik jen 4 000 voj\u00e1k\u016f, kdy\u017e nav\u00edc do \u010cR nep\u0159ijedou nar\u00e1z, ale v celkem 5 turnusech po cca. 800 voj\u00e1c\u00edch? Britov\u00e9 nar\u00e1z cvi\u010dili 20 000 Ukrajinc\u016f, \u010cesko bude nar\u00e1z cvi\u010dit jen 800 Ukrajinc\u016f. Zkusme se nad t\u00edm zamyslet.\u00a0<strong>Kdy\u017e chcete v\u00e1lku s Ruskem a chcete poslat \u010desk\u00e9 voj\u00e1ky na Ukrajinu do v\u00e1lky proti Rusk\u00e9 arm\u00e1d\u011b, co budete pot\u0159ebovat?<\/strong>\u00a0No p\u0159ece logicky v\u00fdcvik a pr\u016fpravu p\u0159ed nasazen\u00edm do boje. A k tomu jsou pot\u0159eba ukrajin\u0161t\u00ed voj\u00e1ci, kte\u0159\u00ed v\u00e1m p\u0159edaj\u00ed zku\u0161enosti.<\/p>\n<figure id=\"attachment_50830\" class=\"wp-caption aligncenter\" style=\"width: 698px;\"><a href=\"https:\/\/aeronet.news\/wp-content\/uploads\/UA_Domobrana.jpg\"><img decoding=\"async\" loading=\"lazy\" class=\"wp-image-50830 \" src=\"https:\/\/aeronet.news\/wp-content\/uploads\/UA_Domobrana-1024x682.jpg\" sizes=\"(max-width: 700px) 100vw, 700px\" srcset=\"https:\/\/aeronet.news\/wp-content\/uploads\/UA_Domobrana-1024x682.jpg 1024w, https:\/\/aeronet.news\/wp-content\/uploads\/UA_Domobrana-300x200.jpg 300w, https:\/\/aeronet.news\/wp-content\/uploads\/UA_Domobrana-768x512.jpg 768w, https:\/\/aeronet.news\/wp-content\/uploads\/UA_Domobrana-700x466.jpg 700w, https:\/\/aeronet.news\/wp-content\/uploads\/UA_Domobrana-536x357.jpg 536w, https:\/\/aeronet.news\/wp-content\/uploads\/UA_Domobrana-725x483.jpg 725w, https:\/\/aeronet.news\/wp-content\/uploads\/UA_Domobrana.jpg 1280w\" alt=\"\" width=\"698\" height=\"465\" \/><\/a><figcaption class=\"wp-caption-text\">Ukrajin\u0161t\u00ed voj\u00e1ci<\/figcaption><\/figure>\n<p>A k p\u0159ed\u00e1v\u00e1n\u00ed zku\u0161enost\u00ed sta\u010d\u00ed v jednom turnusu zhruba 800 voj\u00e1k\u016f na celou \u010cR, kte\u0159\u00ed se rozjedou po skupink\u00e1ch po \u010desk\u00fdch pos\u00e1dk\u00e1ch a \u00fatvarech a za\u010dnou \u0161kolit a p\u0159ed\u00e1vat informace \u010desk\u00fdm voj\u00e1k\u016fm. Ch\u00e1pete? Tohle nevypad\u00e1 na v\u00fdcvik ukrajinsk\u00e9 arm\u00e1dy \u010desk\u00fdmi instruktory, ale sp\u00ed\u0161 na v\u00fdcvik \u010desk\u00fdch pos\u00e1dek na \u00fatvarech ukrajinsk\u00fdmi voj\u00e1ky, kte\u0159\u00ed p\u0159edaj\u00ed pos\u00e1dk\u00e1m informace o tom, jak bojuj\u00ed Rusov\u00e9, jakou maj\u00ed taktiku, jak je pot\u0159eba se p\u0159ipravit a tak d\u00e1le.<\/p>\n<p><strong>Tito Ukrajinci potom budou cvi\u010dit s \u010desk\u00fdmi voj\u00e1ky a budou jim ukazovat, jak to funguje v boji. A pr\u00e1v\u011b k tomu jsou ti ukrajin\u0161t\u00ed voj\u00e1ci rozd\u011bleni do miniaturn\u00edch turnus\u016f po 800 voj\u00e1c\u00edch.<\/strong>\u00a0Prvn\u00ed turnus budou ukrajin\u0161t\u00ed voj\u00e1ci z p\u011bchoty. Druh\u00fd turnus budou \u017eenist\u00e9. T\u0159et\u00ed turnus ukrajinsk\u00e9 PVO jednotky, dronist\u00e9 atd. P\u0159i ka\u017ed\u00e9m turnusu ukrajin\u0161t\u00ed voj\u00e1ci pro\u0161kol\u00ed jin\u00e9 \u010desk\u00e9 vojensk\u00e9 \u00fatvary s jinou specializac\u00ed. A k tomu p\u0159esn\u011b sta\u010d\u00ed t\u011bch 800 Ukrajinc\u016f v ka\u017ed\u00e9m turnusu.<\/p>\n<h6><span style=\"font-size: 18pt;\">Nov\u00e1 \u0158ehkova doktr\u00edna o p\u0159\u00edprav\u011b na v\u00e1lku s Ruskem pot\u0159ebuje nezbytn\u011b bojov\u00e9 informace o Rusech z fronty od ukrajinsk\u00fdch voj\u00e1k\u016f<\/span><\/h6>\n<p>Ukrajin\u0161t\u00ed voj\u00e1ci budou vyt\u011b\u017eeni a p\u0159edaj\u00ed informace \u010desk\u00e9 p\u011bchot\u011b, motost\u0159elc\u016fm, protivzdu\u0161n\u00e9 obran\u011b, \u017eenist\u016fm atd. Jak prohl\u00e1sila \u010cernochov\u00e1: \u201c<em>Budeme z\u00edsk\u00e1vat informace p\u0159\u00edmo od ukrajinsk\u00fdch z\u00e1stupc\u016f. Budeme l\u00e9pe v\u011bd\u011bt, jak Rusov\u00e9 bojuj\u00ed a jak\u00e9 maj\u00ed slab\u00e9 a siln\u00e9 str\u00e1nky\u2026<\/em>\u201d Ano, p\u0159esn\u011b tak!<\/p>\n<p><strong>B\u011bhem t\u011bch 5 turnus\u016f z\u00edskaj\u00ed jednotliv\u00e9 \u010desk\u00e9 \u00fatvary vojensk\u00e9 zpravodajsk\u00e9 informace o taktice a o boji Rusk\u00e9 arm\u00e1dy, kter\u00e9 n\u00e1\u010deln\u00edk gen\u0161t\u00e1bu \u0158ehka zakomponuje do nov\u00e9 doktr\u00edny p\u0159\u00edpravy na v\u00e1lku s Ruskem<\/strong>. Zapad\u00e1 to do sebe naprosto dokonale a ministryn\u011b to sv\u00fdmi v\u00fdroky dokonce nep\u0159\u00edmo potvrdila. Ti ukrajin\u0161t\u00ed voj\u00e1ci se prost\u011b budou v \u010cR vyt\u011b\u017eovat na jednotliv\u00fdch \u00fatvarech a pos\u00e1dk\u00e1ch, budou u\u010dit \u010desk\u00e9 voj\u00e1ky stylu rusk\u00e9ho boje, aby dok\u00e1zali po vstupu na Ukrajinu proti Rus\u016fm bojovat.<\/p>\n<div class=\"twitter-tweet twitter-tweet-rendered\"><iframe id=\"twitter-widget-0\" class=\"\" title=\"Twitter Tweet\" src=\"https:\/\/platform.twitter.com\/embed\/Tweet.html?dnt=true&amp;embedId=twitter-widget-0&amp;features=eyJ0ZndfdGltZWxpbmVfbGlzdCI6eyJidWNrZXQiOlsibGlua3RyLmVlIiwidHIuZWUiLCJ0ZXJyYS5jb20uYnIiLCJ3d3cubGlua3RyLmVlIiwid3d3LnRyLmVlIiwid3d3LnRlcnJhLmNvbS5iciJdLCJ2ZXJzaW9uIjpudWxsfSwidGZ3X2hvcml6b25fdGltZWxpbmVfMTIwMzQiOnsiYnVja2V0IjoidHJlYXRtZW50IiwidmVyc2lvbiI6bnVsbH0sInRmd190d2VldF9lZGl0X2JhY2tlbmQiOnsiYnVja2V0Ijoib24iLCJ2ZXJzaW9uIjpudWxsfSwidGZ3X3JlZnNyY19zZXNzaW9uIjp7ImJ1Y2tldCI6Im9uIiwidmVyc2lvbiI6bnVsbH0sInRmd19jaGluX3BpbGxzXzE0NzQxIjp7ImJ1Y2tldCI6ImNvbG9yX2ljb25zIiwidmVyc2lvbiI6bnVsbH0sInRmd190d2VldF9yZXN1bHRfbWlncmF0aW9uXzEzOTc5Ijp7ImJ1Y2tldCI6InR3ZWV0X3Jlc3VsdCIsInZlcnNpb24iOm51bGx9LCJ0Zndfc2Vuc2l0aXZlX21lZGlhX2ludGVyc3RpdGlhbF8xMzk2MyI6eyJidWNrZXQiOiJpbnRlcnN0aXRpYWwiLCJ2ZXJzaW9uIjpudWxsfSwidGZ3X2V4cGVyaW1lbnRzX2Nvb2tpZV9leHBpcmF0aW9uIjp7ImJ1Y2tldCI6MTIwOTYwMCwidmVyc2lvbiI6bnVsbH0sInRmd19kdXBsaWNhdGVfc2NyaWJlc190b19zZXR0aW5ncyI6eyJidWNrZXQiOiJvbiIsInZlcnNpb24iOm51bGx9LCJ0ZndfdmlkZW9faGxzX2R5bmFtaWNfbWFuaWZlc3RzXzE1MDgyIjp7ImJ1Y2tldCI6InRydWVfYml0cmF0ZSIsInZlcnNpb24iOm51bGx9LCJ0Zndfc2hvd19ibHVlX3ZlcmlmaWVkX2JhZGdlIjp7ImJ1Y2tldCI6Im9uIiwidmVyc2lvbiI6bnVsbH0sInRmd19yZWxhdGVkX3ZpZGVvc18xNTEyOCI6eyJidWNrZXQiOiJmZXdfdmlkcyIsInZlcnNpb24iOjJ9LCJ0ZndfdHdlZXRfZWRpdF9mcm9udGVuZCI6eyJidWNrZXQiOiJvbiIsInZlcnNpb24iOm51bGx9fQ%3D%3D&amp;frame=false&amp;hideCard=false&amp;hideThread=false&amp;id=1597655247572570112&amp;lang=cs&amp;origin=https%3A%2F%2Faeronet.news%2Fceska-ministryne-obrany-neprimo-potvrdila-ze-ceska-armada-chysta-valku-proti-rusku-jeji-lide-budou-z-ukrajinskych-vojaku-behem-jejich-vycviku-v-cr-vytezovat-zpravodajske-informace%2F&amp;sessionId=459ac5bcb0924e0e16367029262aa1ce74ca8d0a&amp;theme=light&amp;widgetsVersion=a3525f077c700%3A1667415560940&amp;width=550px\" frameborder=\"0\" scrolling=\"no\" allowfullscreen=\"allowfullscreen\" data-tweet-id=\"1597655247572570112\" data-mce-fragment=\"1\"><\/iframe><\/div>\n<p>Pokud by n\u011bkdo cht\u011bl opravdu cvi\u010dit ukrajinsk\u00e9 brance v \u010cR, potom by se nejednalo o 800-\u010dlenn\u00e9 turnusy, kter\u00e9 Ukrajin\u011b ne\u0159e\u0161\u00ed v\u016fbec nic vzhledem k tomu, jak\u00e9 m\u00e1 Kyjev ztr\u00e1ty ve v\u00e1lce. Nar\u00e1z by se tak cvi\u010dilo alespo\u0148 5 nebo 8 tis\u00edc ukrajinsk\u00fdch branc\u016f v \u010cR, aby to m\u011blo v\u00fdznam. Ale pozor, je tu dal\u0161\u00ed h\u00e1\u010dek. Jestlipak v\u00edte, jak\u00fd?\u00a0<strong>No p\u0159ece na \u010dem se budou ti Ukrajinci u\u010dit? \u010cesk\u00e1 arm\u00e1da pou\u017e\u00edv\u00e1 Pandury a starou ruskou techniku ji\u017e A\u010cR odevzdala Ukrajin\u011b do v\u00e1lky, tak\u017ee Ukrajinci nebudou m\u00edt v \u010cR na \u010dem cvi\u010dit.<\/strong><\/p>\n<p>Britov\u00e9 nap\u0159. cvi\u010dili Ukrajince pouze v tom, jak ovl\u00e1dat protitankov\u00e9 britsk\u00e9 syst\u00e9my NLAW a rovn\u011b\u017e britsk\u00e1 d\u011bla, houfnice a obrn\u011bn\u00e1 auta Mastiff, Husky a Wolfhound. Jen\u017ee, na co a na jak\u00fd typ techniky bude u\u010dit skupinky Ukrajinc\u016f \u010cernochov\u00e1 a jej\u00ed arm\u00e1da? Budou je u\u010dit po\u0159adov\u00e1 cvi\u010den\u00ed na buzer\u00e1ku s \u010desk\u00fdmi SA-58 v ruk\u00e1ch? Tohle je p\u0159ece nesmysl u\u017e na prvn\u00ed pohled.<\/p>\n<h6><span style=\"font-size: 18pt;\">Ukrajin\u0161t\u00ed voj\u00e1ci v \u010cesku nemohou cvi\u010dit, nemaj\u00ed toti\u017e na \u010dem. Cel\u00e9 je to mask\u00edrovka, prohl\u00e1sil vojensk\u00fd znalec pro na\u0161i redakci<\/span><\/h6>\n<p>V\u00fdcvik ciz\u00ed arm\u00e1dy mus\u00ed v\u017edy prob\u00edhat se zbran\u011bmi a technikou, se kterou ti voj\u00e1ci budou bojovat na front\u011b po skon\u010den\u00ed v\u00fdcviku. A na Pandurech ur\u010dit\u011b proti Rus\u016fm nepojedou, pokud je tedy \u010cernochov\u00e1 Ukrajinc\u016fm nedaruje, ale to by \u010desk\u00e1 arm\u00e1da potom nem\u011bla sama na \u010dem jezdit. V\u00fdcvik Ukrajinc\u016f v Polsku, kter\u00e9 nakoupilo mamut\u00ed objemy z\u00e1padn\u00edch zbran\u00ed a techniky p\u0159ed mnoha lety, a kter\u00e1 se te\u010f dod\u00e1v\u00e1 na Ukrajinu, by d\u00e1val smysl. Ale v\u00fdcvik Ukrajinc\u016f v \u010cesku, kde nemaj\u00ed na \u010dem cvi\u010dit, prost\u011b postr\u00e1d\u00e1 smysl.<\/p>\n<figure id=\"attachment_49551\" class=\"wp-caption aligncenter\" style=\"width: 698px;\"><a href=\"https:\/\/aeronet.news\/wp-content\/uploads\/TankAntiJavelin.jpg\"><img decoding=\"async\" loading=\"lazy\" class=\"wp-image-49551 \" src=\"https:\/\/aeronet.news\/wp-content\/uploads\/TankAntiJavelin-1024x682.jpg\" sizes=\"(max-width: 700px) 100vw, 700px\" srcset=\"https:\/\/aeronet.news\/wp-content\/uploads\/TankAntiJavelin-1024x682.jpg 1024w, https:\/\/aeronet.news\/wp-content\/uploads\/TankAntiJavelin-300x200.jpg 300w, https:\/\/aeronet.news\/wp-content\/uploads\/TankAntiJavelin-768x512.jpg 768w, https:\/\/aeronet.news\/wp-content\/uploads\/TankAntiJavelin-700x466.jpg 700w, https:\/\/aeronet.news\/wp-content\/uploads\/TankAntiJavelin-536x357.jpg 536w, https:\/\/aeronet.news\/wp-content\/uploads\/TankAntiJavelin-725x483.jpg 725w, https:\/\/aeronet.news\/wp-content\/uploads\/TankAntiJavelin.jpg 1280w\" alt=\"\" width=\"698\" height=\"465\" \/><\/a><figcaption class=\"wp-caption-text\">\u010cesk\u00e1 arm\u00e1da se bude od Ukrajinc\u016f u\u010dit, jak bojovat proti Rusk\u00e9 arm\u00e1d\u011b, rusk\u00fdm tank\u016fm atd.<\/figcaption><\/figure>\n<p>Podle na\u0161eho kolegy a vojensk\u00e9ho znalce, kter\u00fd n\u00e1s na v\u00fdrok \u010cernochov\u00e9 pro Novinky upozornil, je cel\u00e9 cvi\u010den\u00ed Ukrajinc\u016f jen mask\u00edrovkou, kter\u00e1\u00a0<strong>m\u00e1 zamaskovat zpravodajskou t\u011b\u017ebu informac\u00ed od ukrajinsk\u00fdch voj\u00e1k\u016f na \u00fatvarech a pos\u00e1dk\u00e1ch A\u010cR s c\u00edlem p\u0159edat \u010desk\u00fdm voj\u00e1k\u016fm vojensk\u00e9 informace o Rusk\u00e9 arm\u00e1d\u011b a zakomponovat je do nov\u00e9 \u0158ehkovy doktr\u00edny A\u010cR na p\u0159\u00edpravu v\u00e1lky s Ruskem<\/strong>. To je cel\u00e9.<\/p>\n<p>A \u010cernochov\u00e1 to prost\u011b jenom provalila, proto\u017ee huba j\u00ed pochoduje rychleji ne\u017e hlava. Takov\u00e1 je realita. Tak\u017ee si to shr\u0148me: N\u00e1\u010deln\u00edk gener\u00e1ln\u00edho \u0161t\u00e1bu A\u010cR vyzval k p\u0159\u00edprav\u011b na v\u00e1lku s Ruskem a ministryn\u011b obrany bude od Ukrajinc\u016f t\u011b\u017eit zpravodajsk\u00e9 informace o Rusk\u00e9 arm\u00e1d\u011b na Ukrajin\u011b, proto\u017ee se to bude hodit \u010desk\u00fdm \u00fatvar\u016fm arm\u00e1dy pro chystanou v\u00e1lku s Ruskem, o kter\u00e9 mluvil \u0158ehka. Kruh se uzav\u0159el. V\u0161echno to dokonale te\u010f do sebe zapad\u00e1. P\u00e1nb\u016fh s n\u00e1mi a zl\u00e9 pry\u010d!<\/p>\n<p>-VK- \u0160\u00e9fredaktor AE News<\/p>\n<p><a href=\"https:\/\/aeronet.news\/ceska-ministryne-obrany-neprimo-potvrdila-ze-ceska-armada-chysta-valku-proti-rusku-jeji-lide-budou-z-ukrajinskych-vojaku-behem-jejich-vycviku-v-cr-vytezovat-zpravodajske-informace\/\">ZDROJ<\/a><\/p>\n<p><img decoding=\"async\" loading=\"lazy\" class=\"wp-image-19116 aligncenter\" src=\"http:\/\/www.infokuryr.cz\/n\/wp-content\/uploads\/2022\/12\/PRO-LOGO-300x29.jpg\" alt=\"\" width=\"931\" height=\"90\" srcset=\"https:\/\/www.infokuryr.cz\/n\/wp-content\/uploads\/2022\/12\/PRO-LOGO-300x29.jpg 300w, https:\/\/www.infokuryr.cz\/n\/wp-content\/uploads\/2022\/12\/PRO-LOGO-768x75.jpg 768w, https:\/\/www.infokuryr.cz\/n\/wp-content\/uploads\/2022\/12\/PRO-LOGO.jpg 998w\" sizes=\"(max-width: 931px) 100vw, 931px\" \/><\/p>\n","protected":false},"excerpt":{"rendered":"<p>\u010cesk\u00e1 ministryn\u011b obrany nep\u0159\u00edmo potvrdila, \u017ee \u010desk\u00e1 arm\u00e1da chyst\u00e1 v\u00e1lku proti Rusku! Jej\u00ed lid\u00e9 budou&#8230;<\/p>\n","protected":false},"author":2,"featured_media":19095,"comment_status":"closed","ping_status":"closed","sticky":false,"template":"","format":"standard","meta":[],"categories":[6],"tags":[80,76,2334,3769,40],"_links":{"self":[{"href":"https:\/\/www.infokuryr.cz\/n\/wp-json\/wp\/v2\/posts\/19094"}],"collection":[{"href":"https:\/\/www.infokuryr.cz\/n\/wp-json\/wp\/v2\/posts"}],"about":[{"href":"https:\/\/www.infokuryr.cz\/n\/wp-json\/wp\/v2\/types\/post"}],"author":[{"embeddable":true,"href":"https:\/\/www.infokuryr.cz\/n\/wp-json\/wp\/v2\/users\/2"}],"replies":[{"embeddable":true,"href":"https:\/\/www.infokuryr.cz\/n\/wp-json\/wp\/v2\/comments?post=19094"}],"version-history":[{"count":0,"href":"https:\/\/www.infokuryr.cz\/n\/wp-json\/wp\/v2\/posts\/19094\/revisions"}],"wp:featuredmedia":[{"embeddable":true,"href":"https:\/\/www.infokuryr.cz\/n\/wp-json\/wp\/v2\/media\/19095"}],"wp:attachment":[{"href":"https:\/\/www.infokuryr.cz\/n\/wp-json\/wp\/v2\/media?parent=19094"}],"wp:term":[{"taxonomy":"category","embeddable":true,"href":"https:\/\/www.infokuryr.cz\/n\/wp-json\/wp\/v2\/categories?post=19094"},{"taxonomy":"post_tag","embeddable":true,"href":"https:\/\/www.infokuryr.cz\/n\/wp-json\/wp\/v2\/tags?post=19094"}],"curies":[{"name":"wp","href":"https:\/\/api.w.org\/{rel}","templated":true}]}}