{"id":19091,"date":"2022-12-02T04:17:27","date_gmt":"2022-12-02T03:17:27","guid":{"rendered":"http:\/\/www.infokuryr.cz\/n\/?p=19091"},"modified":"2022-12-02T10:53:41","modified_gmt":"2022-12-02T09:53:41","slug":"vlada-ceske-republiky-schvalila-zakon-o-ochrane-oznamovatelu-tzv-whistleblowing-prelozeno-do-cestiny-zakon-o-ochrane-udavacu-a-praskacu","status":"publish","type":"post","link":"https:\/\/www.infokuryr.cz\/n\/2022\/12\/02\/vlada-ceske-republiky-schvalila-zakon-o-ochrane-oznamovatelu-tzv-whistleblowing-prelozeno-do-cestiny-zakon-o-ochrane-udavacu-a-praskacu\/","title":{"rendered":"Vl\u00e1da \u010cesk\u00e9 republiky schv\u00e1lila z\u00e1kon o ochran\u011b oznamovatel\u016f, tzv. whistleblowing, p\u0159elo\u017eeno do \u010de\u0161tiny, z\u00e1kon o ochran\u011b udava\u010d\u016f a pr\u00e1ska\u010d\u016f"},"content":{"rendered":"<div id=\"fb-root\"><\/div>\n<p>\u00dadajn\u011b pod tlakem z Bruselu schv\u00e1lila vl\u00e1da \u010cesk\u00e9 republiky minul\u00fd t\u00fdden n\u00e1vrh v\u00fd\u0161e uveden\u00e9ho z\u00e1kona a zaslala ho ke schv\u00e1len\u00ed do parlamentu. Pokud bude z\u00e1kon schv\u00e1len, tak podstatnou m\u011brou p\u0159isp\u011bje k dal\u0161\u00edmu zv\u00fd\u0161en\u00ed nap\u011bt\u00ed ve spole\u010dnosti. Legalizovan\u00e9 udava\u010dstv\u00ed se dotkne v\u0161ech vrstev spole\u010dnosti, ale nejv\u00edce soukrom\u011b podnikaj\u00edc\u00edch ob\u010dan\u016f a jejich rodin.<\/p>\n<p>Soukromn\u00edk, by\u0165 by byl ve sv\u00e9 \u010dinnosti poctiv\u011bj\u0161\u00ed ne\u017e pana Orle\u00e1nsk\u00e1, le\u017e\u00ed v \u017ealudku nemal\u00e9mu po\u010dtu sv\u00fdch spoluob\u010dan\u016f. A nejsou to zdaleka jen pohrobci komunist\u016f. \u201eSousedsk\u00e9 ud\u00e1v\u00e1n\u00ed&#8220; ve zna\u010dn\u00e9m rozsahu m\u00e1 na \u00fazem\u00ed \u010cech, Moravy a\u00a0 Slezska staletou tradici. Nebudu se zab\u00fdvat v\u00fdta\u017eky z archiv\u016f Rakouska- Uherska ani 1. republiky.<\/p>\n<p>Po II. sv\u011btov\u00e9 v\u00e1lce byl v archivech gestapa nalezen z\u00e1pis ze sch\u016fzky \u0161\u00e9fa pra\u017esk\u00e9ho a var\u0161avsk\u00e9ho gestapa. Ten var\u0161avsk\u00fd si st\u011b\u017eoval, \u017ee Pol\u00e1ci jsou vzdorovit\u00ed a p\u0159i ka\u017ed\u00e9 p\u0159\u00edle\u017eitosti jdou N\u011bmc\u016fm po krku. \u0160\u00e9f pra\u017esk\u00e9ho gestapa \u0159ekl, \u017ee \u010ce\u0161i, Moravan\u00e9 a Slezan\u00e9 jim sv\u00fdm ud\u00e1v\u00e1n\u00edm velmi pom\u00e1haj\u00ed. A za komunismu, co\u017e u\u017e jsme n\u011bkte\u0159\u00ed pro\u017eili na vlastn\u00ed k\u016f\u017ei, to bylo stejn\u00e9. Mezi d\u011bln\u00edky, \u00fa\u0159edn\u00edky, zem\u011bd\u011blci, sportovci, prost\u011b v\u0161ude. Pokud jste se po listopadu 1989 dostali v\u00a0archivech ke sv\u00fdm materi\u00e1l\u016fm, ur\u010dit\u011b jste se nesta\u010dili divit, kdo v\u0161echno na v\u00e1s don\u00e1\u0161el.<\/p>\n<p>Pir\u00e1ti, Rekonstrukce st\u00e1tu a dal\u0161\u00ed ob\u010dansk\u00e1 sdru\u017een\u00ed se u\u017e vyj\u00e1d\u0159ila, \u017ee z\u00e1kon je p\u0159\u00edli\u0161 m\u011bkk\u00fd. Chyb\u00ed jim ochrana anonym\u016f, kte\u0159\u00ed se ke sv\u00e9mu d\u00edlu n\u00e1sledn\u011b p\u0159ihl\u00e1s\u00ed. Na\u0161e tradice a tento z\u00e1kon maj\u00ed velkou \u0161anci otev\u0159\u00edt Pando\u0159inu sk\u0159\u00ed\u0148ku doko\u0159\u00e1n.<\/p>\n<p>Je nutn\u00e9 se br\u00e1nit, dokud nen\u00ed pozd\u011b!!!<\/p>\n<p>Rudolf Bar\u00e1nek<br \/>\nzakladatel strany a \u010dlen veden\u00ed<\/p>\n<p><img decoding=\"async\" loading=\"lazy\" class=\"alignnone wp-image-19092\" src=\"http:\/\/www.infokuryr.cz\/n\/wp-content\/uploads\/2022\/12\/soukromnici.jpg\" alt=\"\" width=\"233\" height=\"67\" \/><\/p>\n<p><img decoding=\"async\" loading=\"lazy\" class=\"wp-image-19116 aligncenter\" src=\"http:\/\/www.infokuryr.cz\/n\/wp-content\/uploads\/2022\/12\/PRO-LOGO-300x29.jpg\" alt=\"\" width=\"910\" height=\"88\" srcset=\"https:\/\/www.infokuryr.cz\/n\/wp-content\/uploads\/2022\/12\/PRO-LOGO-300x29.jpg 300w, https:\/\/www.infokuryr.cz\/n\/wp-content\/uploads\/2022\/12\/PRO-LOGO-768x75.jpg 768w, https:\/\/www.infokuryr.cz\/n\/wp-content\/uploads\/2022\/12\/PRO-LOGO.jpg 998w\" sizes=\"(max-width: 910px) 100vw, 910px\" \/><\/p>\n","protected":false},"excerpt":{"rendered":"<p>\u00dadajn\u011b pod tlakem z Bruselu schv\u00e1lila vl\u00e1da \u010cesk\u00e9 republiky minul\u00fd t\u00fdden n\u00e1vrh v\u00fd\u0161e uveden\u00e9ho z\u00e1kona&#8230;<\/p>\n","protected":false},"author":2,"featured_media":8714,"comment_status":"closed","ping_status":"closed","sticky":false,"template":"","format":"standard","meta":[],"categories":[6],"tags":[2127,99,609],"_links":{"self":[{"href":"https:\/\/www.infokuryr.cz\/n\/wp-json\/wp\/v2\/posts\/19091"}],"collection":[{"href":"https:\/\/www.infokuryr.cz\/n\/wp-json\/wp\/v2\/posts"}],"about":[{"href":"https:\/\/www.infokuryr.cz\/n\/wp-json\/wp\/v2\/types\/post"}],"author":[{"embeddable":true,"href":"https:\/\/www.infokuryr.cz\/n\/wp-json\/wp\/v2\/users\/2"}],"replies":[{"embeddable":true,"href":"https:\/\/www.infokuryr.cz\/n\/wp-json\/wp\/v2\/comments?post=19091"}],"version-history":[{"count":0,"href":"https:\/\/www.infokuryr.cz\/n\/wp-json\/wp\/v2\/posts\/19091\/revisions"}],"wp:featuredmedia":[{"embeddable":true,"href":"https:\/\/www.infokuryr.cz\/n\/wp-json\/wp\/v2\/media\/8714"}],"wp:attachment":[{"href":"https:\/\/www.infokuryr.cz\/n\/wp-json\/wp\/v2\/media?parent=19091"}],"wp:term":[{"taxonomy":"category","embeddable":true,"href":"https:\/\/www.infokuryr.cz\/n\/wp-json\/wp\/v2\/categories?post=19091"},{"taxonomy":"post_tag","embeddable":true,"href":"https:\/\/www.infokuryr.cz\/n\/wp-json\/wp\/v2\/tags?post=19091"}],"curies":[{"name":"wp","href":"https:\/\/api.w.org\/{rel}","templated":true}]}}