{"id":1909,"date":"2021-05-23T05:55:18","date_gmt":"2021-05-23T03:55:18","guid":{"rendered":"http:\/\/www.infokuryr.cz\/n\/?p=1909"},"modified":"2021-05-23T05:55:18","modified_gmt":"2021-05-23T03:55:18","slug":"boj-s-imigraci-stoji-australii-vice-nez-let-na-mars","status":"publish","type":"post","link":"https:\/\/www.infokuryr.cz\/n\/2021\/05\/23\/boj-s-imigraci-stoji-australii-vice-nez-let-na-mars\/","title":{"rendered":"Boj s imigrac\u00ed stoj\u00ed Austr\u00e1lii v\u00edce ne\u017e let na Mars"},"content":{"rendered":"<div id=\"fb-root\"><\/div>\n<p>Ubr\u00e1nit se hybridn\u00ed v\u00e1lce veden\u00e9 skrze masovou imigraci je existenci\u00e1ln\u00ed v\u00fdzvou doby. P\u0159e\u017eit\u00ed n\u00e1rod\u016f nebo imigrace. \u010c\u00ed bude existence? \u010c\u00ed bude budoucnost?<\/p>\n<p>Australsk\u00e1 vl\u00e1da m\u00e1 jasno. Zastavit imigra\u010dn\u00ed invazi je p\u0159\u00edkazem doby a do tohoto rozhoduj\u00edc\u00edho boje mus\u00ed b\u00fdt nap\u0159eny v\u0161echny s\u00edly a vynalo\u017eeny ve\u0161ker\u00e9 prost\u0159edky. U\u017a nyn\u00ed vynakl\u00e1d\u00e1 Australsk\u00e1 vl\u00e1da na boj s imigrac\u00ed v\u00edce, ne\u017e stoj\u00ed americk\u00fd program letu na Mars. Zejm\u00e9na na n\u00e1kladn\u00e9 deportace mimo kontinent\u00e1ln\u00ed Austr\u00e1lii. To vypov\u00edd\u00e1 o z\u00e1va\u017enosti situace.<\/p>\n<p>V Evrop\u011b tomu je ov\u0161em podobn\u011b. Respektive v z\u00e1padn\u00ed Evrop\u011b, kterou si v\u00fdchodn\u00ed Evropa de facto dividendami a dal\u0161\u00edmi odvody z korpor\u00e1t\u016f velkoryse vydr\u017euje, aby byla n\u00e1vnadou a d\u011blala \u0161pinavou imigra\u010dn\u00ed pr\u00e1ci za ni. Takov\u00e9 lokajstv\u00ed v\u0161ak z\u00e1padn\u00ed Evrop\u011b u\u017e dlouho ned\u011bl\u00e1 dob\u0159e, a neust\u00e1le se sna\u017e\u00ed imigra\u010dn\u00ed b\u0159\u00edm\u011b dumpingovat do v\u00fdchodn\u00ed.<\/p>\n<p>Ale existuj\u00ed i \u0161etrn\u00e1 opat\u0159en\u00ed &#8211; nap\u0159. nevypl\u00e1cet imigrant\u016fm soci\u00e1ln\u00ed d\u00e1vky. To je nov\u00e9 opat\u0159en\u00ed, kter\u00e9 Austr\u00e1lie zav\u00e1d\u00ed &#8211; prvn\u00ed \u010dty\u0159i roky nebude imigrant\u016fm vypl\u00e1cet soci\u00e1ln\u00ed d\u00e1vky. T\u00edm zna\u010dn\u011b utrp\u00ed miliardov\u00fd p\u0159evad\u011b\u010dsk\u00fd byznys. Jeho taxy jsou p\u0159\u00edmo nav\u00e1z\u00e1ny na to, co imigranti b\u011bhem prvn\u00edch cca 3 a\u017e 6 m\u011bs\u00edc\u016f obdr\u017e\u00ed. To tvo\u0159\u00ed z\u00e1klad pro stanoven\u00ed \u010dist\u00e9ho p\u0159evad\u011b\u010dsk\u00e9ho bak\u0161i\u0161e. Hodnota p\u0159evad\u011b\u010dsk\u00e9ho \u00fakonu se podobn\u011b jako hodnota not\u00e1\u0159sk\u00fdch \u010di pr\u00e1vn\u00edch slu\u017eeb neodv\u00edj\u00ed od pensum vykonan\u00e9 pr\u00e1ce, ale od hodnoty, kterou sv\u00fdm \u00fakonem obsluhuj\u00ed a zprost\u0159edkuj\u00ed (kdyby nap\u0159. \u0159idi\u010d m\u011bl b\u00fdt odm\u011b\u0148ov\u00e1n jako pr\u00e1vn\u00edk nebo not\u00e1\u0159, jeho palm\u00e1re by bylo n\u011bkolikan\u00e1sobn\u011b vy\u0161\u0161\u00ed, veze-li v\u00e1s na drahou dovolenou, luxusn\u00edho podniku \u010di neodkladn\u00fd v\u00fdkon do nemocnice, ap.). Rozd\u00edl je pouze v tom, \u017ee tyto jsou leg\u00e1ln\u00ed, a oni nikoli.<\/p>\n<p><a href=\"https:\/\/wyborcza.pl\/7,75399,27083870,nieziemskie-wydatki-australii-na-niechcianych-uchodzcow.html\">ZDROJ<\/a><\/p>\n<p>&nbsp;<\/p>\n","protected":false},"excerpt":{"rendered":"<p>Ubr\u00e1nit se hybridn\u00ed v\u00e1lce veden\u00e9 skrze masovou imigraci je existenci\u00e1ln\u00ed v\u00fdzvou doby. P\u0159e\u017eit\u00ed n\u00e1rod\u016f nebo&#8230;<\/p>\n","protected":false},"author":2,"featured_media":1910,"comment_status":"closed","ping_status":"closed","sticky":false,"template":"","format":"standard","meta":[],"categories":[7],"tags":[434,119,148],"_links":{"self":[{"href":"https:\/\/www.infokuryr.cz\/n\/wp-json\/wp\/v2\/posts\/1909"}],"collection":[{"href":"https:\/\/www.infokuryr.cz\/n\/wp-json\/wp\/v2\/posts"}],"about":[{"href":"https:\/\/www.infokuryr.cz\/n\/wp-json\/wp\/v2\/types\/post"}],"author":[{"embeddable":true,"href":"https:\/\/www.infokuryr.cz\/n\/wp-json\/wp\/v2\/users\/2"}],"replies":[{"embeddable":true,"href":"https:\/\/www.infokuryr.cz\/n\/wp-json\/wp\/v2\/comments?post=1909"}],"version-history":[{"count":0,"href":"https:\/\/www.infokuryr.cz\/n\/wp-json\/wp\/v2\/posts\/1909\/revisions"}],"wp:featuredmedia":[{"embeddable":true,"href":"https:\/\/www.infokuryr.cz\/n\/wp-json\/wp\/v2\/media\/1910"}],"wp:attachment":[{"href":"https:\/\/www.infokuryr.cz\/n\/wp-json\/wp\/v2\/media?parent=1909"}],"wp:term":[{"taxonomy":"category","embeddable":true,"href":"https:\/\/www.infokuryr.cz\/n\/wp-json\/wp\/v2\/categories?post=1909"},{"taxonomy":"post_tag","embeddable":true,"href":"https:\/\/www.infokuryr.cz\/n\/wp-json\/wp\/v2\/tags?post=1909"}],"curies":[{"name":"wp","href":"https:\/\/api.w.org\/{rel}","templated":true}]}}