{"id":19052,"date":"2022-12-01T04:05:26","date_gmt":"2022-12-01T03:05:26","guid":{"rendered":"http:\/\/www.infokuryr.cz\/n\/?p=19052"},"modified":"2022-12-01T04:05:26","modified_gmt":"2022-12-01T03:05:26","slug":"sef-pentagonu-vyjadril-znepokojeni-nad-vojenskou-operaci-turecka-v-syrii","status":"publish","type":"post","link":"https:\/\/www.infokuryr.cz\/n\/2022\/12\/01\/sef-pentagonu-vyjadril-znepokojeni-nad-vojenskou-operaci-turecka-v-syrii\/","title":{"rendered":"\u0160\u00e9f Pentagonu vyj\u00e1d\u0159il znepokojen\u00ed nad vojenskou operac\u00ed Turecka v S\u00fdrii"},"content":{"rendered":"<div id=\"fb-root\"><\/div>\n<p class=\"lead\"><span>Americk\u00fd ministr obrany Lloyd Austin v telefonick\u00e9m rozhovoru s tureck\u00fdm prot\u011bj\u0161kem Hulusim Akarem vyj\u00e1d\u0159il znepokojen\u00ed nad situac\u00ed v severn\u00ed S\u00fdrii a tureck\u00fdmi n\u00e1lety na pozice kurdsk\u00fdch polovojensk\u00fdch jednotek.<\/span><\/p>\n<p><strong><em>\u201eVyj\u00e1d\u0159il znepokojen\u00ed nad eskalac\u00ed nep\u0159\u00e1telstv\u00ed v severn\u00ed S\u00fdrii, v\u010detn\u011b ned\u00e1vn\u00fdch leteck\u00fdch \u00fatok\u016f, z nich\u017e n\u011bkter\u00e9 p\u0159\u00edmo ohro\u017eovaly bezpe\u010dnost americk\u00e9 arm\u00e1dy, kter\u00e1 spolupracuje s m\u00edstn\u00edmi partnery na por\u00e1\u017ece ISIS,\u201c<span class=\"after-quote\"> &#8211; \u0159\u00edk\u00e1 zpr\u00e1va.<\/span><\/em><\/strong><\/p>\n<p><span>Austin \u201evyzval k deeskalaci a ozn\u00e1mil siln\u00fd odpor ministerstva v\u016f\u010di nov\u00e9 tureck\u00e9 vojensk\u00e9 operaci v S\u00fdrii\u201c.<\/span><\/p>\n<p><span>Americk\u00fd ministr z\u00e1rove\u0148 \u201epotvrdil d\u016fle\u017eitost strategick\u00e9ho vztahu mezi Spojen\u00fdmi st\u00e1ty a Tureckem\u201c.<\/span><\/p>\n<p><span>Jak bylo ozn\u00e1meno, tureck\u00e9 letectvo za\u00fato\u010dilo na pozice kurdsk\u00fdch polovojensk\u00fdch sil Syrsk\u00fdch demokratick\u00fdch sil (SDF) v severn\u00ed S\u00fdrii a Ir\u00e1ku.\u00a0\u00dadery byly reakc\u00ed na teroristick\u00fd \u00fatok z 13. listopadu v Istanbulu, p\u0159i kter\u00e9m bylo zabito \u0161est a v\u00edce ne\u017e 80 zran\u011bno.\u00a0Ankara obvinila z \u00fatoku Kurdy.<\/span><\/p>\n<p><span>Tureck\u00fd\u00a0<\/span><strong><span>prezident Recep Tayyip Erdogan<\/span><\/strong><span>\u00a0prohl\u00e1sil, \u017ee \u201evym\u00fdt\u00ed terorismus, kter\u00fd p\u0159edstavuje hrozbu pro tureckou bezpe\u010dnost\u201c, a to i prost\u0159ednictv\u00edm pozemn\u00ed operace v S\u00fdrii.<\/span><\/p>\n<p><img decoding=\"async\" loading=\"lazy\" class=\"alignnone size-full wp-image-1185\" src=\"http:\/\/www.infokuryr.cz\/n\/wp-content\/uploads\/2021\/04\/kuryr-podpis.png\" alt=\"\" width=\"84\" height=\"24\" \/><\/p>\n<p>&nbsp;<\/p>\n","protected":false},"excerpt":{"rendered":"<p>Americk\u00fd ministr obrany Lloyd Austin v telefonick\u00e9m rozhovoru s tureck\u00fdm prot\u011bj\u0161kem Hulusim Akarem vyj\u00e1d\u0159il znepokojen\u00ed&#8230;<\/p>\n","protected":false},"author":2,"featured_media":19053,"comment_status":"closed","ping_status":"closed","sticky":false,"template":"","format":"standard","meta":[],"categories":[7],"tags":[380,147,55],"_links":{"self":[{"href":"https:\/\/www.infokuryr.cz\/n\/wp-json\/wp\/v2\/posts\/19052"}],"collection":[{"href":"https:\/\/www.infokuryr.cz\/n\/wp-json\/wp\/v2\/posts"}],"about":[{"href":"https:\/\/www.infokuryr.cz\/n\/wp-json\/wp\/v2\/types\/post"}],"author":[{"embeddable":true,"href":"https:\/\/www.infokuryr.cz\/n\/wp-json\/wp\/v2\/users\/2"}],"replies":[{"embeddable":true,"href":"https:\/\/www.infokuryr.cz\/n\/wp-json\/wp\/v2\/comments?post=19052"}],"version-history":[{"count":0,"href":"https:\/\/www.infokuryr.cz\/n\/wp-json\/wp\/v2\/posts\/19052\/revisions"}],"wp:featuredmedia":[{"embeddable":true,"href":"https:\/\/www.infokuryr.cz\/n\/wp-json\/wp\/v2\/media\/19053"}],"wp:attachment":[{"href":"https:\/\/www.infokuryr.cz\/n\/wp-json\/wp\/v2\/media?parent=19052"}],"wp:term":[{"taxonomy":"category","embeddable":true,"href":"https:\/\/www.infokuryr.cz\/n\/wp-json\/wp\/v2\/categories?post=19052"},{"taxonomy":"post_tag","embeddable":true,"href":"https:\/\/www.infokuryr.cz\/n\/wp-json\/wp\/v2\/tags?post=19052"}],"curies":[{"name":"wp","href":"https:\/\/api.w.org\/{rel}","templated":true}]}}