{"id":1903,"date":"2021-05-23T05:25:19","date_gmt":"2021-05-23T03:25:19","guid":{"rendered":"http:\/\/www.infokuryr.cz\/n\/?p=1903"},"modified":"2021-05-23T05:25:19","modified_gmt":"2021-05-23T03:25:19","slug":"od-soboty-do-stredy-se-pres-uzemi-ceska-presunou-tri-konvoje-zlocinecke-armady-usa","status":"publish","type":"post","link":"https:\/\/www.infokuryr.cz\/n\/2021\/05\/23\/od-soboty-do-stredy-se-pres-uzemi-ceska-presunou-tri-konvoje-zlocinecke-armady-usa\/","title":{"rendered":"Od soboty do st\u0159edy se p\u0159es \u00fazem\u00ed \u010ceska p\u0159esunou t\u0159i konvoje zlo\u010dineck\u00e9 arm\u00e1dy USA"},"content":{"rendered":"<div id=\"fb-root\"><\/div>\n<p><strong>Od soboty proj\u00ed\u017ed\u00ed \u010ceskou republikou ameri\u010dt\u00ed voj\u00e1ci, kte\u0159\u00ed sm\u011b\u0159uj\u00ed z N\u011bmecka na Slovensko a pot\u00e9 do Ma\u010farska na mezin\u00e1rodn\u00ed cvi\u010den\u00ed NATO. Americk\u00fd konvoj \u010d\u00edtaj\u00edc\u00ed \u0161est set voj\u00e1k\u016f a 190 kus\u016f vojensk\u00e9 techniky se bude p\u0159esouvat hlavn\u011b v noci, aby nebyl omezov\u00e1n silni\u010dn\u00ed provoz. P\u0159esun bude prob\u00edhat p\u011bt dn\u00ed do st\u0159edy 26. kv\u011btna.<\/strong><\/p>\n<p>\u201eP\u0159esuny jsou pl\u00e1nov\u00e1ny v pozdn\u00edch ve\u010dern\u00edch a\u017e brzk\u00fdch rann\u00edch hodin\u00e1ch,\u201c\u00a0\u0159ekla\u00a0Pr\u00e1vu mluv\u010d\u00ed gener\u00e1ln\u00edho \u0161t\u00e1bu Magdalena Dvo\u0159\u00e1kov\u00e1.<\/p>\n<p>V\u0161e bude rozd\u011bleno do t\u0159\u00ed konvoj\u016f. P\u0159itom \u017e\u00e1dn\u00fd konvoj nebude pob\u00fdvat na \u00fazem\u00ed st\u00e1tu d\u00e9le ne\u017e 48 hodin. Prvn\u00ed \u010d\u00e1st dnes v sobotu ve\u010der p\u0159ekro\u010d\u00ed hrani\u010dn\u00ed p\u0159echod Rozvadov, pak bude pokra\u010dovat po D5 k Praze a napoj\u00ed se na D1, kdy pak nad r\u00e1nem doraz\u00ed do Ran\u010d\u00ed\u0159ova na Jihlavsku, kde ve vybudovan\u00e9m \u010desk\u00e9m t\u00e1bo\u0159e budou voj\u00e1ci odpo\u010d\u00edvat. V n\u011bm m\u016f\u017ee p\u0159espat 300 lid\u00ed.\u00a0Ameri\u010dt\u00ed voj\u00e1ci\u00a0v\u0161ak budou \u010ceskem proj\u00ed\u017ed\u011bt v men\u0161\u00edch skupin\u00e1ch s p\u0159ibli\u017en\u011b hodinov\u00fdm rozestupem, proto se v t\u00e1bo\u0159e budou postupn\u011b st\u0159\u00eddat. Druh\u00fd den pak vyraz\u00ed do B\u0159eclavi, kde \u010ceskou republiku opust\u00ed.<\/p>\n<p>\u201eV ka\u017ed\u00e9 skupin\u011b bude od 10 do dvaceti kus\u016f\u00a0kolov\u00e9 techniky. Ka\u017ed\u00fd konvoj na \u00fazem\u00ed \u010cR str\u00e1v\u00ed maxim\u00e1ln\u011b 48 hodin a bude p\u0159ej\u00ed\u017ed\u011bt s denn\u00edm odstupem,\u201c \u0159ekla mluv\u010d\u00ed.<\/p>\n<p>V uveden\u00e9m t\u00e1bo\u0159e jsou krom\u011b jin\u00e9ho\u00a0p\u0159ipraven\u00e9\u00a0j\u00eddelny a hygienick\u00e9 kontejnery s toaletami. Je v n\u011bm po\u010d\u00edt\u00e1no i s protipandemick\u00fdmi opat\u0159en\u00edmi. V t\u00e1bo\u0159e jsou dva stany pro izolaci covid pozitivn\u00edch, kolem nich stoj\u00ed mobiln\u00ed kovov\u00e9 ploty. V\u0161ichni ameri\u010dt\u00ed voj\u00e1ci budou p\u0159ed cestou testov\u00e1ni. V\u011bt\u0161ina z nich je ale podle mluv\u010d\u00ed o\u010dkov\u00e1na proti covidu.<\/p>\n<p>Jak uvedla Arm\u00e1da \u010cesk\u00e9 republiky, bude americk\u00fdm jednotk\u00e1m poskytnuta logistick\u00e1 podpora.<\/p>\n<p>\u201ePr\u016fjezd konvoj\u016f bude koordinov\u00e1n ve spolupr\u00e1ci s Polici\u00ed \u010cesk\u00e9 republiky, Vojenskou polici\u00ed a \u0159editelstv\u00edm silnic a d\u00e1lnic tak, aby konvoje nijak neomezovaly b\u011b\u017en\u00fd silni\u010dn\u00ed provoz. P\u0159esuny konvoj\u016f jsou pl\u00e1nov\u00e1ny v pozdn\u00edch ve\u010dern\u00edch a\u017e brzk\u00fdch rann\u00edch hodin\u00e1ch (od 19. hodiny do 6. hodiny). Vojensk\u00e1 policie v sou\u010dinnosti s Polici\u00ed \u010cesk\u00e9 republiky bude doprov\u00e1zet v\u0161echny skupiny konvoj\u016f. Preventivn\u011b jsou napl\u00e1nov\u00e1ny obj\u00edzdn\u00e9 trasy a alternativn\u00ed m\u00edsta k odpo\u010dinku a na p\u0159esp\u00e1n\u00ed. Konvoje pojedou podle \u010desk\u00fdch dopravn\u00edch p\u0159edpis\u016f. Konvoje uprav\u00ed svou rychlost v p\u0159\u00edpad\u011b del\u0161\u00ed nebo \u0161ir\u0161\u00ed vojensk\u00e9 techniky. Po dobu p\u0159esun\u016f Policie \u010cR do\u010dasn\u011b z\u0159\u00edd\u00ed opera\u010dn\u00ed pracovi\u0161t\u011b u Agentury logistiky v pos\u00e1dce Star\u00e1 Boleslav k monitoringu situace,\u201c\u00a0sd\u011blila\u00a0arm\u00e1da.<\/p>\n<p>N\u00e1vrat americk\u00fdch konvoj\u016f do N\u011bmecka je napl\u00e1nov\u00e1n po stejn\u00e9 trase od 12. do 16. \u010dervna.<\/p>\n<p>Podle slov z\u00e1stupc\u016f arm\u00e1dy m\u00e1 cvi\u010den\u00ed\u00a0<strong>Saber Guardian 2021<\/strong>\u00a0v Ma\u010farsku prov\u011b\u0159it p\u0159ipravenost a sou\u010dinnost mezi alian\u010dn\u00edmi a partnersk\u00fdmi arm\u00e1dami a arm\u00e1dou Spojen\u00fdch st\u00e1t\u016f. Cvi\u010den\u00ed se \u00fadajn\u011b z\u00fa\u010dastn\u00ed t\u00e9m\u011b\u0159 13,5 tis\u00edce voj\u00e1k\u016f z 16 r\u016fzn\u00fdch zem\u00ed. \u010cesk\u00e1 republika se p\u0159itom cvi\u010den\u00ed \u00fa\u010dastn\u00ed jako tranzitn\u00ed zem\u011b logistickou podporou.<\/p>\n<p><a href=\"https:\/\/cz.sputniknews.com\/20210522\/ode-dneska-do-stredy-se-pres-uzemi-ceska-presunou-tri-konvoje-armady-usa---14572374.html\">ZDROJ<\/a><\/p>\n<p>&nbsp;<\/p>\n<p>&nbsp;<\/p>\n","protected":false},"excerpt":{"rendered":"<p>Od soboty proj\u00ed\u017ed\u00ed \u010ceskou republikou ameri\u010dt\u00ed voj\u00e1ci, kte\u0159\u00ed sm\u011b\u0159uj\u00ed z N\u011bmecka na Slovensko a pot\u00e9&#8230;<\/p>\n","protected":false},"author":2,"featured_media":1904,"comment_status":"closed","ping_status":"closed","sticky":false,"template":"","format":"standard","meta":[],"categories":[6],"tags":[80,76,37],"_links":{"self":[{"href":"https:\/\/www.infokuryr.cz\/n\/wp-json\/wp\/v2\/posts\/1903"}],"collection":[{"href":"https:\/\/www.infokuryr.cz\/n\/wp-json\/wp\/v2\/posts"}],"about":[{"href":"https:\/\/www.infokuryr.cz\/n\/wp-json\/wp\/v2\/types\/post"}],"author":[{"embeddable":true,"href":"https:\/\/www.infokuryr.cz\/n\/wp-json\/wp\/v2\/users\/2"}],"replies":[{"embeddable":true,"href":"https:\/\/www.infokuryr.cz\/n\/wp-json\/wp\/v2\/comments?post=1903"}],"version-history":[{"count":0,"href":"https:\/\/www.infokuryr.cz\/n\/wp-json\/wp\/v2\/posts\/1903\/revisions"}],"wp:featuredmedia":[{"embeddable":true,"href":"https:\/\/www.infokuryr.cz\/n\/wp-json\/wp\/v2\/media\/1904"}],"wp:attachment":[{"href":"https:\/\/www.infokuryr.cz\/n\/wp-json\/wp\/v2\/media?parent=1903"}],"wp:term":[{"taxonomy":"category","embeddable":true,"href":"https:\/\/www.infokuryr.cz\/n\/wp-json\/wp\/v2\/categories?post=1903"},{"taxonomy":"post_tag","embeddable":true,"href":"https:\/\/www.infokuryr.cz\/n\/wp-json\/wp\/v2\/tags?post=1903"}],"curies":[{"name":"wp","href":"https:\/\/api.w.org\/{rel}","templated":true}]}}