{"id":1902,"date":"2021-05-23T05:18:42","date_gmt":"2021-05-23T03:18:42","guid":{"rendered":"http:\/\/www.infokuryr.cz\/n\/?p=1902"},"modified":"2021-05-23T05:18:42","modified_gmt":"2021-05-23T03:18:42","slug":"polaci-chystaji-blokadu-hranicniho-prechodu-s-ceskem-duvodem-je-nesouhlas-se-zakazem-tezby-v-turowe","status":"publish","type":"post","link":"https:\/\/www.infokuryr.cz\/n\/2021\/05\/23\/polaci-chystaji-blokadu-hranicniho-prechodu-s-ceskem-duvodem-je-nesouhlas-se-zakazem-tezby-v-turowe\/","title":{"rendered":"Pol\u00e1ci chystaj\u00ed blok\u00e1du hrani\u010dn\u00edho p\u0159echodu s \u010ceskem. D\u016fvodem je nesouhlas se z\u00e1kazem t\u011b\u017eby v Tur\u00f3w\u011b"},"content":{"rendered":"<div id=\"fb-root\"><\/div>\n<p><strong>Rozhodnut\u00ed Soudn\u00edho dvoru Evropsk\u00e9 unie o z\u00e1kazu t\u011b\u017eby v uheln\u00e9m dole Tur\u00f3w pobou\u0159ilo polskou stranu. Organizace Ruce pry\u010d od Tur\u00f3wa v souvislosti s t\u00edm avizovala dal\u0161\u00ed protest, kter\u00fd by se m\u011bl uskute\u010dnit ji\u017e toto \u00fater\u00fd. Podle pl\u00e1nu organiz\u00e1tor\u016f protest\u016f by m\u011blo j\u00edt o blok\u00e1du hrani\u010dn\u00edho p\u0159echodu Hr\u00e1dek nad Nisou \u2013 Kopa\u010dov.<\/strong><\/p>\n<p>Ji\u017e d\u0159\u00edve polsk\u00e1 vl\u00e1da dala jasn\u011b najevo, \u017ee nehodl\u00e1 plnit na\u0159\u00edzen\u00ed Soudn\u00edho dvoru Evropsk\u00e9 unie t\u00fdkaj\u00edc\u00ed se z\u00e1kazu\u00a0t\u011b\u017eby uhl\u00ed v dole Tur\u00f3w. Podle polsk\u00e9ho premi\u00e9ra Mateusze Morawieck\u00e9ho tato ot\u00e1zka spad\u00e1 do t\u00e9matu energetick\u00e9 bezpe\u010dnosti Polska, co\u017e znamen\u00e1, \u017ee Soud EU nem\u011bl dostate\u010dn\u00e9 pravomoci, aby zasahoval do tohoto sporu.<\/p>\n<p>Sv\u016fj protest cht\u011bj\u00ed vyj\u00e1d\u0159it i \u010dlenov\u00e9 organizace Ruce pry\u010d od Tur\u00f3wa, jej\u00ed\u017e veden\u00ed nyn\u00ed\u00a0svol\u00e1v\u00e1\u00a0blok\u00e1du hrani\u010dn\u00edho p\u0159echodu mezi \u010ceskem a Polskem, k n\u011bmu\u017e m\u00e1 podle pl\u00e1n\u016f organiz\u00e1tor\u016f doj\u00edt v \u00fater\u00fd 25. kv\u011btna. P\u0159ipome\u0148me, \u017ee ji\u017e v b\u0159eznu dan\u00e1 organizace uspo\u0159\u00e1dala protest pobl\u00ed\u017e \u010desko-polsk\u00e9 hranice, kdy des\u00edtky polsk\u00fdch aut zp\u016fsobily n\u011bkolika kilometrovou z\u00e1cpu kamion\u016f.<\/p>\n<p><strong>Rozhodnut\u00ed evropsk\u00e9ho soudu<\/strong><\/p>\n<p>V\u010dera Soudn\u00ed dv\u016fr Evropsk\u00e9 unie rozhodl, \u017ee Polsko mus\u00ed\u00a0okam\u017eit\u011b pozastavit\u00a0t\u011b\u017ebu v uheln\u00e9m dole Tur\u00f3w. Z\u00e1kaz t\u011b\u017eby bude platit a\u017e do vynesen\u00ed kone\u010dn\u00e9ho rozsudku v tomto sporu. Pokra\u010dov\u00e1n\u00ed t\u011b\u017eby do fin\u00e1ln\u00edho verdiktu by dle soudu mohlo m\u00edt negativn\u00ed dopad na \u017eivotn\u00ed prost\u0159ed\u00ed i zdrav\u00ed. \u010ce\u0161t\u00ed politici to pova\u017euj\u00ed za prvn\u00ed v\u00edt\u011bzstv\u00ed.<\/p>\n<p>Ministr zahrani\u010d\u00ed Jakub Kulh\u00e1nek neskr\u00fdval radost z rozhodnut\u00ed soudu. \u201eSkv\u011bl\u00e1 zpr\u00e1va. Soudn\u00ed dv\u016fr na z\u00e1klad\u011b n\u00e1vrhu \u010cesk\u00e9 republiky na\u0159\u00eddil Polsku bezodkladn\u011b pozastavit t\u011b\u017ebu uhl\u00ed v dole Tur\u00f3w do doby meritorn\u00edho rozhodnut\u00ed! D\u00edky za spolupr\u00e1ci ministrovi \u017eivotn\u00edho prost\u0159ed\u00ed,\u201c uvedl.<\/p>\n<p>\u010cesk\u00e9 \u00fa\u0159adyse na unijn\u00ed soud obr\u00e1tily se \u017ealobou proti roz\u0161i\u0159ov\u00e1n\u00ed dolu, kter\u00e9 podle nich ohro\u017euje kvalitu pitn\u00e9 vody pro obyvatele Libereck\u00e9ho kraje.<\/p>\n<p><strong>Reakce Polska<\/strong><\/p>\n<p>Jak ji\u017e bylo zm\u00edn\u011bno, Polsko se proti rozhodnut\u00ed evropsk\u00e9ho soudu\u00a0d\u016frazn\u011b ohradilo\u00a0a hodl\u00e1 i nad\u00e1le pokra\u010dovat v t\u011b\u017eb\u011b uhl\u00ed v dole Tur\u00f3w.<\/p>\n<p>\u201eRozhodnut\u00ed soudu EU nemohou vstupovat do oblast\u00ed, kter\u00e9 jsou spojen\u00e9 se z\u00e1klady bezpe\u010dnosti \u010dlensk\u00fdch zem\u00ed, a jednou z nich je energetick\u00e1 bezpe\u010dnost,\u201c \u0159ekl polsk\u00fd premi\u00e9r Mateusz Morawiecki.<\/p>\n<p>Zm\u00ednil p\u0159itom, \u017ee \u201erozhodnut\u00ed soudu je bezprecedentn\u00ed a proti\u0159e\u010d\u00ed z\u00e1kladn\u00edm princip\u016fm fungov\u00e1n\u00ed EU, a \u017ee p\u0159ijat\u00e1 opat\u0159en\u00ed jsou nepat\u0159i\u010dn\u00e1\u201c.<\/p>\n<p>Dodal tak\u00e9, \u017ee d\u016fl Tur\u00f3w zaji\u0161\u0165uje mezi 4 % a\u017e 7 % v\u00fdroby elektrick\u00e9 energie v Polsku. \u201eNa stabiln\u00ed \u010dinnosti z\u00e1vis\u00ed mo\u017enost fungov\u00e1n\u00ed polsk\u00fdch dom\u016f, \u0161kol, nemocnic a podnik\u016f. Jeho stabiln\u00ed \u010dinnost ovliv\u0148uje bezpe\u010dnost, zdrav\u00ed a \u017eivoty milion\u016f polsk\u00fdch ob\u010dan\u016f. Na n\u011bm z\u00e1vis\u00ed norm\u00e1ln\u00ed \u017eivot ob\u010dan\u016f na\u0161\u00ed zem\u011b,\u201c \u0159ekl p\u0159edseda polsk\u00e9 vl\u00e1dy.<\/p>\n<p><a href=\"https:\/\/cz.sputniknews.com\/20210522\/polaci-chystaji-blokadu-hranicniho-prechodu-s-ceskem-duvodem-je-nesouhlas-se-zakazem-tezby-v-turowe-14579175.html\">ZDROJ<\/a><\/p>\n<p>&nbsp;<\/p>\n<p>&nbsp;<\/p>\n","protected":false},"excerpt":{"rendered":"<p>Rozhodnut\u00ed Soudn\u00edho dvoru Evropsk\u00e9 unie o z\u00e1kazu t\u011b\u017eby v uheln\u00e9m dole Tur\u00f3w pobou\u0159ilo polskou stranu&#8230;.<\/p>\n","protected":false},"author":2,"featured_media":1882,"comment_status":"closed","ping_status":"closed","sticky":false,"template":"","format":"standard","meta":[],"categories":[7],"tags":[76,432,31,324,431],"_links":{"self":[{"href":"https:\/\/www.infokuryr.cz\/n\/wp-json\/wp\/v2\/posts\/1902"}],"collection":[{"href":"https:\/\/www.infokuryr.cz\/n\/wp-json\/wp\/v2\/posts"}],"about":[{"href":"https:\/\/www.infokuryr.cz\/n\/wp-json\/wp\/v2\/types\/post"}],"author":[{"embeddable":true,"href":"https:\/\/www.infokuryr.cz\/n\/wp-json\/wp\/v2\/users\/2"}],"replies":[{"embeddable":true,"href":"https:\/\/www.infokuryr.cz\/n\/wp-json\/wp\/v2\/comments?post=1902"}],"version-history":[{"count":0,"href":"https:\/\/www.infokuryr.cz\/n\/wp-json\/wp\/v2\/posts\/1902\/revisions"}],"wp:featuredmedia":[{"embeddable":true,"href":"https:\/\/www.infokuryr.cz\/n\/wp-json\/wp\/v2\/media\/1882"}],"wp:attachment":[{"href":"https:\/\/www.infokuryr.cz\/n\/wp-json\/wp\/v2\/media?parent=1902"}],"wp:term":[{"taxonomy":"category","embeddable":true,"href":"https:\/\/www.infokuryr.cz\/n\/wp-json\/wp\/v2\/categories?post=1902"},{"taxonomy":"post_tag","embeddable":true,"href":"https:\/\/www.infokuryr.cz\/n\/wp-json\/wp\/v2\/tags?post=1902"}],"curies":[{"name":"wp","href":"https:\/\/api.w.org\/{rel}","templated":true}]}}