{"id":1900,"date":"2021-05-23T05:14:40","date_gmt":"2021-05-23T03:14:40","guid":{"rendered":"http:\/\/www.infokuryr.cz\/n\/?p=1900"},"modified":"2021-05-23T05:14:40","modified_gmt":"2021-05-23T03:14:40","slug":"k-otazce-korenu-dnesni-snahy-o-revizi-dejin-prectete-si-projev-protektoratniho-politika-z-roku-1945","status":"publish","type":"post","link":"https:\/\/www.infokuryr.cz\/n\/2021\/05\/23\/k-otazce-korenu-dnesni-snahy-o-revizi-dejin-prectete-si-projev-protektoratniho-politika-z-roku-1945\/","title":{"rendered":"K ot\u00e1zce ko\u0159en\u016f dne\u0161n\u00ed snahy o revizi d\u011bjin: p\u0159e\u010dt\u011bte si projev protektor\u00e1tn\u00edho politika z roku 1945"},"content":{"rendered":"<div id=\"fb-root\"><\/div>\n<p><strong>Jeden z nejv\u00fdrazn\u011bj\u0161\u00edch symbol\u016f n\u011bmeck\u00e9 okupace a \u00fatlaku, protektor\u00e1tn\u00ed st\u00e1tn\u00ed ministr Karl Hermann Frank, se na konci v\u00e1lky sna\u017eil p\u0159edat veden\u00ed Protektor\u00e1tu do rukou \u010desk\u00e9 garnitury naklon\u011bn\u00e9 N\u011bmc\u016fm. Tento pokus z\u0159ejm\u011b nevy\u0161el, ale dnes je podle europoslance Zahradila velmi u\u017eite\u010dn\u00e9 se sezn\u00e1mit s argumenty, na kter\u00fdch byla jeho snaha zalo\u017eena.<\/strong><\/p>\n<p>Sudetsk\u00fd N\u011bmec z Karlov\u00fdch Var\u016f byl p\u0159ed 75 lety, 22. kv\u011btna 1946 popraven jako v\u00e1le\u010dn\u00fd zlo\u010dinec, jen\u017ee jak upozor\u0148uje Jan Zahradil, jeho my\u0161lenkov\u00fd odkaz \u017eije dodnes. Nejl\u00e9pe to podle n\u011bj lze pochopit po p\u0159e\u010dten\u00ed jeho posledn\u00edho\u00a0projevu k \u010desk\u00e9mu n\u00e1rodu, pronesen\u00e9ho 30. dubna 1945, kdy u\u017e bylo jasn\u00e9, \u017ee to m\u00e1 N\u011bmecko prohran\u00e9 a spo\u010d\u00edtan\u00e9. Pom\u016f\u017ee si toti\u017e uv\u011bdomit, kde maj\u00ed sv\u00e9 ko\u0159eny n\u011bkter\u00e9 sou\u010dasn\u00e9 teze.<\/p>\n<p>\u201eNajdeme v n\u011bm toti\u017e n\u011bkter\u00e9 argumenty, kter\u00e9 v pozm\u011bn\u011bn\u00e9 podob\u011b sl\u00fdch\u00e1me v posledn\u00ed dob\u011b od r\u016fzn\u00fdch historik\u016f, politik\u016f i aktivist\u016f, pokou\u0161ej\u00edc\u00edch se o jakousi revizi p\u0159edv\u00e1le\u010dn\u00e9ho, v\u00e1le\u010dn\u00e9ho a pov\u00e1le\u010dn\u00e9ho obdob\u00ed. A najdeme je (st\u00e1le) i v d\u011bjepisn\u00e9 v\u00fdbav\u011b sou\u010dasn\u00fdch\u00a0sudeton\u011bmeck\u00fdch spolk\u016f,\u201c uvedl Zahradil.<\/p>\n<p>Ton Franka podle pozn\u00e1mky Zahradila nebyl p\u0159\u00edli\u0161 agresivn\u00ed, sp\u00ed\u0161e sm\u00ed\u0159liv\u00fd, ale opakuje \u201ev\u0161echny tradi\u010dn\u00ed \u00fatoky na p\u0159edv\u00e1le\u010dn\u00e9 \u010ceskoslovensko, na versaillesk\u00fd syst\u00e9m, na Bene\u0161e, na jeho exilovou reprezentaci\u201c.<\/p>\n<p>V projevu nap\u0159\u00edklad zazn\u011blo:<\/p>\n<p>\u201eNelze pop\u00edrat, \u017ee bez Mnichova a bez politiky\u00a0st\u00e1tn\u00edho prezidenta Dr. H\u00e1chy\u00a0bylo by se stalo z \u010desk\u00e9ho st\u00e1tu v\u00fdchodisko evropsk\u00e9 v\u00e1lky pr\u00e1v\u011b tak, jako potom na podzim 1939 stalo se j\u00edm Polsko. Zem\u011b \u010cechy a Morava a \u010desk\u00fd n\u00e1rod byly by b\u00fdvaly posti\u017eeny v\u0161emi hr\u016fzami v\u00e1lky. Byly by vznikly nejv\u011bt\u0161\u00ed krvav\u00e9 ob\u011bti a nenahraditeln\u00e9 \u0161kody na kulturn\u00edch statc\u00edch a majetku obyvatelstva. Z\u00e1sluhou politiky Dr. H\u00e1chy byl \u010desk\u00fd n\u00e1rod toho v\u0161eho u\u0161et\u0159en. \u010cesk\u00e9 obyvatelstvo nebylo \u0158\u00ed\u0161\u00ed povol\u00e1no k v\u00e1le\u010dn\u00e9 slu\u017eb\u011b a mohlo t\u00e9m\u011b\u0159 v \u0161esti letech nejt\u011b\u017e\u0161\u00edch ze v\u0161ech v\u00e1lek klidn\u011b konat svou pr\u00e1ci. \u017divot ve m\u011bstech a vesnic\u00edch Va\u0161\u00ed domoviny nebyl poru\u0161en, \u010desk\u00e1 kultura se vyvinula v n\u011bkter\u00fdch oborech dokonce nad m\u00edrovou \u00farove\u0148. Hospod\u00e1\u0159stv\u00ed \u010cech a Moravy dostalo nov\u00e9 podn\u011bty i mimo v\u00e1le\u010dnou konjukturu. Sou\u010dasn\u011b p\u0159evzalo \u010detn\u00e9 soci\u00e1ln\u00ed vymo\u017eenosti nacion\u00e1ln\u011b-socialistick\u00e9 \u0158\u00ed\u0161e,\u201c st\u00e1lo v projevu Franka.<\/p>\n<p>\u201eRoku 1938, kdy \u010desko-slovensk\u00fd st\u00e1t byl skv\u011ble vyzbrojen a vojensky p\u0159ipraven nejl\u00e9pe, Bene\u0161 se boje zalekl. Dnes se pokou\u0161\u00ed strhnout bezbrann\u00e9 \u010desk\u00e9 obyvatelstvo do dobrodru\u017estv\u00ed. Slovem, uposlechnut\u00ed propagandistick\u00fdch hesel emigrace vede do chaosu. Jin\u00e9 n\u00e1rody u\u017e v n\u011bm utonuly. Vystoupila by luza. Pusto\u0161en\u00ed by \u0159\u00e1dilo bez v\u00fdb\u011bru a hladu a naka\u017eliv\u00fdm chorob\u00e1m by se otev\u0159ely br\u00e1ny doko\u0159\u00e1n. V\u00fdsledkem by byla ob\u010dansk\u00e1 v\u00e1lka,\u201c tvrdil Frank.<\/p>\n<p>Nejpozoruhodn\u011bj\u0161\u00ed je ale podle Zahradila \u201edrzost, s n\u00ed\u017e se n\u00e1hle pokou\u0161\u00ed naj\u00edt pro nacistick\u00e9 N\u011bmecko novou historickou roli a postavit je do role zachr\u00e1nce ,Z\u00e1padu\u2019 (a tedy i \u010cech\u016f a Slov\u00e1k\u016f) p\u0159ed nebezpe\u010d\u00edm\u00a0sov\u011btsk\u00e9ho bol\u0161evismu\u00a0&#8211; ani zm\u00ednka o n\u011bmeck\u00e9 smlouv\u011b se SSSR, kter\u00e1 trvala a\u017e do roku 1941\u201c.<\/p>\n<p>\u201eT\u0159eba\u017ee vojensk\u00e1 situace \u0158\u00ed\u0161e se jev\u00ed v t\u00e9to chv\u00edli m\u00e1lo ut\u011b\u0161enou, p\u0159ece jej\u00ed jedine\u010dn\u00fd boj za existenci Z\u00e1padu nebude politicky a p\u0159ed d\u011bjinami bez v\u00fdsledku. N\u011bmeck\u00fd n\u00e1rod bude existovat i nad\u00e1le a n\u00e1rod \u010desk\u00fd z\u016fstane jeho sousedem. \u010c\u00edm spravedliv\u011bji budou obapoln\u00e9 z\u00e1jmy vymezeny, t\u00edm bezpe\u010dn\u011bji se na dlouhou dobu utv\u00e1\u0159\u00ed pokojn\u00fd v\u00fdvoj,\u201c \u0159\u00edkal Frank.<\/p>\n<p><a href=\"https:\/\/cz.sputniknews.com\/20210522\/k-otazce-korenu-dnesni-snahy-o-revizi-dejin-prectete-si-projev-protektoratniho-politika-z-roku-1945-14573843.html\">ZDROJ<\/a><\/p>\n<p>&nbsp;<\/p>\n","protected":false},"excerpt":{"rendered":"<p>Jeden z nejv\u00fdrazn\u011bj\u0161\u00edch symbol\u016f n\u011bmeck\u00e9 okupace a \u00fatlaku, protektor\u00e1tn\u00ed st\u00e1tn\u00ed ministr Karl Hermann Frank, se&#8230;<\/p>\n","protected":false},"author":2,"featured_media":1901,"comment_status":"closed","ping_status":"closed","sticky":false,"template":"","format":"standard","meta":[],"categories":[6],"tags":[170,430,429,111],"_links":{"self":[{"href":"https:\/\/www.infokuryr.cz\/n\/wp-json\/wp\/v2\/posts\/1900"}],"collection":[{"href":"https:\/\/www.infokuryr.cz\/n\/wp-json\/wp\/v2\/posts"}],"about":[{"href":"https:\/\/www.infokuryr.cz\/n\/wp-json\/wp\/v2\/types\/post"}],"author":[{"embeddable":true,"href":"https:\/\/www.infokuryr.cz\/n\/wp-json\/wp\/v2\/users\/2"}],"replies":[{"embeddable":true,"href":"https:\/\/www.infokuryr.cz\/n\/wp-json\/wp\/v2\/comments?post=1900"}],"version-history":[{"count":0,"href":"https:\/\/www.infokuryr.cz\/n\/wp-json\/wp\/v2\/posts\/1900\/revisions"}],"wp:featuredmedia":[{"embeddable":true,"href":"https:\/\/www.infokuryr.cz\/n\/wp-json\/wp\/v2\/media\/1901"}],"wp:attachment":[{"href":"https:\/\/www.infokuryr.cz\/n\/wp-json\/wp\/v2\/media?parent=1900"}],"wp:term":[{"taxonomy":"category","embeddable":true,"href":"https:\/\/www.infokuryr.cz\/n\/wp-json\/wp\/v2\/categories?post=1900"},{"taxonomy":"post_tag","embeddable":true,"href":"https:\/\/www.infokuryr.cz\/n\/wp-json\/wp\/v2\/tags?post=1900"}],"curies":[{"name":"wp","href":"https:\/\/api.w.org\/{rel}","templated":true}]}}