{"id":1898,"date":"2021-05-22T16:01:31","date_gmt":"2021-05-22T14:01:31","guid":{"rendered":"http:\/\/www.infokuryr.cz\/n\/?p=1898"},"modified":"2021-05-22T16:01:31","modified_gmt":"2021-05-22T14:01:31","slug":"rozdel-a-znic","status":"publish","type":"post","link":"https:\/\/www.infokuryr.cz\/n\/2021\/05\/22\/rozdel-a-znic\/","title":{"rendered":"Rozd\u011bl a zni\u010d"},"content":{"rendered":"<div id=\"fb-root\"><\/div>\n<div class=\"opener\">Od roku 1990 se postupn\u011b ni\u010d\u00ed v\u0161e, \u010d\u00edm na\u0161e zem\u011b mohla konkurovat na glob\u00e1ln\u00edm trhu. Touto v\u011btou v\u0161ak rozhodn\u011b nevyb\u00edz\u00edm k n\u00e1vratu p\u0159ed devades\u00e1t\u00e1 l\u00e9ta.<\/div>\n<div id=\"art-text\" class=\"text\">\n<p>Ostatn\u011b ti, kte\u0159\u00ed zde v\u0161e zni\u010dili, byli r\u016fzn\u00ed n\u00e1m\u011bstkov\u00e9 gener\u00e1ln\u00edch p\u0159edp\u0159evratov\u00fdch \u0159editel\u016f, kte\u0159\u00ed velice hbit\u011b odhodili rud\u00e9 kn\u00ed\u017eky a zam\u011b\u0159ili sv\u016fj sup\u00ed zrak na to, co nej\u0161ikovn\u011bji podnik, ve kter\u00e9m p\u016fsobili, vytunelovat. Postup byl podle tohoto vzoru.<\/p>\n<p>Za pen\u00edze podniku v n\u011bm\u017e v\u0161e \u0159\u00eddili podnik zprivatizovat. Tehdej\u0161\u00ed gener\u00e1ln\u00ed \u0159editel\u00e9 byli nomenklaturn\u00ed k\u00e1d\u0159i, kte\u0159\u00ed v\u011bt\u0161inou tomu, co m\u011bli \u0159\u00eddit, v\u016fbec nerozum\u011bli a tak se fakticky v dan\u00e9 problematice orientovali ti, co byli slu\u017eebn\u011b pod nimi. Pokud byl podnik ztr\u00e1tov\u00fd, av\u0161ak n\u011bkter\u00e1 jeho \u010d\u00e1st byla v\u00fdd\u011ble\u010dn\u00e1, tak bylo a je st\u00e1le zvykem, tu v\u00fdd\u011ble\u010dnou \u010d\u00e1st odd\u011blit, zprivatizovat a pak prodat zahrani\u010dn\u00edmu vlastn\u00edkovi a pen\u00edze inkasovat do vlastn\u00ed kapsy.<\/p>\n<p>To, co je ztr\u00e1tov\u00e9 pak dotuje st\u00e1t ze sv\u00e9ho rozpo\u010dtu, \u010dili v\u0161ichni da\u0148ov\u00ed poplatn\u00edci a na tom, co je v\u00fdd\u011ble\u010dn\u00e9 si mast\u00ed kapsy zahrani\u010dn\u00ed firmy, jejich\u017e zisky ve form\u011b dividend proud\u00ed do zahrani\u010d\u00ed. Miliardy a miliardy. Oni to tak\u00e9 nemus\u00ed v\u017edy b\u00fdt zahrani\u010dn\u00ed majitel\u00e9, ale i p\u016fvodn\u011b na\u0161i ob\u010dan\u00e9, kte\u0159\u00ed svou firmu p\u0159evedli do da\u0148ov\u00fdch r\u00e1j\u016f, v\u010detn\u011b t\u011bch, co jsou na \u00fazem\u00ed EU (Nizozemsko, Kypr&#8230;). Takov\u00fdm nejzn\u00e1m\u011bj\u0161\u00edm p\u0159\u00edpadem je firma ned\u00e1vno tragicky na Alja\u0161ce zahynul\u00e9ho nejbohat\u0161\u00edho \u010cecha, PPF, kter\u00e1 dan\u00ed v Nizozemsku. Ta vyd\u011blala ov\u0161em sv\u00e9 pen\u00edze p\u016fvodn\u011b jinak, ne zprivatizov\u00e1n\u00edm p\u016fvodn\u011b prosperuj\u00edc\u00edho podniku.<\/p>\n<p>Tak\u017ee jak to rozd\u011bl a zni\u010d funguje. Uk\u00e1\u017ei to na p\u0159\u00edkladu \u010cesk\u00fdch drah. Nejd\u0159\u00edv se odd\u011blila \u010d\u00e1st, kter\u00e1 se star\u00e1 o infrastrukturu, to znamen\u00e1 trat\u011b a v\u0161e kolem, to, co je nev\u00fdd\u011ble\u010dn\u00e9. \u010c\u00e1st provozu se zprivatizovala a to na v\u00fdd\u011ble\u010dn\u00fdch trat\u00edch. V\u0161ak tak\u00e9 pr\u00e1v\u011b proto byly \u00fasp\u011b\u0161n\u00e9 ve volb\u00e1ch v roce 2010 V\u011bci ve\u0159ejn\u00e9, kter\u00e9 z\u00edskaly Ministerstvo dopravy a mohly se pak \u0161t\u011bd\u0159e odvd\u011b\u010dit sv\u00e9mu nejv\u011bt\u0161\u00edmu p\u0159edvolebn\u00edmu sponzorovi.<\/p>\n<p>O v\u00fdd\u011ble\u010dn\u00e9 spojen\u00ed velk\u00fdch m\u011bst je z\u00e1jem priv\u00e1tn\u00edch provozovatel\u016f na dr\u00e1ze, mal\u00e9, nerentabiln\u00ed spoje jsou postupn\u011b ru\u0161eny. A to v\u016fbec nemluv\u00edm o zav\u00edr\u00e1n\u00ed kr\u00e1sn\u00fdch \u017eelezni\u010dn\u00edch n\u00e1dra\u017e\u00edch, a cestuj\u00edc\u00ed mus\u00ed mrznout venku p\u0159i \u010dek\u00e1n\u00ed na zpo\u017ed\u011bn\u00fd spoj.<\/p>\n<p>N\u011bkdy za\u0161antro\u010den\u00fd pro \u017eivot nezbytn\u00fd podnik jako nap\u0159. vodovody a kanalizace mus\u00ed sanovat m\u011bsto. P\u0159i \u010dem\u017e za vodn\u00e9 a sto\u010dn\u00e9, kter\u00e9 se neust\u00e1le zvy\u0161uje, plynou pen\u00edze do zahrani\u010d\u00ed. M\u011bsto se pak mus\u00ed starat za zastaralou vodovodn\u00ed s\u00ed\u0165.<\/p>\n<p>P\u0159i sou\u010dasn\u00e9 pandemick\u00e9 situaci bylo je\u0161t\u011b \u0161t\u011bst\u00edm, \u017ee se nesta\u010dilo zprivatizovat ve velk\u00e9m na\u0161e zdravotnictv\u00ed. Byly takov\u00e9 pl\u00e1ny za dob vl\u00e1d ODS (Jul\u00ednek a pod.) na\u0161t\u011bst\u00ed v\u017edy vl\u00e1dy padly, ne\u017e mohly na poli zdravotnictv\u00ed n\u011bco zni\u010dit ve velk\u00e9m.<\/p>\n<p>A te\u010f to \u010dek\u00e1 \u010ceskou po\u0161tu. Z \u010cesk\u00e9 po\u0161ty se m\u00e1 odd\u011blit pobo\u010dkov\u00e1 s\u00ed\u0165 v\u010detn\u011b zam\u011bstnanc\u016f, kter\u00e1 poskytuje slu\u017eby st\u00e1tu a m\u00e1 vzniknout nov\u00fd st\u00e1tn\u00ed podnik. Jak asi dopadne ta \u010d\u00e1st \u010cesk\u00e9 po\u0161ty, kter\u00e1 vyd\u011bl\u00e1v\u00e1? Bude zprivatizov\u00e1na i kdy\u017e se gener\u00e1ln\u00ed \u0159editel du\u0161uje, \u017ee rozd\u011blen\u00ed \u010cesk\u00e9 po\u0161ty neznamen\u00e1 privatizaci. To mi p\u0159ipom\u00edn\u00e1 novoro\u010dn\u00ed projev prezidenta Havla z 1.1. 1990 &#8211; Nebudou nezam\u011bstnan\u00ed, \u010ceskoslovensko vystoup\u00ed ze v\u0161ech vojensk\u00fdch uskupen\u00ed atd.<\/p>\n<p>Tak jsem si naivn\u011b myslel, \u017ee na\u0161e republika je tak rozkraden\u00e1, \u017ee u\u017e se ned\u00e1 nic dal\u0161\u00edho vytunelovat. Ale jak tak vid\u00edm, je toho je\u0161t\u011b st\u00e1le dost a dost a sup\u00ed zraky miliard\u00e1\u0159\u016f, co nemaj\u00ed nikdy dost, v\u011bd\u00ed moc dob\u0159e, co zm\u011bnit v mr\u0161inu a z \u010deho se d\u00e1 posl\u00e9ze vyt\u011b\u017eit.<\/p>\n<p>A to v\u016fbec nezmi\u0148uji v\u011bty, \u017ee zm\u011bny v \u010cesk\u00e9 po\u0161ty neznamenaj\u00ed ru\u0161en\u00ed pobo\u010dek a propou\u0161t\u011bn\u00ed pracovn\u00edk\u016f. Kdysi jsem zde napsal: St\u00e1t bude v souvislosti s nekon\u010d\u00edc\u00ed pandemi\u00ed nucen vypl\u00e1cet spoustu pen\u011bz nov\u00fdm nezam\u011bstnan\u00fdm. Tak pro\u010d ve st\u00e1tn\u00ed firm\u011b nakl\u00e1dat st\u00e1vaj\u00edc\u00edm \u0159adov\u00fdm pracovn\u00edk\u016fm je\u0161t\u011b v\u00edce pr\u00e1ce, kterou i tak nest\u00edhaj\u00ed nyn\u00ed. Neru\u0161te venkovsk\u00e9 pobo\u010dky a v\u016fbec pobo\u010dky. Ano, je to tak, rad\u011bji um\u011bl\u00e1 zam\u011bstnanost a NE nezam\u011bstnanost a s t\u00edm ruku v ruce n\u00e1r\u016fst psychick\u00fdch a rodinn\u00fdch probl\u00e9m\u016f.<\/p>\n<p>Po\u0161\u0165\u00e1ci maj\u00ed u\u017e tak dost t\u011b\u017ekou a mnohdy nebezpe\u010dnou pr\u00e1ci a \u010dasto nest\u00edhaj\u00ed. Ned\u011blejte jim to je\u0161t\u011b t\u011b\u017e\u0161\u00ed a pro n\u00e1s, ob\u010dany, dal\u0161\u00ed stres z toho, \u017ee se zru\u0161\u00ed jeden z bod\u016f \u017eivota na vsi a to jest po\u0161ty. U\u017e \u017e\u00e1dn\u00e9 dal\u0161\u00ed akce podle vzoru rozd\u011bl a zni\u010d.<\/p>\n<p><strong>Mgr. Petr Hannig,<\/strong> p\u0159edseda Rozumn\u00fdch &#8211; za spravedlnost a \u017eivotn\u00ed jistoty<\/p>\n<\/div>\n<p>&nbsp;<\/p>\n","protected":false},"excerpt":{"rendered":"<p>Od roku 1990 se postupn\u011b ni\u010d\u00ed v\u0161e, \u010d\u00edm na\u0161e zem\u011b mohla konkurovat na glob\u00e1ln\u00edm trhu&#8230;.<\/p>\n","protected":false},"author":2,"featured_media":823,"comment_status":"closed","ping_status":"closed","sticky":false,"template":"","format":"standard","meta":[],"categories":[6],"tags":[29],"_links":{"self":[{"href":"https:\/\/www.infokuryr.cz\/n\/wp-json\/wp\/v2\/posts\/1898"}],"collection":[{"href":"https:\/\/www.infokuryr.cz\/n\/wp-json\/wp\/v2\/posts"}],"about":[{"href":"https:\/\/www.infokuryr.cz\/n\/wp-json\/wp\/v2\/types\/post"}],"author":[{"embeddable":true,"href":"https:\/\/www.infokuryr.cz\/n\/wp-json\/wp\/v2\/users\/2"}],"replies":[{"embeddable":true,"href":"https:\/\/www.infokuryr.cz\/n\/wp-json\/wp\/v2\/comments?post=1898"}],"version-history":[{"count":0,"href":"https:\/\/www.infokuryr.cz\/n\/wp-json\/wp\/v2\/posts\/1898\/revisions"}],"wp:featuredmedia":[{"embeddable":true,"href":"https:\/\/www.infokuryr.cz\/n\/wp-json\/wp\/v2\/media\/823"}],"wp:attachment":[{"href":"https:\/\/www.infokuryr.cz\/n\/wp-json\/wp\/v2\/media?parent=1898"}],"wp:term":[{"taxonomy":"category","embeddable":true,"href":"https:\/\/www.infokuryr.cz\/n\/wp-json\/wp\/v2\/categories?post=1898"},{"taxonomy":"post_tag","embeddable":true,"href":"https:\/\/www.infokuryr.cz\/n\/wp-json\/wp\/v2\/tags?post=1898"}],"curies":[{"name":"wp","href":"https:\/\/api.w.org\/{rel}","templated":true}]}}