{"id":1895,"date":"2021-05-22T08:28:40","date_gmt":"2021-05-22T06:28:40","guid":{"rendered":"http:\/\/www.infokuryr.cz\/n\/?p=1895"},"modified":"2021-05-22T08:28:40","modified_gmt":"2021-05-22T06:28:40","slug":"evropska-unie-se-potichu-dohodla-na-rozdavani-blue-cards-migrantum-podle-vzoru-americkych-green-cards","status":"publish","type":"post","link":"https:\/\/www.infokuryr.cz\/n\/2021\/05\/22\/evropska-unie-se-potichu-dohodla-na-rozdavani-blue-cards-migrantum-podle-vzoru-americkych-green-cards\/","title":{"rendered":"Evropsk\u00e1 unie se potichu dohodla na rozd\u00e1v\u00e1n\u00ed Blue Cards migrant\u016fm podle vzoru americk\u00fdch Green Cards!"},"content":{"rendered":"<div id=\"fb-root\"><\/div>\n<h4>Evropsk\u00e1 unie se potichu dohodla na rozd\u00e1v\u00e1n\u00ed Blue Cards migrant\u016fm podle vzoru americk\u00fdch Green Cards! \u00dadajn\u011b vysoce kvalifikovan\u00ed migranti po obdr\u017een\u00ed modr\u00e9 karty budou m\u00edt pr\u00e1vo na slou\u010den\u00ed rodiny, p\u0159i\u010dem\u017e rodinn\u00ed p\u0159\u00edslu\u0161n\u00edci rovn\u011b\u017e dostanou pracovn\u00ed povolen\u00ed v EU! Migranti budou v\u00e1z\u00e1ni k pr\u00e1ci jen po dobu 6 m\u011bs\u00edc\u016f a potom budu moci v EU z\u016fstat natrvalo! A kdo je to vysoce kvalifikovan\u00fd migrant? To ani necht\u011bjte v\u011bd\u011bt, to neuhodnete! Potichu to upekli v Bruselu za z\u00e1dy zblbl\u00fdch a o\u010dkovan\u00fdch ob\u010dan\u016f, kte\u0159\u00ed maj\u00ed \u00fapln\u011b jin\u00e9 starosti a migrace je p\u0159estala zaj\u00edmat!<\/h4>\n<p>Tak je vymalov\u00e1no. Nakonec se jim to poda\u0159ilo.\u00a0<strong>Evropsk\u00e1 komise se 17. kv\u011btna 2021 dohodla [<a href=\"https:\/\/href.li\/?https:\/\/ec.europa.eu\/commission\/presscorner\/detail\/en\/ip_21_2522\" target=\"_blank\" rel=\"nofollow noopener\">1<\/a>] v Bruselu na p\u0159elomov\u00e9 migra\u010dn\u00ed reform\u011b. Evropsk\u00e1 unie za\u010dne po vzoru USA rozd\u00e1vat sv\u00e9 vlastn\u00ed zelen\u00e9 karty tzv. vysoce kvalifikovan\u00fdm migrant\u016fm.<\/strong>\u00a0Ofici\u00e1ln\u011b se to bude jmenovat Blue Cards, tedy modr\u00e9 karty a firmy v EU budou v\u00e1z\u00e1ny jednou jedinou podm\u00ednkou, \u017ee migrantovi nab\u00eddnou po\u017eadovanou pozici s ro\u010dn\u00edm platem v rozsahu 1,0 a\u017e 1,6 n\u00e1sobku pr\u016fm\u011brn\u00e9 mzdy na dan\u00e9m pracovn\u00edm m\u00edst\u011b. A to nen\u00ed v\u0161echno.<\/p>\n<p>Dr\u017eitel modr\u00e9 karty si bude moci p\u0159iv\u00e9zt celou rodinu a jej\u00ed p\u0159\u00edslu\u0161n\u00edci rovn\u011b\u017e dostanou pracovn\u00ed povolen\u00ed. Pokud v\u00e1s zaj\u00edm\u00e1, kdo nebo co je to vysoce kvalifikovan\u00fd pracovn\u00edk, tak to zdaleka nen\u00ed tak jasn\u00e9, jak byste si mohli myslet. Nejedn\u00e1 se jen o doktora, l\u00e9ka\u0159e, v\u011bdce, raketov\u00e9ho in\u017een\u00fdra, nebo jin\u00e9ho vysoko\u0161kol\u00e1ka, ale o kohokoliv, kdo m\u00e1 pracovn\u00ed zku\u0161enosti v dan\u00e9m oboru a zam\u011b\u0159en\u00ed, a to bu\u010f v inteligen\u010dn\u00ed nebo manu\u00e1ln\u00ed rovin\u011b.<\/p>\n<p><a href=\"https:\/\/aeronet.cz\/news\/wp-content\/uploads\/EU_bluecard-thumbnail.jpg\"><img decoding=\"async\" loading=\"lazy\" class=\"aligncenter wp-image-46769 \" src=\"https:\/\/aeronet.cz\/news\/wp-content\/uploads\/EU_bluecard-thumbnail-1024x662.jpg\" sizes=\"(max-width: 700px) 100vw, 700px\" srcset=\"https:\/\/aeronet.cz\/news\/wp-content\/uploads\/EU_bluecard-thumbnail-1024x662.jpg 1024w, https:\/\/aeronet.cz\/news\/wp-content\/uploads\/EU_bluecard-thumbnail-300x194.jpg 300w, https:\/\/aeronet.cz\/news\/wp-content\/uploads\/EU_bluecard-thumbnail-768x496.jpg 768w, https:\/\/aeronet.cz\/news\/wp-content\/uploads\/EU_bluecard-thumbnail-700x452.jpg 700w, https:\/\/aeronet.cz\/news\/wp-content\/uploads\/EU_bluecard-thumbnail-100x65.jpg 100w, https:\/\/aeronet.cz\/news\/wp-content\/uploads\/EU_bluecard-thumbnail-553x357.jpg 553w, https:\/\/aeronet.cz\/news\/wp-content\/uploads\/EU_bluecard-thumbnail-748x483.jpg 748w, https:\/\/aeronet.cz\/news\/wp-content\/uploads\/EU_bluecard-thumbnail-745x483.jpg 745w, https:\/\/aeronet.cz\/news\/wp-content\/uploads\/EU_bluecard-thumbnail.jpg 1280w\" alt=\"\" width=\"599\" height=\"387\" \/><\/a><\/p>\n<p>Vysoce kvalifikovan\u00fd pracovn\u00edk je nap\u0159. v N\u011bmecku insemin\u00e1tor krav. Ne, opravdu si ned\u011bl\u00e1m legraci, je to tak. Stejn\u011b tak kvalifikovan\u00fdm pracovn\u00edkem je o\u0161et\u0159ovatel stepn\u00edch koz, kter\u00fd doj\u00ed ru\u010dn\u011b, tedy m\u00e1 n\u00e1rok na n\u00e1lepku Bio podle n\u011bmeck\u00fdch sm\u011brnic. To sam\u00e9 plat\u00ed o ru\u010dn\u00edm dojen\u00ed krav. D\u00e1le tato charakteristika plat\u00ed pro kov\u00e1\u0159e, \u0159ezb\u00e1\u0159e, osoby znal\u00e9 h\u00e1\u010dkov\u00e1n\u00ed a krajkov\u00e1n\u00ed, plat\u00ed to pro kade\u0159nice znal\u00e9 tradi\u010dn\u00edch domorod\u00fdch \u00fa\u010des\u016f, stejn\u011b tak pro kucha\u0159e znal\u00e9 tradi\u010dn\u00edch n\u00e1rodn\u00edch recept\u016f s d\u016frazem na\u00a0<em>halal<\/em>\u00a0gastronomii, kter\u00e1 vy\u017eaduje vy\u0161\u0161\u00ed znalosti.<\/p>\n<h6><span style=\"font-size: 14pt;\">Migranti dostanou modr\u00e9 karty a budou z nich vysoce kvalifikovan\u00ed pracovn\u00edci. T\u0159eskut\u00fd pl\u00e1n EU Komise pro\u0161el hladce<\/span><\/h6>\n<p>Stejn\u011b tak sem pat\u0159\u00ed obuvn\u00edk, zpracovatel k\u016f\u017e\u00ed a rovn\u011b\u017e krej\u010d\u00ed, kter\u00fd m\u00e1 znalost tradi\u010dn\u00edch lidov\u00fdch oble\u010den\u00ed, kroj\u016f a \u00fabor\u016f. Kolega mi p\u0159ed n\u011bkolik dny \u0159\u00edkal, \u017ee ka\u017ed\u00fd, kdo dok\u00e1\u017ee podojit kr\u00e1vu, bude spl\u0148ovat kvalifikaci a krit\u00e9ria na vysoce kvalifikovan\u00e9ho pracovn\u00edka. N\u011bmeck\u00e9 \u00fa\u0159ady pr\u00e1ce ji\u017e maj\u00ed instruk\u010dn\u00ed manu\u00e1ly v\u00edce jak 2 roky, podle kter\u00fdch posuzuj\u00ed tuto tzv. vysokou kvalifikovanost.<\/p>\n<p><strong>Podle t\u011bchto sm\u011brnic je vysoce kvalifikovan\u00fd ka\u017ed\u00fd, kdo ve sv\u00e9m oboru dos\u00e1hl v dan\u00e9 oblasti vy\u0161\u0161\u00edch ne\u017e z\u00e1kladn\u00edch zku\u0161enost\u00ed.<\/strong>\u00a0Dokument jasn\u011b uv\u00e1d\u00ed, \u017ee i uchaze\u010di s odbornou prax\u00ed rovnocennou V\u0160 vzd\u011bl\u00e1n\u00ed budou m\u00edt n\u00e1rok na kartu, tak\u017ee je vymalov\u00e1no. Cel\u00e9 to za\u010d\u00edn\u00e1 vypadat, \u017ee \u201cvysoce kvalifikovan\u00fd pracovn\u00edk\u201d se stane nov\u00fdm kryc\u00edm ozna\u010den\u00edm pro migranty. Dosud neexistuje na webu Komise EU \u010desk\u00fd p\u0159eklad usnesen\u00ed, tak\u017ee n\u00ed\u017ee jsem ho pro v\u00e1s p\u0159elo\u017eil.<\/p>\n<h4>Modr\u00e1 karta EU: Komise v\u00edt\u00e1 politickou dohodu o nov\u00fdch pravidlech pro vysoce kvalifikovan\u00e9 migruj\u00edc\u00ed pracovn\u00edky<\/h4>\n<p>Komise v\u00edt\u00e1 dohodu, kter\u00e9 dnes dos\u00e1hly Evropsk\u00fd parlament a Rada ohledn\u011b nov\u00fdch pravidel pro vstup a pobyt vysoce kvalifikovan\u00fdch pracovn\u00edk\u016f ze zem\u00ed mimo EU podle revidovan\u00e9 sm\u011brnice o modr\u00e9 kart\u011b. Nov\u00fd syst\u00e9m zavede \u00fa\u010dinn\u00e1 pravidla pro p\u0159il\u00e1k\u00e1n\u00ed vysoce kvalifikovan\u00fdch pracovn\u00edk\u016f do EU, v\u010detn\u011b pru\u017en\u011bj\u0161\u00edch podm\u00ednek p\u0159ijet\u00ed, v\u011bt\u0161\u00edch pr\u00e1v a mo\u017enosti snadn\u011bj\u0161\u00edho pohybu a pr\u00e1ce mezi \u010dlensk\u00fdmi st\u00e1ty EU. Dohoda o revidovan\u00e9 modr\u00e9 kart\u011b je kl\u00ed\u010dov\u00fdm c\u00edlem nov\u00e9ho Paktu o migraci a azylu.<\/p>\n<p><a href=\"https:\/\/aeronet.cz\/news\/wp-content\/uploads\/Ble-Card_Deutschland.jpg\"><img decoding=\"async\" loading=\"lazy\" class=\"alignnone  wp-image-46771\" src=\"https:\/\/aeronet.cz\/news\/wp-content\/uploads\/Ble-Card_Deutschland.jpg\" sizes=\"(max-width: 1280px) 100vw, 1280px\" srcset=\"https:\/\/aeronet.cz\/news\/wp-content\/uploads\/Ble-Card_Deutschland.jpg 1280w, https:\/\/aeronet.cz\/news\/wp-content\/uploads\/Ble-Card_Deutschland-300x169.jpg 300w, https:\/\/aeronet.cz\/news\/wp-content\/uploads\/Ble-Card_Deutschland-768x432.jpg 768w, https:\/\/aeronet.cz\/news\/wp-content\/uploads\/Ble-Card_Deutschland-1024x576.jpg 1024w, https:\/\/aeronet.cz\/news\/wp-content\/uploads\/Ble-Card_Deutschland-700x394.jpg 700w, https:\/\/aeronet.cz\/news\/wp-content\/uploads\/Ble-Card_Deutschland-635x357.jpg 635w, https:\/\/aeronet.cz\/news\/wp-content\/uploads\/Ble-Card_Deutschland-859x483.jpg 859w\" alt=\"\" width=\"720\" height=\"405\" \/><\/a><\/p>\n<p>M\u00edstop\u0159edseda Komise pro podporu evropsk\u00e9ho zp\u016fsobu \u017eivota Margaritis Schinas uvedl:\u00a0<em>\u201cDne\u0161n\u00ed dohoda poskytuje EU modern\u00ed a c\u00edlen\u00fd syst\u00e9m leg\u00e1ln\u00ed migrace, kter\u00fd n\u00e1m umo\u017en\u00ed reagovat na nedostatek kvalifikovan\u00fdch pracovn\u00edk\u016f a usnadn\u00ed vysoce kvalifikovan\u00fdm odborn\u00edk\u016fm vstup na trh pr\u00e1ce. Modr\u00e1 karta EU pom\u016f\u017ee udr\u017eet hospod\u00e1\u0159sk\u00fd r\u016fst, reagovat na pot\u0159eby trhu pr\u00e1ce a zv\u00fd\u0161it produktivitu, aby se EU mohla z t\u00e9to pandemie dostat siln\u011bj\u0161\u00ed. Tato dohoda o kl\u00ed\u010dov\u00e9m migra\u010dn\u00edm souboru rovn\u011b\u017e ukazuje, \u017ee spole\u010dn\u00fdmi silami se EU m\u016f\u017ee vybavit migra\u010dn\u00edm syst\u00e9mem, kter\u00fd bude odoln\u00fd v\u016f\u010di budoucnosti.\u201d<\/em><\/p>\n<p>Komisa\u0159ka pro vnit\u0159n\u00ed v\u011bci Ylva Johanssonov\u00e1 uvedla:\u00a0<em>\u201cMigruj\u00edc\u00ed pracovn\u00edci ji\u017e nyn\u00ed v\u00fdznamn\u011b p\u0159isp\u00edvaj\u00ed k ekonomice EU. Na\u0161e zmen\u0161uj\u00edc\u00ed se a st\u00e1rnouc\u00ed spole\u010dnost v\u0161ak znamen\u00e1, \u017ee mus\u00edme i nad\u00e1le z\u00edsk\u00e1vat dovednosti a talenty ze zahrani\u010d\u00ed. Dne\u0161n\u00ed dohoda je kl\u00ed\u010dov\u00fdm prvkem nov\u00e9ho paktu o migraci a azylu, kter\u00fd n\u00e1m umo\u017en\u00ed normalizovat na\u0161i migra\u010dn\u00ed politiku. Nov\u00e1 pravidla usnadn\u00ed pr\u00e1ci a pohyb v r\u00e1mci EU a uznaj\u00ed potenci\u00e1l vysoce kvalifikovan\u00fdch pracovn\u00edk\u016f z r\u016fzn\u00fdch prost\u0159ed\u00ed, v\u010detn\u011b osob po\u017e\u00edvaj\u00edc\u00edch mezin\u00e1rodn\u00ed ochrany.\u201d<\/em><\/p>\n<h6><span style=\"font-size: 14pt;\">P\u0159il\u00e1k\u00e1n\u00ed nov\u00fdch dovednost\u00ed a talent\u016f<\/span><\/h6>\n<p>EU st\u00e1le v\u00edce soupe\u0159\u00ed s ostatn\u00edmi destinacemi v celosv\u011btov\u00e9m z\u00e1vod\u011b o talenty. A\u010dkoli \u010dlensk\u00e9 st\u00e1ty jsou odpov\u011bdn\u00e9 za rozhodov\u00e1n\u00ed o po\u010dtu osob, kter\u00e9 p\u0159ijmou pro pracovn\u00ed \u00fa\u010dely, lep\u0161\u00ed r\u00e1mec na \u00farovni EU poskytne \u010dlensk\u00fdm st\u00e1t\u016fm a podnik\u016fm nejlep\u0161\u00ed mo\u017enou pozici pro p\u0159il\u00e1k\u00e1n\u00ed talent\u016f, kter\u00e9 pot\u0159ebuj\u00ed. Nov\u00fd syst\u00e9m zavede n\u00e1sleduj\u00edc\u00ed zm\u011bny:<\/p>\n<ul>\n<li>Pru\u017en\u00e9 po\u017eadavky:\u00a0<strong>Pro z\u00edsk\u00e1n\u00ed modr\u00e9 karty EU se sn\u00ed\u017e\u00ed platov\u00e1 hranice na 1 a\u017e 1,6 n\u00e1sobek pr\u016fm\u011brn\u00e9 hrub\u00e9 ro\u010dn\u00ed mzdy, \u010d\u00edm\u017e bude p\u0159\u00edstupn\u011bj\u0161\u00ed pro v\u00edce lid\u00ed. Minim\u00e1ln\u00ed doba trv\u00e1n\u00ed pracovn\u00ed smlouvy se rovn\u011b\u017e sn\u00ed\u017e\u00ed\u00a0na 6 m\u011bs\u00edc\u016f.<\/strong><\/li>\n<li>Kvalifikace a rovnocennost dovednost\u00ed: Nov\u00e1 pravidla usnadn\u00ed uzn\u00e1v\u00e1n\u00ed odborn\u00fdch dovednost\u00ed pro povol\u00e1n\u00ed v odv\u011btv\u00ed informa\u010dn\u00edch a komunika\u010dn\u00edch technologi\u00ed.\u00a0<strong>Uchaze\u010di s odbornou prax\u00ed rovnocennou vysoko\u0161kolsk\u00e9mu vzd\u011bl\u00e1n\u00ed\u00a0v n\u011bkter\u00fdch konkr\u00e9tn\u00edch odv\u011btv\u00edch budou rovn\u011b\u017e zp\u016fsobil\u00ed k pod\u00e1n\u00ed \u017e\u00e1dosti.<\/strong><\/li>\n<li>V\u011bt\u0161\u00ed flexibilita p\u0159i zm\u011bn\u011b pozice nebo zam\u011bstnavatele: B\u011bhem prvn\u00edch 12 m\u011bs\u00edc\u016f mus\u00ed dr\u017eitel\u00e9 modr\u00e9 karty EU vyplnit nov\u00fd test trhu pr\u00e1ce pouze v p\u0159\u00edpad\u011b, \u017ee cht\u011bj\u00ed zm\u011bnit pozici nebo zam\u011bstnavatele. Teprve po uplynut\u00ed t\u00e9to doby mohou dr\u017eitel\u00e9 modr\u00e9 karty EU podl\u00e9hat povinnosti ozn\u00e1mit zm\u011bnu sv\u00e9 situace p\u0159\u00edslu\u0161n\u00fdm vnitrost\u00e1tn\u00edm org\u00e1n\u016fm.<\/li>\n<li>Vysoce kvalifikovan\u00e9 osoby po\u017e\u00edvaj\u00edc\u00ed mezin\u00e1rodn\u00ed ochrany budou m\u00edt n\u00e1rok na pod\u00e1n\u00ed \u017e\u00e1dosti o modrou kartu EU.<\/li>\n<li><strong>Slou\u010den\u00ed rodiny: V z\u00e1jmu p\u0159il\u00e1k\u00e1n\u00ed a udr\u017een\u00ed vysoce kvalifikovan\u00fdch pracovn\u00edk\u016f ze zem\u00ed mimo EU budou moci rodinn\u00ed p\u0159\u00edslu\u0161n\u00edci dr\u017eitel\u016f modr\u00e9 karty EU tyto pracovn\u00edky doprov\u00e1zet a z\u00edskat p\u0159\u00edstup na trh pr\u00e1ce EU.<\/strong><\/li>\n<li>Mobilita uvnit\u0159 EU: Dr\u017eitel\u00e9 modr\u00e9 karty EU a jejich rodinn\u00ed p\u0159\u00edslu\u0161n\u00edci se budou moci p\u0159est\u011bhovat do druh\u00e9ho \u010dlensk\u00e9ho st\u00e1tu na z\u00e1klad\u011b zjednodu\u0161en\u00fdch pravidel mobility po 12 m\u011bs\u00edc\u00edch zam\u011bstn\u00e1n\u00ed v prvn\u00edm \u010dlensk\u00e9m st\u00e1t\u011b. Zohledn\u011bna bude rovn\u011b\u017e doba str\u00e1ven\u00e1 prac\u00ed v r\u016fzn\u00fdch \u010dlensk\u00fdch st\u00e1tech, co\u017e usnadn\u00ed p\u0159\u00edstup ke statusu dlouhodob\u011b pob\u00fdvaj\u00edc\u00edho rezidenta EU.<\/li>\n<\/ul>\n<h6><span style=\"font-size: 14pt;\">Dal\u0161\u00ed kroky<\/span><\/h6>\n<p>Evropsk\u00fd parlament a Rada budou muset dne\u0161n\u00ed politickou dohodu je\u0161t\u011b form\u00e1ln\u011b potvrdit p\u0159ijet\u00edm sm\u011brnice o modr\u00e9 kart\u011b EU. Jakmile bude sm\u011brnice form\u00e1ln\u011b p\u0159ijata, budou m\u00edt \u010dlensk\u00e9 st\u00e1ty dva roky na to, aby jej\u00ed pravidla provedly do vnitrost\u00e1tn\u00edho pr\u00e1va.<\/p>\n<h6><span style=\"font-size: 14pt;\">Pozad\u00ed<\/span><\/h6>\n<p>V roce 2016 Evropsk\u00e1 komise navrhla reformu sm\u011brnice o modr\u00e9 kart\u011b pot\u00e9, co zjistila \u0159adu nedostatk\u016f p\u016fvodn\u00edho syst\u00e9mu p\u0159ijat\u00e9ho v roce 2009, v\u010detn\u011b omezuj\u00edc\u00edch podm\u00ednek pro p\u0159ijet\u00ed a existence paraleln\u00edch pravidel, kter\u00e1 vytv\u00e1\u0159ela dal\u0161\u00ed z\u00e1t\u011b\u017e pro zam\u011bstnavatele a \u017eadatele.<\/p>\n<p>Reformovan\u00e1 pravidla jsou d\u016fle\u017eitou sou\u010d\u00e1st\u00ed celkov\u00e9 migra\u010dn\u00ed politiky EU, jej\u00edm\u017e c\u00edlem je p\u0159il\u00e1kat dovednosti a talenty a zajistit leg\u00e1ln\u00ed cesty do EU, jak je zd\u016frazn\u011bno v nov\u00e9m paktu o migraci a azylu. Komise brzy zah\u00e1j\u00ed partnerstv\u00ed talent\u016f s partnersk\u00fdmi zem\u011bmi mimo EU, aby pomohla sladit pot\u0159eby pracovn\u00edch sil a dovednost\u00ed v EU a propojila kvalifikovan\u00e9 pracovn\u00edky, zam\u011bstnavatele, soci\u00e1ln\u00ed partnery, instituce trhu pr\u00e1ce a vzd\u011bl\u00e1v\u00e1n\u00ed a odbornou p\u0159\u00edpravu prost\u0159ednictv\u00edm specializovan\u00fdch informa\u010dn\u00edch aktivit a budov\u00e1n\u00edm s\u00edt\u011b zapojen\u00fdch podnik\u016f, jako\u017e i finan\u010dn\u00ed podporou program\u016f mobility za prac\u00ed nebo odbornou p\u0159\u00edpravou. Koncem roku Komise rovn\u011b\u017e navrhne bal\u00ed\u010dek t\u00fdkaj\u00edc\u00ed se dovednost\u00ed a talent\u016f.<\/p>\n<p>Tak\u017ee, d\u00e1my a p\u00e1nov\u00e9, je vymalov\u00e1no. Migrace bude! Zat\u00edmco tup\u00ed goyim stoj\u00ed ve front\u00e1ch na mutagenn\u00ed vakc\u00edny, kter\u00e9 lidem v budoucnu p\u0159inesou b\u016fhv\u00ed jak\u00e9 n\u00e1sledky, tak mezit\u00edm v tichosti v Bruselu schv\u00e1lili migra\u010dn\u00ed reformu.\u00a0<strong>U\u017e se nebude \u0159\u00edkat, \u017ee jde o b\u011b\u017eence, ne ne. Bude se te\u010f \u0159\u00edkat, \u017ee jde o vysoce kvalifikovan\u00e9 pracovn\u00edky v oboru, a to je jedno v jak\u00e9m.<\/strong>\u00a0Koneckonc\u016f, jak jste si pr\u00e1v\u011b p\u0159e\u010detli, pracovn\u00ed smlouva bude moci b\u00fdt jen na 6 m\u011bs\u00edc\u016f, to i v t\u011bch USA v p\u0159\u00edpad\u011b Green Cards feder\u00e1ln\u00ed org\u00e1ny vy\u017eaduj\u00ed smlouvu na dobu neur\u010ditou, anebo na dobu platnosti zelen\u00e9 karty, obvykle 10 let.<\/p>\n<h6><span style=\"font-size: 14pt;\">Vysok\u00e1 kvalifikace ano, ale ne ve smyslu dosa\u017een\u00e9ho vzd\u011bl\u00e1n\u00ed a studia, ale ve smyslu \u0159emesla a tradic v dan\u00e9m oboru<\/span><\/h6>\n<p>Rovn\u011b\u017e v USA m\u016f\u017eete zm\u011bnit zam\u011bstnavatele po obdr\u017een\u00ed zelen\u00e9 karty, ale obvykle se t\u00edm vystav\u00edte finan\u010dn\u00ed sankci, proto\u017ee firma v\u00e1m zelenou kartu tzv. zasponzorovala ze sv\u00e9 feder\u00e1ln\u00ed p\u0159id\u011blen\u00e9 ro\u010dn\u00ed kv\u00f3ty.\u00a0<strong>Evropsk\u00e1 komise prost\u011b d\u011bl\u00e1 v\u0161e proto, aby do Evropy ty migranty dostala, aby do\u0161lo k britanizaci Evropy, tedy k p\u0159em\u011bn\u011b Evropy do podoby islamizovan\u00e9ho prostoru<\/strong>, kter\u00fd dovede p\u016fvodn\u00ed k\u0159es\u0165anskou civilizaci k rozvratu jako nyn\u00ed ve Francii, kde se bou\u0159\u00ed gener\u00e1lov\u00e9, proto\u017ee velmi pozd\u011b a najednou zjistili, \u017ee z Francie se po 50 letech nasunov\u00e1n\u00ed muslimsk\u00fdch Afri\u010dan\u016f st\u00e1v\u00e1 isl\u00e1msk\u00e1 zem\u011b. A p\u0159esn\u011b toto je napl\u00e1nov\u00e1no s celou Evropskou uni\u00ed v r\u00e1mci Agendy 2050.<\/p>\n<figure id=\"attachment_46768\" class=\"wp-caption aligncenter\" style=\"width: 598px;\"><a href=\"https:\/\/aeronet.cz\/news\/wp-content\/uploads\/HighlySkilledWorkers.jpg\"><img decoding=\"async\" loading=\"lazy\" class=\"wp-image-46768 \" src=\"https:\/\/aeronet.cz\/news\/wp-content\/uploads\/HighlySkilledWorkers-1024x575.jpg\" sizes=\"(max-width: 700px) 100vw, 700px\" srcset=\"https:\/\/aeronet.cz\/news\/wp-content\/uploads\/HighlySkilledWorkers-1024x575.jpg 1024w, https:\/\/aeronet.cz\/news\/wp-content\/uploads\/HighlySkilledWorkers-300x169.jpg 300w, https:\/\/aeronet.cz\/news\/wp-content\/uploads\/HighlySkilledWorkers-768x431.jpg 768w, https:\/\/aeronet.cz\/news\/wp-content\/uploads\/HighlySkilledWorkers-700x393.jpg 700w, https:\/\/aeronet.cz\/news\/wp-content\/uploads\/HighlySkilledWorkers-636x357.jpg 636w, https:\/\/aeronet.cz\/news\/wp-content\/uploads\/HighlySkilledWorkers-860x483.jpg 860w, https:\/\/aeronet.cz\/news\/wp-content\/uploads\/HighlySkilledWorkers.jpg 1280w\" alt=\"\" width=\"598\" height=\"336\" \/><\/a><figcaption class=\"wp-caption-text\">Vysoce kvalifikovan\u00e1 pr\u00e1ce v p\u0159\u00edstavn\u00edm doku v Hamburku<\/figcaption><\/figure>\n<p>Migrant tedy p\u0159ijede na lodi\u010dce do Evropy a \u0159ekne, \u017ee je vysoce kvalifikovan\u00fd pracovn\u00edk. Um\u00ed p\u011bstovat africk\u00e9 pou\u0161tn\u00ed kozy. Ty vy\u017eaduj\u00ed jako podest\u00fdlku stepn\u00ed tr\u00e1vu sm\u00edchanou s pou\u0161tn\u00edm p\u00edskem, jinak doj\u00ed m\u00e9n\u011b. Vy\u017eaduj\u00ed speci\u00e1ln\u00ed krmivo. Imigra\u010dn\u00ed \u00fa\u0159edn\u00edk s ohromen\u00fdm v\u00fdrazem ve tv\u00e1\u0159i pok\u00fdv\u00e1 hlavou a \u0159ekne: \u201c<em>To je odborn\u00edk na slovo vzat\u00fd!\u201d<\/em>\u00a0Takhle p\u0159esn\u011b to bude fungovat a t\u011bch vysoce kvalifikovan\u00fdch migrant\u016f budou statis\u00edce ka\u017ed\u00fd rok. Pozn\u00e1te to podle\u00a0<em>halal<\/em>\u00a0obchod\u016f s nast\u0159elen\u00fdmi n\u00e1lepkami\u00a0<em>Bio<\/em>.<\/p>\n<p><strong>Zapome\u0148te na raketov\u00e9 in\u017een\u00fdry a kardiochirurgy, tihle vysoce kvalifikovan\u00ed pracovn\u00edci maj\u00ed expert\u00edzu v jin\u00fdch oborech, ne tak presti\u017en\u00edch.<\/strong>\u00a0Kdyby m\u011bli presti\u017en\u00ed kvalifikaci, asi by nemigrovali ze sv\u00e9 zem\u011b na lodi\u010dce do EU nalehko a nenech\u00e1vali by za sebou doma rodinu, a kdy\u017e by ji nechali, necht\u011bli by se s n\u00ed slu\u010dovat v EU. Virov\u00e1 hysterie tak odklonila pozornost lid\u00ed od migrace a pod\u00edvejte se, jak vyu\u017eili pandemii k protla\u010den\u00ed dohody o reform\u011b migrace.<\/p>\n<p>-VK- \u0160\u00e9fredaktor AE News<\/p>\n<p><a href=\"https:\/\/aeronet.cz\/news\/evropska-unie-se-potichu-dohodla-na-rozdavani-blue-cards-migrantum-podle-vzoru-americkych-green-cards-udajne-vysoce-kvalifikovani-migranti-po-obdrzeni-modre-karty-budou-mit-pravo-na-slouceni-rodiny\/\">ZDROJ<\/a><\/p>\n<p>&nbsp;<\/p>\n<p>&nbsp;<\/p>\n","protected":false},"excerpt":{"rendered":"<p>Evropsk\u00e1 unie se potichu dohodla na rozd\u00e1v\u00e1n\u00ed Blue Cards migrant\u016fm podle vzoru americk\u00fdch Green Cards!&#8230;<\/p>\n","protected":false},"author":2,"featured_media":1114,"comment_status":"closed","ping_status":"closed","sticky":false,"template":"","format":"standard","meta":[],"categories":[7],"tags":[41,119,37],"_links":{"self":[{"href":"https:\/\/www.infokuryr.cz\/n\/wp-json\/wp\/v2\/posts\/1895"}],"collection":[{"href":"https:\/\/www.infokuryr.cz\/n\/wp-json\/wp\/v2\/posts"}],"about":[{"href":"https:\/\/www.infokuryr.cz\/n\/wp-json\/wp\/v2\/types\/post"}],"author":[{"embeddable":true,"href":"https:\/\/www.infokuryr.cz\/n\/wp-json\/wp\/v2\/users\/2"}],"replies":[{"embeddable":true,"href":"https:\/\/www.infokuryr.cz\/n\/wp-json\/wp\/v2\/comments?post=1895"}],"version-history":[{"count":0,"href":"https:\/\/www.infokuryr.cz\/n\/wp-json\/wp\/v2\/posts\/1895\/revisions"}],"wp:featuredmedia":[{"embeddable":true,"href":"https:\/\/www.infokuryr.cz\/n\/wp-json\/wp\/v2\/media\/1114"}],"wp:attachment":[{"href":"https:\/\/www.infokuryr.cz\/n\/wp-json\/wp\/v2\/media?parent=1895"}],"wp:term":[{"taxonomy":"category","embeddable":true,"href":"https:\/\/www.infokuryr.cz\/n\/wp-json\/wp\/v2\/categories?post=1895"},{"taxonomy":"post_tag","embeddable":true,"href":"https:\/\/www.infokuryr.cz\/n\/wp-json\/wp\/v2\/tags?post=1895"}],"curies":[{"name":"wp","href":"https:\/\/api.w.org\/{rel}","templated":true}]}}