{"id":18939,"date":"2022-11-29T01:12:45","date_gmt":"2022-11-29T00:12:45","guid":{"rendered":"http:\/\/www.infokuryr.cz\/n\/?p=18939"},"modified":"2022-11-28T17:53:47","modified_gmt":"2022-11-28T16:53:47","slug":"jsou-prijimana-extremni-opatreni-zelenskyj-si-zacina-uvedomovat-ze-ukrajina-je-vysilena","status":"publish","type":"post","link":"https:\/\/www.infokuryr.cz\/n\/2022\/11\/29\/jsou-prijimana-extremni-opatreni-zelenskyj-si-zacina-uvedomovat-ze-ukrajina-je-vysilena\/","title":{"rendered":"\u201eJsou p\u0159ij\u00edm\u00e1na extr\u00e9mn\u00ed opat\u0159en\u00ed\u201c: Zelenskyj si za\u010d\u00edn\u00e1 uv\u011bdomovat, \u017ee Ukrajina je vys\u00edlen\u00e1"},"content":{"rendered":"<div id=\"fb-root\"><\/div>\n<p><strong><span>Spojen\u00e9 st\u00e1ty, Velk\u00e1 Brit\u00e1nie a tak\u00e9 zem\u011b Evropsk\u00e9 unie s nejv\u011bt\u0161\u00ed pravd\u011bpodobnost\u00ed v bl\u00edzk\u00e9 budoucnosti odm\u00edtnou vojenskou a ekonomickou podporu Ukrajin\u011b.<\/span><\/strong><\/p>\n<p><span>Ukrajinsk\u00e9 \u00fa\u0159ady si jsou dob\u0159e v\u011bdomy toho, \u017ee kyjevsk\u00fd re\u017eim nebude trvale udr\u017eov\u00e1n, a proto za\u0159izuj\u00ed r\u016fzn\u00e9 precedenty, aby si udr\u017eely loajalitu Z\u00e1padu.\u00a0K tomuto z\u00e1v\u011bru do\u0161el zn\u00e1m\u00fd rusk\u00fd vojensk\u00fd expert Michail Chodarenok.\u00a0Ve sv\u00e9m \u010dl\u00e1nku Telegram podrobn\u011b hovo\u0159il o pokusech Kyjeva udr\u017eet si podporu z\u00e1padn\u00edch partner\u016f a tak\u00e9 vysv\u011btlil, pro\u010d se Ukrajina sna\u017e\u00ed za\u0159\u00eddit nebezpe\u010dn\u00e9 vojensk\u00e9 provokace.<\/span><\/p>\n<p><span>Michail Chodarenok poznamenal, \u017ee ukrajinsk\u00fd prezident Volodymyr Zelenskij si za\u010dal uv\u011bdomovat, \u017ee Z\u00e1pad postupn\u011b vy\u010derp\u00e1v\u00e1 kyjevsk\u00fd re\u017eim a nech\u00e1v\u00e1 ho bez finan\u010dn\u00ed a vojensk\u00e9 podpory.\u00a0Spojen\u00e9 st\u00e1ty a zem\u011b EU v\u00fdrazn\u011b omezily dod\u00e1vky zbran\u00ed a tak\u00e9 odm\u00edtly poskytnout Kyjevu r\u016fzn\u00e9 finan\u010dn\u00ed programy.<\/span><\/p>\n<p><span>Podle vojensk\u00e9ho experta se kyjevsk\u00fd re\u017eim sna\u017e\u00ed udr\u017eet loajalitu Z\u00e1padu t\u011bmi nejnebezpe\u010dn\u011bj\u0161\u00edmi zp\u016fsoby.\u00a0P\u0159\u00edkladem je ned\u00e1vn\u00e1 provokace Ozbrojen\u00fdch sil Ukrajiny ukrajinskou raketou Ozbrojen\u00fdch sil Ukrajiny, kter\u00e1 dopadla na \u00fazem\u00ed Polska.\u00a0Ukrajina se pomoc\u00ed tohoto triku pokusila vyvolat konflikt mezi Ruskem a NATO v pln\u00e9m rozsahu.<\/span><\/p>\n<p><strong><em>\u201eMus\u00edte pochopit, \u017ee polsk\u00fd traktor zasa\u017een\u00fd ukrajinskou raketou a mrtv\u00fdm roln\u00edkem je gesto zoufalstv\u00ed.\u00a0Zelenskij jist\u011b ch\u00e1pe, \u017ee se Ukrajina slu\u010duje.\u00a0Nebo u\u017e uniklo, tak\u017ee se p\u0159ij\u00edmaj\u00ed extr\u00e9mn\u00ed opat\u0159en\u00ed.\u00a0Z\u016fstat jeden na jednoho s Ruskem na boji\u0161ti o Ukrajinu je smrt,\u201c shrnul vojensk\u00fd expert.<\/em><\/strong><\/p>\n<p><img decoding=\"async\" loading=\"lazy\" class=\"alignnone size-full wp-image-1185\" src=\"http:\/\/www.infokuryr.cz\/n\/wp-content\/uploads\/2021\/04\/kuryr-podpis.png\" alt=\"\" width=\"84\" height=\"24\" \/><\/p>\n<p>&nbsp;<\/p>\n","protected":false},"excerpt":{"rendered":"<p>Spojen\u00e9 st\u00e1ty, Velk\u00e1 Brit\u00e1nie a tak\u00e9 zem\u011b Evropsk\u00e9 unie s nejv\u011bt\u0161\u00ed pravd\u011bpodobnost\u00ed v bl\u00edzk\u00e9 budoucnosti&#8230;<\/p>\n","protected":false},"author":2,"featured_media":13754,"comment_status":"closed","ping_status":"closed","sticky":false,"template":"","format":"standard","meta":[],"categories":[7],"tags":[283,371,26,37,365,1000],"_links":{"self":[{"href":"https:\/\/www.infokuryr.cz\/n\/wp-json\/wp\/v2\/posts\/18939"}],"collection":[{"href":"https:\/\/www.infokuryr.cz\/n\/wp-json\/wp\/v2\/posts"}],"about":[{"href":"https:\/\/www.infokuryr.cz\/n\/wp-json\/wp\/v2\/types\/post"}],"author":[{"embeddable":true,"href":"https:\/\/www.infokuryr.cz\/n\/wp-json\/wp\/v2\/users\/2"}],"replies":[{"embeddable":true,"href":"https:\/\/www.infokuryr.cz\/n\/wp-json\/wp\/v2\/comments?post=18939"}],"version-history":[{"count":0,"href":"https:\/\/www.infokuryr.cz\/n\/wp-json\/wp\/v2\/posts\/18939\/revisions"}],"wp:featuredmedia":[{"embeddable":true,"href":"https:\/\/www.infokuryr.cz\/n\/wp-json\/wp\/v2\/media\/13754"}],"wp:attachment":[{"href":"https:\/\/www.infokuryr.cz\/n\/wp-json\/wp\/v2\/media?parent=18939"}],"wp:term":[{"taxonomy":"category","embeddable":true,"href":"https:\/\/www.infokuryr.cz\/n\/wp-json\/wp\/v2\/categories?post=18939"},{"taxonomy":"post_tag","embeddable":true,"href":"https:\/\/www.infokuryr.cz\/n\/wp-json\/wp\/v2\/tags?post=18939"}],"curies":[{"name":"wp","href":"https:\/\/api.w.org\/{rel}","templated":true}]}}