{"id":18937,"date":"2022-11-29T01:10:29","date_gmt":"2022-11-29T00:10:29","guid":{"rendered":"http:\/\/www.infokuryr.cz\/n\/?p=18937"},"modified":"2022-11-28T17:41:49","modified_gmt":"2022-11-28T16:41:49","slug":"p-c-roberts-zda-se-ze-rusove-porazi-ukrajinu-i-bez-zimni-ofenzivy","status":"publish","type":"post","link":"https:\/\/www.infokuryr.cz\/n\/2022\/11\/29\/p-c-roberts-zda-se-ze-rusove-porazi-ukrajinu-i-bez-zimni-ofenzivy\/","title":{"rendered":"P.C.Roberts: Zd\u00e1 se, \u017ee Rusov\u00e9 poraz\u00ed Ukrajinu i bez zimn\u00ed ofenz\u00edvy"},"content":{"rendered":"<div id=\"fb-root\"><\/div>\n<p>Zd\u00e1 se, \u017ee osm m\u011bs\u00edc\u016f trvaj\u00edc\u00ed politika Kremlu, zdr\u017euj\u00edc\u00ed jej od rozhodn\u00e9ho \u00fatoku na Ukrajinu, kon\u010d\u00ed. Ukrajinsk\u00e1 infrastruktura, to je energetika, doprava a voda, je rozvr\u00e1cena, a \u00fatoky skute\u010dn\u00e9 rusk\u00e9 v\u00e1lky proti ukrajinsk\u00e9 schopnosti fungovat postupn\u011b eskaluj\u00ed. Ukrajina tak zaznamen\u00e1v\u00e1 st\u00e1le v\u011bt\u0161\u00ed a v\u00e1\u017en\u011bj\u0161\u00ed \u0161kody, av\u0161ak nezd\u00e1 se, \u017ee by zde Rusov\u00e9 cht\u011bli zni\u010dit \u00faln\u011b v\u0161echno, pokud ov\u0161em Z\u00e1pad a jeho loutkov\u00e1 ukrajinsk\u00e1 vl\u00e1da nep\u0159ijdou d\u0159\u00edv\u00a0 k rozumu.<\/p>\n<p>Z\u00e1padn\u00ed medi\u00e1ln\u00ed d\u011bvky pochopiteln\u011b neinformuj\u00ed ve\u0159ejnost pravdiv\u011b. Z\u00e1padn\u00ed presstitutky jsou ministerstvem propagandy, kter\u00e9 stvo\u0159ilo obraz rusk\u00e9 por\u00e1\u017eky. A bylo by skute\u010dn\u011b obt\u00ed\u017en\u00e9 ozna\u010dit z\u00e1padn\u00edho lh\u00e1\u0159e nejv\u011bt\u0161\u00edho, proto\u017ee kandid\u00e1t\u016f na tento titul je bezpo\u010det. Ale i tak a aspo\u0148 na okam\u017eik vyzvedn\u011bme Charlese Moora z britsk\u00e9ho Telegraphu, kter\u00fd napsal: \u201eVe sv\u011btle ukrajinsk\u00fdch v\u00edt\u011bzstv\u00ed zbyla Putinovi u\u017e jen jedin\u00e1 nad\u011bje. P\u0159im\u011bt Z\u00e1pad k jedn\u00e1n\u00ed\u201c. A nedosti na tom Telegraph p\u0159id\u00e1v\u00e1 informaci, \u017ee \u201eUkrajina by se mohla zmocnit Krymu do V\u00e1noc\u201c.Viz:\u00a0 <a href=\"https:\/\/www.telegraph.co.uk\/world-news\/2022\/11\/19\/ukraine-news-russia-war-latest-putin-missiles-severodonetsk\/?li_source=LI&amp;li_medium=liftigniter-rhr\">ZDE<\/a><\/p>\n<p>A podobn\u00e9 nesmysly \u0161\u00ed\u0159\u00ed i ameri\u010dt\u00ed tzv. experti na Rusko.<\/p>\n<p>V d\u016fsledku takov\u00e9hoto zpravodajstv\u00ed maj\u00ed lid\u00e9 na Z\u00e1pad\u011b v hlav\u00e1ch zcela fale\u0161n\u00fd obraz o situaci. Rusko by de facto mohlo zni\u010dit Ukrajinu i bez pou\u017eit\u00ed jadern\u00fdch zbran\u00ed a rusk\u00e1 zdr\u017eenlivost v tomto sm\u011bru, podle m\u011b strategick\u00e1 chyba umo\u017e\u0148uj\u00edc\u00ed Z\u00e1padu do sporu vstoupit a v\u00e1lku roz\u0161\u00ed\u0159it, m\u00e1 v\u0161ak z\u00e1rove\u0148 i \u0159adu legitimn\u00edch d\u016fvod\u016f. Ukrajina a jej\u00ed obyvatelstvo byli sou\u010d\u00e1stmi Ruka po stalet\u00ed a proto zde dodnes existuj\u00ed mnoh\u00e1 ukrajinsko-rusk\u00e1\u00a0 man\u017eelstv\u00ed. V\u011bt\u0161ina Ukrajinc\u016f nen\u00ed naklon\u011bna neo-nacist\u016fm, kte\u0159\u00ed dominuj\u00ed na Ukrajin\u011b od americk\u00e9ho svr\u017een\u00ed ukrajinsk\u00e9 vl\u00e1dy v roce 2014, a vl\u00e1dy nov\u00e9 p\u0159ij\u00edmaj\u00ed sp\u00ed\u0161 jako jako utrpen\u00ed.<\/p>\n<p>Kreml netou\u017e\u00ed m\u00edt po boku Ruska rozvr\u00e1cenou a zbombardovanou zemi, a stejn\u011b tak netou\u017e\u00ed n\u00e9st odpov\u011bdnost za obnovu ukrajinsk\u00e9 infrastruktury.<\/p>\n<p>Av\u0161ak z pohledu Washingtonu \u010d\u00edm v\u00edce je Ukrajina zni\u010dena, t\u00edm l\u00edp. A jestli\u017ee v kone\u010dn\u00e9 f\u00e1zi Putin polovi\u010dat\u00e1 vojensk\u00e1 \u0159e\u0161en\u00ed odm\u00edtne a p\u0159istoup\u00ed ke skute\u010dn\u00e9mu boji, bude s v\u00e1lkou brzy konec. Av\u0161ak pokud Washington dok\u00e1\u017ee zabr\u00e1nit Zelensk\u00e9mu vzd\u00e1t se d\u0159\u00edv, ne\u017e cel\u00e1 Ukrajina zmiz\u00ed v suti a prachu, z\u00edsk\u00e1 benefit z ekonomick\u00e9 a finan\u010dn\u00ed ztr\u00e1ty Ruska, kter\u00e9 t\u00edhu z obnovy ukrajinsk\u00e9 infrastruktury odnese na sv\u00fdch z\u00e1dech. Tak\u017ee naz\u00edr\u00e1no z Washingtonu: \u010c\u00edm v\u00edce probl\u00e9m\u016f pro Rusko, t\u00edm l\u00e9pe pro USA \u2013 a to be ohledu na to, co to bude st\u00e1t Ukrajince.<\/p>\n<p>Jsme tedy sv\u011bdky enormn\u00ed nelidskosti Washingtonu i dal\u0161\u00edch metropol\u00ed NATO. A je nespravedliv\u00e9, \u017ee n\u00e1klady za tuto z\u00e1padn\u00ed nelidskost plat\u00ed Ukrajina a nikoliv Washington a dal\u0161\u00ed metropole NATO.<\/p>\n<p><em>Vybral a p\u0159elo\u017eil Lubom\u00edr Man<\/em><\/p>\n<p>&nbsp;<\/p>\n","protected":false},"excerpt":{"rendered":"<p>Zd\u00e1 se, \u017ee osm m\u011bs\u00edc\u016f trvaj\u00edc\u00ed politika Kremlu, zdr\u017euj\u00edc\u00ed jej od rozhodn\u00e9ho \u00fatoku na Ukrajinu,&#8230;<\/p>\n","protected":false},"author":2,"featured_media":810,"comment_status":"closed","ping_status":"closed","sticky":false,"template":"","format":"standard","meta":[],"categories":[7],"tags":[1042,29,22,26],"_links":{"self":[{"href":"https:\/\/www.infokuryr.cz\/n\/wp-json\/wp\/v2\/posts\/18937"}],"collection":[{"href":"https:\/\/www.infokuryr.cz\/n\/wp-json\/wp\/v2\/posts"}],"about":[{"href":"https:\/\/www.infokuryr.cz\/n\/wp-json\/wp\/v2\/types\/post"}],"author":[{"embeddable":true,"href":"https:\/\/www.infokuryr.cz\/n\/wp-json\/wp\/v2\/users\/2"}],"replies":[{"embeddable":true,"href":"https:\/\/www.infokuryr.cz\/n\/wp-json\/wp\/v2\/comments?post=18937"}],"version-history":[{"count":0,"href":"https:\/\/www.infokuryr.cz\/n\/wp-json\/wp\/v2\/posts\/18937\/revisions"}],"wp:featuredmedia":[{"embeddable":true,"href":"https:\/\/www.infokuryr.cz\/n\/wp-json\/wp\/v2\/media\/810"}],"wp:attachment":[{"href":"https:\/\/www.infokuryr.cz\/n\/wp-json\/wp\/v2\/media?parent=18937"}],"wp:term":[{"taxonomy":"category","embeddable":true,"href":"https:\/\/www.infokuryr.cz\/n\/wp-json\/wp\/v2\/categories?post=18937"},{"taxonomy":"post_tag","embeddable":true,"href":"https:\/\/www.infokuryr.cz\/n\/wp-json\/wp\/v2\/tags?post=18937"}],"curies":[{"name":"wp","href":"https:\/\/api.w.org\/{rel}","templated":true}]}}