{"id":18925,"date":"2022-11-29T01:05:51","date_gmt":"2022-11-29T00:05:51","guid":{"rendered":"http:\/\/www.infokuryr.cz\/n\/?p=18925"},"modified":"2022-11-28T16:47:44","modified_gmt":"2022-11-28T15:47:44","slug":"svedsko-usiluje-o-zruseni-povoleni-k-trvalemu-pobytu-v-ramci-represi-proti-migrantum","status":"publish","type":"post","link":"https:\/\/www.infokuryr.cz\/n\/2022\/11\/29\/svedsko-usiluje-o-zruseni-povoleni-k-trvalemu-pobytu-v-ramci-represi-proti-migrantum\/","title":{"rendered":"\u0160v\u00e9dsko usiluje o zru\u0161en\u00ed povolen\u00ed k trval\u00e9mu pobytu v r\u00e1mci repres\u00ed proti migrant\u016fm"},"content":{"rendered":"<div id=\"fb-root\"><\/div>\n<p><span style=\"font-size: 18pt;\">Nov\u00e1 st\u0159edoprav\u00e1 administrativa chce, aby dr\u017eitel\u00e9 povolen\u00ed k trval\u00e9mu pobytu po\u017e\u00e1dali o \u0161v\u00e9dsk\u00e9 ob\u010danstv\u00ed, pokud cht\u011bj\u00ed z\u016fstat v zemi na dobu neur\u010ditou.<\/span><\/p>\n<p><span>Nov\u011b zvolen\u00e1 \u0161v\u00e9dsk\u00e1 st\u0159edoprav\u00e1 vl\u00e1da navrhuje zm\u011bnu st\u00e1vaj\u00edc\u00edch migra\u010dn\u00edch z\u00e1kon\u016f, aby se trval\u00fd pobyt ud\u011blen\u00fd migrant\u016fm zm\u011bnil na do\u010dasn\u00e1 povolen\u00ed, informovala v p\u00e1tek m\u00edstn\u00ed m\u00e9dia.<\/span><\/p>\n<p><span>Koali\u010dn\u00ed smlouvu podepsala Um\u00edrn\u011bn\u00e1 strana, K\u0159es\u0165an\u0161t\u00ed demokrat\u00e9 a Liber\u00e1lov\u00e9 a schv\u00e1lili ji \u0160v\u00e9d\u0161t\u00ed demokrat\u00e9, kte\u0159\u00ed nejsou sou\u010d\u00e1st\u00ed vl\u00e1dy, ale nab\u00edzej\u00ed smlouvu o d\u016fv\u011b\u0159e a dod\u00e1vk\u00e1ch.\u00a0Zav\u00e1zala se zru\u0161it \u201einstituci povolen\u00ed k trval\u00e9mu pobytu\u201c s pl\u00e1ny na jejich p\u0159eveden\u00ed na do\u010dasn\u00e9, podm\u00edn\u011bn\u00e9 pr\u016fkazy.<\/span><\/p>\n<p><span>Dohoda z Tid\u00f6, 60str\u00e1nkov\u00fd dokument nasti\u0148uj\u00edc\u00ed dohodnut\u00e9 pl\u00e1ny koali\u010dn\u00ed vl\u00e1dy, obsahoval \u010detn\u00e9 p\u0159\u00edsliby k \u0159e\u0161en\u00ed leg\u00e1ln\u00edho a neleg\u00e1ln\u00edho p\u0159ist\u011bhovalectv\u00ed do \u0160v\u00e9dska, v\u010detn\u011b po\u017eadavku na \u201en\u00e1vrhy na odstran\u011bn\u00ed syst\u00e9mu povolen\u00ed k trval\u00e9mu pobytu, kter\u00e9 maj\u00ed b\u00fdt p\u0159edlo\u017eeny do roku 2024. nejpozd\u011bji.&#8220;<\/span><\/p>\n<p><span>Vl\u00e1da nav\u00edc sl\u00edbila, \u017ee \u201epro\u0161et\u0159\u00ed, zda v n\u011bkolika p\u0159\u00edpadech odejmout povolen\u00ed k pobytu, v\u010detn\u011b t\u011bch, kter\u00e9 ji\u017e \u201enespl\u0148uj\u00ed po\u017eadavky na povolen\u00ed\u201c.<\/span><\/p>\n<p><span>Mikael Ribbenvik, gener\u00e1ln\u00ed \u0159editel Agentury pro migraci, \u0159ekl\u00a0<\/span><a class=\"ek-link\" href=\"https:\/\/www.svt.se\/nyheter\/inrikes\/migrationsverket-om-tidoavtalet-jag-skulle-vara-orolig-om-jag-hade-permanent-uppehallstillstand\"><span>televizi SVT<\/span><\/a><span>\u00a0, \u017ee \u201evy\u0161et\u0159ov\u00e1n\u00ed se bude zab\u00fdvat t\u00edm, za jak\u00fdch okolnost\u00ed by se st\u00e1vaj\u00edc\u00ed povolen\u00ed k trval\u00e9mu pobytu mohla zm\u011bnit na povolen\u00ed k do\u010dasn\u00e9mu pobytu\u201c.<\/span><\/p>\n<p><span>\u201eBylo by to poprv\u00e9, co se to ve \u0160v\u00e9dsku stalo.\u00a0To jsme je\u0161t\u011b nem\u011bli,\u201c dodal Ribbenvik a vysv\u011btlil, \u017ee jakmile je povolen\u00ed trval\u00e9, neprob\u00edhaj\u00ed \u017e\u00e1dn\u00e9 dal\u0161\u00ed kontroly zp\u016fsobilosti dr\u017eitele.<\/span><\/p>\n<p><span>V\u00edce ne\u017e 300 000 migrant\u016f ve \u0160v\u00e9dsku m\u00e1 v sou\u010dasn\u00e9 dob\u011b povolen\u00ed k trval\u00e9mu pobytu a Ribbenvik \u0161v\u00e9dsk\u00e9mu vys\u00edl\u00e1n\u00ed \u0159ekl, \u017ee by se ob\u00e1val pl\u00e1n\u016f vl\u00e1dy, kdyby byl jedn\u00edm z nich.<\/span><\/p>\n<p><span>\u201eP\u00ed\u0161e se tam, \u017ee cht\u011bj\u00ed prozkoumat, zda mohou p\u0159em\u011bnit povolen\u00ed k trval\u00e9mu pobytu na do\u010dasn\u00e9, tak\u017ee bych se toho ob\u00e1val,\u201c \u0159ekl.<\/span><\/p>\n<p><span>Nov\u00e1 ministryn\u011b pro migraci Maria Malmer Stenergardov\u00e1 o v\u00edkendu pl\u00e1ny d\u00e1le up\u0159esnila a vysv\u011btlila, \u017ee ka\u017ed\u00fd, kdo chce z\u016fstat ve \u0160v\u00e9dsku neomezen\u011b dlouho, by m\u011bl po\u017e\u00e1dat o ob\u010danstv\u00ed a nez\u016fstat dr\u017eitelem povolen\u00ed k pobytu.<\/span><\/p>\n<p><span>\u201eNa povolen\u00ed k trval\u00e9mu pobytu byste tu nem\u011bli b\u00fdt v\u011b\u010dn\u011b.\u00a0Je pot\u0159eba jasn\u00e1 cesta k ob\u010danstv\u00ed,\u201c \u0159ekl Stenergard ve\u00a0<\/span><a class=\"ek-link\" href=\"https:\/\/www.svd.se\/a\/767dPW\/maria-malmer-stenergard-alla-som-vill-stanna-i-sverige-borde-ha-en-plan\"><span>Svenska Dagbladet<\/span><\/a><span>\u00a0.<\/span><\/p>\n<p><span>\u201eP\u0159edpokl\u00e1d\u00e1m, \u017ee dostanete individu\u00e1ln\u00ed pl\u00e1ny, jak toho dos\u00e1hnout.\u00a0Nau\u010dte se jazyk, vyd\u011bl\u00e1vejte si na \u017eivobyt\u00ed a m\u011bjte znalosti o \u0161v\u00e9dsk\u00e9 spole\u010dnosti, abyste se mohli pln\u011b st\u00e1t \u0161v\u00e9dsk\u00fdm ob\u010danem,\u201c dodala.<\/span><\/p>\n<p><img decoding=\"async\" loading=\"lazy\" class=\"alignnone size-full wp-image-1185\" src=\"http:\/\/www.infokuryr.cz\/n\/wp-content\/uploads\/2021\/04\/kuryr-podpis.png\" alt=\"\" width=\"84\" height=\"24\" \/><\/p>\n<p>&nbsp;<\/p>\n","protected":false},"excerpt":{"rendered":"<p>Nov\u00e1 st\u0159edoprav\u00e1 administrativa chce, aby dr\u017eitel\u00e9 povolen\u00ed k trval\u00e9mu pobytu po\u017e\u00e1dali o \u0161v\u00e9dsk\u00e9 ob\u010danstv\u00ed, pokud&#8230;<\/p>\n","protected":false},"author":2,"featured_media":1424,"comment_status":"closed","ping_status":"closed","sticky":false,"template":"","format":"standard","meta":[],"categories":[7],"tags":[1297,119,1901,124],"_links":{"self":[{"href":"https:\/\/www.infokuryr.cz\/n\/wp-json\/wp\/v2\/posts\/18925"}],"collection":[{"href":"https:\/\/www.infokuryr.cz\/n\/wp-json\/wp\/v2\/posts"}],"about":[{"href":"https:\/\/www.infokuryr.cz\/n\/wp-json\/wp\/v2\/types\/post"}],"author":[{"embeddable":true,"href":"https:\/\/www.infokuryr.cz\/n\/wp-json\/wp\/v2\/users\/2"}],"replies":[{"embeddable":true,"href":"https:\/\/www.infokuryr.cz\/n\/wp-json\/wp\/v2\/comments?post=18925"}],"version-history":[{"count":0,"href":"https:\/\/www.infokuryr.cz\/n\/wp-json\/wp\/v2\/posts\/18925\/revisions"}],"wp:featuredmedia":[{"embeddable":true,"href":"https:\/\/www.infokuryr.cz\/n\/wp-json\/wp\/v2\/media\/1424"}],"wp:attachment":[{"href":"https:\/\/www.infokuryr.cz\/n\/wp-json\/wp\/v2\/media?parent=18925"}],"wp:term":[{"taxonomy":"category","embeddable":true,"href":"https:\/\/www.infokuryr.cz\/n\/wp-json\/wp\/v2\/categories?post=18925"},{"taxonomy":"post_tag","embeddable":true,"href":"https:\/\/www.infokuryr.cz\/n\/wp-json\/wp\/v2\/tags?post=18925"}],"curies":[{"name":"wp","href":"https:\/\/api.w.org\/{rel}","templated":true}]}}