{"id":18921,"date":"2022-11-29T01:04:36","date_gmt":"2022-11-29T00:04:36","guid":{"rendered":"http:\/\/www.infokuryr.cz\/n\/?p=18921"},"modified":"2022-11-28T16:38:03","modified_gmt":"2022-11-28T15:38:03","slug":"iransky-nejvyssi-vudce-jednani-nemohou-vyresit-problem-mezi-iranem-a-spojenymi-staty","status":"publish","type":"post","link":"https:\/\/www.infokuryr.cz\/n\/2022\/11\/29\/iransky-nejvyssi-vudce-jednani-nemohou-vyresit-problem-mezi-iranem-a-spojenymi-staty\/","title":{"rendered":"\u00cdr\u00e1nsk\u00fd nejvy\u0161\u0161\u00ed v\u016fdce: Jedn\u00e1n\u00ed nemohou vy\u0159e\u0161it probl\u00e9m mezi \u00cdr\u00e1nem a Spojen\u00fdmi st\u00e1ty"},"content":{"rendered":"<div id=\"fb-root\"><\/div>\n<p data-spm-anchor-id=\"C01140752918.PaZNIkA0prFD.0.i2\">\u00cdr\u00e1nsk\u00fd nejvy\u0161\u0161\u00ed v\u016fdce Sajjid Al\u00ed Chamene\u00ed v sobotu v Teher\u00e1nu p\u0159i setk\u00e1n\u00ed se z\u00e1stupci organizace Bas\u00edd\u017e \u0159ekl, \u017ee jedn\u00e1n\u00ed nemohou vy\u0159e\u0161it probl\u00e9m mezi \u00cdr\u00e1nem a Spojen\u00fdmi st\u00e1ty.<\/p>\n<p data-spm-anchor-id=\"C01140752918.PaZNIkA0prFD.0.i1\">Podle \u00edr\u00e1nsk\u00fdch televizn\u00edch zpr\u00e1v Sajjid Al\u00ed Chamene\u00ed t\u00e9ho\u017e dne mluvil o obnoven\u00ed\u00a0 jedn\u00e1n\u00ed o komplexn\u00edm spln\u011bn\u00ed dohody \u00edr\u00e1nsk\u00e9 jadern\u00e9 ot\u00e1zky. \u0158ekl, \u017ee Spojen\u00e9 st\u00e1ty v jedn\u00e1n\u00ed odm\u00edtly zru\u0161en\u00ed sankc\u00ed v\u016f\u010di \u00cdr\u00e1nu. Spojen\u00e9 st\u00e1ty a jejich evrop\u0161t\u00ed spojenci se pokusily dos\u00e1hnout potenci\u00e1ln\u00ed dohody, aby odstranily \u00edr\u00e1nskou \u201eobrannou vojenskou silu\u201c. Rovn\u011b\u017e dodal, \u017ee \u00fa\u010delem ned\u00e1vn\u00e9ho tlaku od z\u00e1padn\u00edch zem\u00ed na \u00cdr\u00e1n je, aby \u00cdr\u00e1n ustupoval p\u0159i jedn\u00e1n\u00edch.<\/p>\n<p data-spm-anchor-id=\"C01140752918.PaZNIkA0prFD.0.i1\"><img decoding=\"async\" loading=\"lazy\" class=\"alignnone size-full wp-image-1185\" src=\"http:\/\/www.infokuryr.cz\/n\/wp-content\/uploads\/2021\/04\/kuryr-podpis.png\" alt=\"\" width=\"84\" height=\"24\" \/><\/p>\n<p data-spm-anchor-id=\"C01140752918.PaZNIkA0prFD.0.i1\">\n","protected":false},"excerpt":{"rendered":"<p>\u00cdr\u00e1nsk\u00fd nejvy\u0161\u0161\u00ed v\u016fdce Sajjid Al\u00ed Chamene\u00ed v sobotu v Teher\u00e1nu p\u0159i setk\u00e1n\u00ed se z\u00e1stupci organizace&#8230;<\/p>\n","protected":false},"author":2,"featured_media":18922,"comment_status":"closed","ping_status":"closed","sticky":false,"template":"","format":"standard","meta":[],"categories":[7],"tags":[38,1060,37],"_links":{"self":[{"href":"https:\/\/www.infokuryr.cz\/n\/wp-json\/wp\/v2\/posts\/18921"}],"collection":[{"href":"https:\/\/www.infokuryr.cz\/n\/wp-json\/wp\/v2\/posts"}],"about":[{"href":"https:\/\/www.infokuryr.cz\/n\/wp-json\/wp\/v2\/types\/post"}],"author":[{"embeddable":true,"href":"https:\/\/www.infokuryr.cz\/n\/wp-json\/wp\/v2\/users\/2"}],"replies":[{"embeddable":true,"href":"https:\/\/www.infokuryr.cz\/n\/wp-json\/wp\/v2\/comments?post=18921"}],"version-history":[{"count":0,"href":"https:\/\/www.infokuryr.cz\/n\/wp-json\/wp\/v2\/posts\/18921\/revisions"}],"wp:featuredmedia":[{"embeddable":true,"href":"https:\/\/www.infokuryr.cz\/n\/wp-json\/wp\/v2\/media\/18922"}],"wp:attachment":[{"href":"https:\/\/www.infokuryr.cz\/n\/wp-json\/wp\/v2\/media?parent=18921"}],"wp:term":[{"taxonomy":"category","embeddable":true,"href":"https:\/\/www.infokuryr.cz\/n\/wp-json\/wp\/v2\/categories?post=18921"},{"taxonomy":"post_tag","embeddable":true,"href":"https:\/\/www.infokuryr.cz\/n\/wp-json\/wp\/v2\/tags?post=18921"}],"curies":[{"name":"wp","href":"https:\/\/api.w.org\/{rel}","templated":true}]}}