{"id":1890,"date":"2021-05-22T08:10:42","date_gmt":"2021-05-22T06:10:42","guid":{"rendered":"http:\/\/www.infokuryr.cz\/n\/?p=1890"},"modified":"2021-05-22T08:10:42","modified_gmt":"2021-05-22T06:10:42","slug":"brzy-zacne-valka-loutkaru-proti-probuzenym","status":"publish","type":"post","link":"https:\/\/www.infokuryr.cz\/n\/2021\/05\/22\/brzy-zacne-valka-loutkaru-proti-probuzenym\/","title":{"rendered":"Brzy za\u010dne v\u00e1lka loutka\u0159\u016f proti probuzen\u00fdm"},"content":{"rendered":"<div id=\"fb-root\"><\/div>\n<p><strong>&#8222;Brzy za\u010dne tich\u00e1 v\u00e1lka loutka\u0159\u016f proti probuzen\u00fdm lidem. Odp\u016frci vakc\u00edn a rou\u0161ek budou d\u00e9monizov\u00e1ni, p\u0159ijdou demonstrace za to aby n\u00e1s donutili si to vz\u00edt. Dojde ke zru\u0161en\u00ed z\u00e1kon\u016f a \u00famluv. Jednoho dne v\u00e1s odchytnou, um\u00edst\u00ed n\u00e1s do karant\u00e9n, budou n\u00e1s n\u00e1sil\u00edm nutit do p\u0159ijet\u00ed vakc\u00edn.&#8220; Pavel Krej\u010d\u00ed<\/strong><\/p>\n<p>Je to pravda. Agenda 2030. Z\u00e1rove\u0148 je pravda, \u017ee je tady v\u017edy pl\u00e1n B. A k tomu v\u0161emu je pravda, \u017ee my tvo\u0159\u00edme na\u0161i realitu. Tak\u017ee jsme vystaveni v\u00e1lce v\u011bdom\u00ed.<\/p>\n<p>Te\u010f je to: Kdo z koho. Na\u0161e zbran\u011b? Jasnost mysli, odvaha, pravda, tvorba nov\u00e9ho sv\u011bta bez pseudotv\u016frc\u016f, Bo\u017e\u00ed ochrana.<\/p>\n<p>Andrea Pa Lahan<\/p>\n<p><em>Zdroj: FB Andrei Vok\u00e1\u010dov\u00e9<\/em><\/p>\n<p>&nbsp;<\/p>\n<p>&nbsp;<\/p>\n","protected":false},"excerpt":{"rendered":"<p>&#8222;Brzy za\u010dne tich\u00e1 v\u00e1lka loutka\u0159\u016f proti probuzen\u00fdm lidem. Odp\u016frci vakc\u00edn a rou\u0161ek budou d\u00e9monizov\u00e1ni, p\u0159ijdou&#8230;<\/p>\n","protected":false},"author":2,"featured_media":1581,"comment_status":"closed","ping_status":"closed","sticky":false,"template":"","format":"standard","meta":[],"categories":[6],"tags":[23,144,213,48],"_links":{"self":[{"href":"https:\/\/www.infokuryr.cz\/n\/wp-json\/wp\/v2\/posts\/1890"}],"collection":[{"href":"https:\/\/www.infokuryr.cz\/n\/wp-json\/wp\/v2\/posts"}],"about":[{"href":"https:\/\/www.infokuryr.cz\/n\/wp-json\/wp\/v2\/types\/post"}],"author":[{"embeddable":true,"href":"https:\/\/www.infokuryr.cz\/n\/wp-json\/wp\/v2\/users\/2"}],"replies":[{"embeddable":true,"href":"https:\/\/www.infokuryr.cz\/n\/wp-json\/wp\/v2\/comments?post=1890"}],"version-history":[{"count":0,"href":"https:\/\/www.infokuryr.cz\/n\/wp-json\/wp\/v2\/posts\/1890\/revisions"}],"wp:featuredmedia":[{"embeddable":true,"href":"https:\/\/www.infokuryr.cz\/n\/wp-json\/wp\/v2\/media\/1581"}],"wp:attachment":[{"href":"https:\/\/www.infokuryr.cz\/n\/wp-json\/wp\/v2\/media?parent=1890"}],"wp:term":[{"taxonomy":"category","embeddable":true,"href":"https:\/\/www.infokuryr.cz\/n\/wp-json\/wp\/v2\/categories?post=1890"},{"taxonomy":"post_tag","embeddable":true,"href":"https:\/\/www.infokuryr.cz\/n\/wp-json\/wp\/v2\/tags?post=1890"}],"curies":[{"name":"wp","href":"https:\/\/api.w.org\/{rel}","templated":true}]}}