{"id":18882,"date":"2022-11-28T05:41:01","date_gmt":"2022-11-28T04:41:01","guid":{"rendered":"http:\/\/www.infokuryr.cz\/n\/?p=18882"},"modified":"2022-11-28T05:41:01","modified_gmt":"2022-11-28T04:41:01","slug":"nemecka-vlada-bude-automaticky-rozvavat-uprchlikum-obcanstvi","status":"publish","type":"post","link":"https:\/\/www.infokuryr.cz\/n\/2022\/11\/28\/nemecka-vlada-bude-automaticky-rozvavat-uprchlikum-obcanstvi\/","title":{"rendered":"N\u011bmeck\u00e1 vl\u00e1da bude automaticky rozv\u00e1vat uprchl\u00edk\u016fm ob\u010danstv\u00ed"},"content":{"rendered":"<div id=\"fb-root\"><\/div>\n<h2 class=\"entry-title\">P\u016fjde nejm\u00e9n\u011b o 2 mil. osob. Nemus\u00ed um\u011bt n\u011bmecky, dokonce ani \u010d\u00edst a ps\u00e1t! Je\u0161t\u011b n\u011bkdo pochybuje o pl\u00e1nech na zni\u010den\u00ed b\u00edl\u00e9 Evropy?<\/h2>\n<p><strong>N\u011bmeck\u00e1 vl\u00e1da se rozhodla p\u0159edlo\u017eit nov\u00fd z\u00e1kon, kter\u00fd umo\u017en\u00ed rozd\u00e1n\u00ed n\u011bmeck\u00e9ho ob\u010danstv\u00ed de facto v\u0161em barevn\u00fdm uprchl\u00edk\u016fm, kte\u0159\u00ed p\u0159i\u0161li ileg\u00e1ln\u011b do N\u011bmecka. Podle odborn\u00edk\u016f z ministerstva vnitra by se m\u011blo jednat v prvn\u00ed\u00a0<a href=\"https:\/\/jungefreiheit.de\/politik\/deutschland\/2022\/deutscher-pass-fuer-fluechtlinge\/\">vln\u011b nejm\u00e9n\u011b o 2 miliony osob<\/a>!\u00a0<\/strong>Podle z\u00e1kona maj\u00ed nav\u00edc v\u0161echny d\u011bti ileg\u00e1ln\u00edch uprchl\u00edk\u016f narozen\u00e9 v N\u011bmecku na ob\u010danstv\u00ed n\u00e1rok automaticky.\u00a0<strong>Z\u00e1kon tak\u00e9 ru\u0161\u00ed ve\u0161ker\u00e9 po\u017eadavky na znalost n\u011bm\u010diny, \u010di minim\u00e1ln\u00ed gramotnost. Ob\u010danstv\u00ed dostanou i \u201euprchl\u00edci \u2013 l\u00e9ka\u0159i a v\u011bdci\u201c , kte\u0159\u00ed neum\u00ed \u010d\u00edst a ps\u00e1t! Podle vl\u00e1dy je to nezbytn\u00fd krok k za\u010dlen\u011bn\u00ed uprchl\u00edk\u016f do n\u011bmeck\u00e9 spole\u010dnosti.\u00a0<\/strong>Jak se za\u010dlen\u00ed uprchl\u00edk, kter\u00fd neum\u00ed \u010d\u00edst a ps\u00e1t sice ji\u017e vl\u00e1da ne\u0159\u00edk\u00e1, ale to media nezaj\u00edm\u00e1.\u00a0<strong>C\u00edlem je muslimsk\u00e9 N\u011bmecko s nevzd\u011blan\u00fdm barevn\u00fdm obyvatelstvem.<\/strong><\/p>\n<p><strong>Pochybuje je\u0161t\u011b n\u011bkdo, \u017ee migrace je \u0159\u00edzen\u00fd proces a jeho c\u00edlem je likvidace b\u00edl\u00fdch n\u00e1rod\u016f Evropy?! Je to proces, kter\u00fd zah\u00e1jily elity z \u0159ad glob\u00e1ln\u00ed finan\u010dn\u00ed oligarchie a t\u00fdk\u00e1 se i n\u00e1s \u010cech\u016f.\u00a0<\/strong>Na n\u00e1s jdou zat\u00edm pomalu, proto\u017ee tady nefunguje vnucen\u00e1 \u201eholocaustov\u00e1 a koloni\u00e1ln\u00ed\u201c vina.\u00a0<strong>Proto do \u010cech jsou zat\u00edm implementov\u00e1ni \u201e\u010ce\u0161i s vietnamsk\u00fdmi a afg\u00e1nsk\u00fdmi ko\u0159eny\u201c, co na tom, \u017ee mnoz\u00ed rovn\u011b\u017e neum\u00ed \u010desky skoro ani slovo. Dal\u0161\u00edm hitem je sou\u010dasn\u00e1 ukrajinizace, kdy jsou vl\u00e1dou ODS P. Fialy do \u010cech l\u00e1k\u00e1ni Ukrajinci a je jim nab\u00edzeno tu z\u016fstat nav\u017edy na n\u00e1klady st\u00e1tu.<\/strong>\u00a0Glob\u00e1ln\u00ed finan\u010dn\u00ed oligarchie\u00a0<strong>n\u00e1m vyhl\u00e1sila boj na \u017eivot a na smrt ji\u017e p\u0159ed mnoha lety. P\u0159ijm\u011bme ten boj a bojujme ho, jen tak m\u016f\u017eeme jako n\u00e1rod p\u0159e\u017e\u00ed<\/strong>t.<\/p>\n<p><img decoding=\"async\" loading=\"lazy\" class=\"alignnone size-full wp-image-1185\" src=\"http:\/\/www.infokuryr.cz\/n\/wp-content\/uploads\/2021\/04\/kuryr-podpis.png\" alt=\"\" width=\"84\" height=\"24\" \/><\/p>\n<p>&nbsp;<\/p>\n","protected":false},"excerpt":{"rendered":"<p>P\u016fjde nejm\u00e9n\u011b o 2 mil. osob. Nemus\u00ed um\u011bt n\u011bmecky, dokonce ani \u010d\u00edst a ps\u00e1t! Je\u0161t\u011b&#8230;<\/p>\n","protected":false},"author":2,"featured_media":18883,"comment_status":"closed","ping_status":"closed","sticky":false,"template":"","format":"standard","meta":[],"categories":[7],"tags":[119,84,2813,99],"_links":{"self":[{"href":"https:\/\/www.infokuryr.cz\/n\/wp-json\/wp\/v2\/posts\/18882"}],"collection":[{"href":"https:\/\/www.infokuryr.cz\/n\/wp-json\/wp\/v2\/posts"}],"about":[{"href":"https:\/\/www.infokuryr.cz\/n\/wp-json\/wp\/v2\/types\/post"}],"author":[{"embeddable":true,"href":"https:\/\/www.infokuryr.cz\/n\/wp-json\/wp\/v2\/users\/2"}],"replies":[{"embeddable":true,"href":"https:\/\/www.infokuryr.cz\/n\/wp-json\/wp\/v2\/comments?post=18882"}],"version-history":[{"count":0,"href":"https:\/\/www.infokuryr.cz\/n\/wp-json\/wp\/v2\/posts\/18882\/revisions"}],"wp:featuredmedia":[{"embeddable":true,"href":"https:\/\/www.infokuryr.cz\/n\/wp-json\/wp\/v2\/media\/18883"}],"wp:attachment":[{"href":"https:\/\/www.infokuryr.cz\/n\/wp-json\/wp\/v2\/media?parent=18882"}],"wp:term":[{"taxonomy":"category","embeddable":true,"href":"https:\/\/www.infokuryr.cz\/n\/wp-json\/wp\/v2\/categories?post=18882"},{"taxonomy":"post_tag","embeddable":true,"href":"https:\/\/www.infokuryr.cz\/n\/wp-json\/wp\/v2\/tags?post=18882"}],"curies":[{"name":"wp","href":"https:\/\/api.w.org\/{rel}","templated":true}]}}