{"id":1888,"date":"2021-05-22T08:05:37","date_gmt":"2021-05-22T06:05:37","guid":{"rendered":"http:\/\/www.infokuryr.cz\/n\/?p=1888"},"modified":"2021-05-22T08:05:37","modified_gmt":"2021-05-22T06:05:37","slug":"medialni-hovinka-xlviii","status":"publish","type":"post","link":"https:\/\/www.infokuryr.cz\/n\/2021\/05\/22\/medialni-hovinka-xlviii\/","title":{"rendered":"Medi\u00e1ln\u00ed hov\u00ednka XLVIII"},"content":{"rendered":"<div id=\"fb-root\"><\/div>\n<div><b>Janu Ham\u00e1\u010dkovi se pr\u00fd\u00a0<a href=\"https:\/\/www.idnes.cz\/zpravy\/domaci\/ministr-vnitra-jan-hamacek-rozhovor-kauza-vrbetice.A210513_103043_domaci_vank\">zhroutil sv\u011bt<\/a>. J\u00e9\u017ei\u0161, to je n\u00e1m ale l\u00edto. Na\u0161e rodina a jist\u011b i zbytek n\u00e1roda cel\u00e9 noci nesp\u00ed, jak to v\u0161echny velice tr\u00e1p\u00ed. Mo\u017en\u00e1 n\u011bjak\u00e1 sb\u00edre\u010dka by pomohla? Navrhuju v\u00ed\u010dka od petek.<\/b><\/div>\n<div><b>\u00a0<\/b><\/div>\n<div><b>Demisi! Demisi!<\/b><\/p>\n<p>Milion chvilek proti demokracii op\u011bt svolal sv\u00e9 v\u011brn\u00e9.\u00a0<a href=\"https:\/\/www.idnes.cz\/zpravy\/domaci\/demonstrace-milion-chvilek-pro-demokracii-justici-nedame-benesova-pavel-zeman.A210520_060622_domaci_kop\">Po\u017eadoval<\/a>\u00a0demisi ministryn\u011b spravedlnosti kv\u016fli rezignaci \u00fa\u0159edn\u00edka s m\u00e1slem na hlav\u011b a ob\u017ealobu prezidenta z velezrady proto\u017ee si nemysl\u00ed to sam\u00e9, co Milion chvilek. Vida. Velice origin\u00e1ln\u00ed po\u017eadavky, kter\u00e9 by mne stoprocentn\u011b nenapadly. Ani za milion chvilek. Oni v\u0161echny jejich demonstrace byly zat\u00edm \u00fapln\u011b o hovn\u011b, ale te\u010f se fakt p\u0159ekonali. A \u017ee jim ke Koni i tak zase p\u0159i\u0161lo n\u011bkolik tis\u00edc lid\u00ed je z hlediska intelektu\u00e1ln\u00edho potenci\u00e1lu a v\u00fdvoje demokracie v t\u00fdhle zemi skute\u010dn\u011b \u0161patnou zpr\u00e1vou. Taky se mi l\u00edb\u00ed, jak\u00fd t\u00f3\u010do, hod\u00ed-li se to, m\u016f\u017ee vyvolat kari\u00e9ra jednoho bezv\u00fdznamn\u00e9ho, n\u00e1padn\u011b nev\u00fdrazn\u00e9ho inkousta. Proboha, ten chlap nen\u00ed \u017e\u00e1dn\u00fd G\u00e1ndh\u00ed nebo Jan Hus, ale st\u00e1tn\u00ed \u00fa\u0159edn\u00edk!<br \/>\n<b><br \/>\n<\/b><\/div>\n<div><b>MeSES doMeSESoval<\/b><br \/>\n<i><br \/>\n<\/i><\/div>\n<div><i>&#8230;..\u201eAsi jsme se stali nepohodln\u00fdmi,\u201c\u00a0<a href=\"https:\/\/ct24.ceskatelevize.cz\/domaci\/3313889-asi-jsme-se-stali-nepohodlnymi-tvrdi-smejkal-o-ukonceni-spoluprace-s-meses\">reaguje<\/a>\u00a0doktor Smejkal na to, \u017ee ho ministerstvo zdravotnictv\u00ed kone\u010dn\u011b koplo i s jeho roztodivnou skupinou pandemick\u00fdch \u0161aman\u016f do zadku.<\/i>&#8230;\u201e A um\u00edme anglicky,\u201c\u00a0<a href=\"https:\/\/www.facebook.com\/kulveit\/posts\/10157957165855108\">dodal<\/a>\u00a0jeden z nich, Jan<i>\u00a0\u201eEvidence-Based Not Wishful Thinking\u201c<\/i>\u00a0Kulveit. Co\u017e n\u00e1sledn\u011b potvrdil i s\u00e1m Smejkal, kdy\u017e b\u011bhem Intervj\u016f \u010cT24 asi \u0161estn\u00e1cti r\u016fzn\u00fdmi zp\u016fsoby zd\u016fraznil, \u017ee on je v USA jako doma a proto m\u00e1 v\u017edycky pravdu. No, j\u00e1 nev\u00edm. Jestli ono to, dear Peter, nebylo sp\u00ed\u0161 proto, \u017ee ministerstvo u\u017e prost\u011b jen d\u00e1l necht\u011blo n\u00e9st plnou odpov\u011bdnost za va\u0161e \u0161\u00edlen\u00e9 pokusy na lidech. Krom\u011b toho maj\u00ed asi sv\u00fdch \u0161aman\u016f dost.<br \/>\n<b><br \/>\n<\/b><\/div>\n<div><b>Kup\u0159edu lev\u00e1<\/b><\/p>\n<p><i>\u201eC\u00edl nao\u010dkovat 75 procent lid\u00ed \u010cesko asi nespln\u00ed. V cest\u011b stoj\u00ed mlad\u00ed i m\u00e9n\u011b vzd\u011blan\u00ed,\u201c<\/i>\u00a0<a href=\"https:\/\/zpravy.aktualne.cz\/domaci\/cil-naockovat-75-procent-lidi-cesko-asi-nesplni-v-ceste-stoj\/r~8cc9ac52b7f611eb9a61ac1f6b220ee8\/\">p\u00ed\u0161e<\/a>\u00a0Aktu\u00e1ln\u011b. Tak, tak. Sv\u011btov\u00fdm probl\u00e9mem \u010d\u00edslo jedna u\u017e dlouho je, \u017ee sv\u011btl\u00fdm z\u00edt\u0159k\u016fm v\u017edycky n\u011bkdo stoj\u00ed v cest\u011b. Nacistick\u00fdm \u017didi, komunistick\u00fdm bur\u017eoazie, \u010dern\u00fdm b\u00edl\u00ed, z\u00e1padn\u00edm Putin a t\u011bm \u010desk\u00fdm obecn\u011b st\u00e1li ned\u00e1vno p\u0159i volb\u00e1ch v cest\u011b zase\u00a0<a href=\"https:\/\/www.echo24.cz\/a\/SP9U9\/zeman-aktivoval-nevolice-stali-za-nim-starsi-lide-a-mene-vzdelani-uvedl-pruzkum\">sta\u0159\u00ed a m\u00e9n\u011b vzd\u011blan\u00ed<\/a>. U n\u00e1s doma jsme vyhl\u00e1sili tipovac\u00ed sout\u011b\u017e \u010demu asi budou st\u00e1t v cest\u011b pitomci st\u0159edn\u00edho v\u011bku.<br \/>\n<b><br \/>\n<\/b><\/div>\n<div><b>Bojovaly na nespr\u00e1vn\u00e9 sv\u011btov\u00e9 stran\u011b<\/b><\/p>\n<p>\u010cesk\u00e1 televize u p\u0159\u00edle\u017eitosti v\u00fdro\u010d\u00ed konce druh\u00e9 sv\u011btov\u00e9 v\u00e1lky v kr\u00e1tk\u00e9 report\u00e1\u017ei\u00a0<i>\u201eBojovnice ve v\u00e1lce\u201c<\/i>\u00a0<a href=\"https:\/\/www.ceskatelevize.cz\/ivysilani\/1097181328-udalosti\/221411000100508\/obsah\/838758-bojovnice-ve-valce\">vzpomenula<\/a>\u00a0\u010deskoslovensk\u00fdch \u017een, kter\u00e9 ve vojensk\u00fdch uniform\u00e1ch bojovali v zahrani\u010d\u00ed proti N\u011bmc\u016fm. A j\u00e1 u\u017e fakt nev\u011b\u0159il sv\u00fdm u\u0161\u00edm. Nato\u010dit cosi takov\u00e9ho, pojmenovat to dokonce.\u00a0<i>\u201eBojovnice\u2026\u201c<\/i>\u00a0a ani slovem p\u0159itom nezm\u00ednit po\u010detn\u011b zdaleka nejv\u011bt\u0161\u00ed skupinu voja\u010dek (kter\u00e9 jako jedin\u00e9 \u017eeny skute\u010dn\u011b bojovaly) z takzvan\u00e9 Svobodovy arm\u00e1dy v SSSR, to chce fakt hodn\u011b velk\u00fd a hodn\u011b spr\u00e1vn\u00fd ideologick\u00fd p\u0159esv\u011bd\u010den\u00ed. M\u016fj z\u00e1v\u011br je ten, \u017ee tenhle neuv\u011b\u0159iteln\u00fd propagandistick\u00fd poblijon nato\u010dilo hovado, je\u0161t\u011b v\u011bt\u0161\u00ed hovado ho schv\u00e1lilo do vys\u00edl\u00e1n\u00ed a nejv\u011bt\u0161\u00ed televizn\u00ed hovado ho nakonec na obrazovce uvedlo.<\/div>\n<div>\n<b>Palestinci miluj\u00ed m\u00edr<\/b><\/p>\n<p><i>\u201eBoje mezi Izraelem a Ham\u00e1sem utichly.<\/i>\u00a0<i>V ulic\u00edch Gazy se oslavovalo p\u0159\u00edm\u011b\u0159\u00ed,\u201c\u00a0<\/i>zn\u00ed\u00a0<a href=\"https:\/\/ct24.ceskatelevize.cz\/svet\/3314935-boje-mezi-izraelem-a-hamasem-utichly-v-ulicich-gazy-propukly-oslavy\">titulek<\/a>\u00a0na televizn\u00edm webu. Hm. V r\u00e1mci sv\u00e9 dlouhodob\u00e9, amat\u00e9rsk\u00e9 a naprosto marn\u00e9 snahy o uv\u00e1d\u011bn\u00ed medi\u00e1ln\u00edch p\u0159\u00edb\u011bh\u016f na pravou m\u00edru konstatuji, \u017ee v ulic\u00edch Gazy se neoslavovalo p\u0159\u00edm\u011b\u0159\u00ed, ale v\u00edt\u011bzstv\u00ed. Nad \u017didy. Kter\u00e9 je, alespo\u0148 podle\u00a0<i>p\u0159eva\u017euj\u00edc\u00edch palestinsk\u00fdch narativ\u016f\u00a0<\/i>(to m\u00e1m od Vr\u00e1bela s Kartousem) jen\u017e se nap\u0159\u00edklad vyu\u010duj\u00ed ve \u0161kol\u00e1ch, t\u0159eba v\u0161echny pob\u00edt. Je to zjevn\u00e9 nejen z ilustra\u010dn\u00edch fotografi\u00ed, ale hlavn\u011b to tam n\u011bkde dokonce i p\u00ed\u0161ou. Ov\u0161em do titulku daj\u00ed\u00a0<i>..oslavu p\u0159\u00edm\u011b\u0159\u00ed.<\/i>\u00a0Proto\u017ee to na Araby z Gazy a jejich narativy vrh\u00e1 o dost lep\u0161\u00ed sv\u011btlo. Tak, tak. Pravda nikdy nesm\u00ed st\u00e1t v cest\u011b dobr\u00e9mu p\u0159\u00edb\u011bhu. Docela zaj\u00edmav\u00e9 je, \u017ee jako oslava p\u0159\u00edm\u011b\u0159\u00ed to p\u0159i\u0161lo jen ve\u0159ejnopr\u00e1vn\u00ed televizn\u00ed redakci. V\u0161ichni ostatn\u00ed sedmilh\u00e1\u0159i, co taky p\u0159evzali stejnou zpr\u00e1vu\u00a0<a href=\"https:\/\/zpravy.aktualne.cz\/zahranici\/izrael-a-hamas-pristoupily-na-primeri-bude-jej-monitorovat-e\/r~158b88c0b9a111ebb98b0cc47ab5f122\/\">z \u010cTK<\/a>, rad\u011bji jen neutr\u00e1ln\u011b konstatovali, \u017ee Palestinci\u00a0<i>\u201eslavili.\u201c<\/i><\/div>\n<div>\n<b>Ukrajina, kol\u00e9bka lidstva<\/b><\/p>\n<p><i>\u201e\u010ceskoslovensko osvobozovali Ukrajinci,\u201c\u00a0<\/i><a href=\"https:\/\/www.novinky.cz\/domaci\/clanek\/ceskoslovensko-osvobozovali-ukrajinci-pripomnel-velvyslanec-40359632#seq_no=7&amp;source=hp&amp;dop_id=40359632&amp;dop_ab_variant=0&amp;dop_req_id=cqlRedVfN5d-202105081746&amp;dop_source_zone_name=novinky.sznhp.box&amp;utm_campaign=&amp;utm_medium=z-boxiku&amp;utm_source=www.seznam.cz\">vyj\u00e1d\u0159il<\/a>\u00a0se ukrajinsk\u00fd velvyslanec. Nechme te\u010f stranou po\u010detn\u00ed zastoupen\u00ed Ukrajinc\u016f v Rud\u00e9 arm\u00e1d\u011b a zam\u011b\u0159me se na pana velvyslance a ducha jeho informace. M\u00e1m tohoto diplomata velice v oblib\u011b. V\u017edycky, kdy\u017e se k n\u011b\u010demu vyj\u00e1d\u0159\u00ed se u\u017e dop\u0159edu t\u011b\u0161\u00edm, co z n\u011bj asi vypadne p\u0159\u00ed\u0161t\u011b. Jist\u011b. Ukrajinci, podobn\u011b jako kdysi sov\u011bt\u0161t\u00ed lid\u00e9, jsou hybnou osou lidstva. Vd\u011b\u010d\u00edme jim za kolo. Aristoteles, Newton, Mozart a Einstein byli p\u016fvodem Ukrajinci. Abecedu vynalezli Ukrajinci d\u00e1vno p\u0159ed F\u00e9ni\u010dany, st\u0159eln\u00fd prach p\u0159ed \u010c\u00ed\u0148any, parn\u00ed stroj p\u0159ed H\u00e9r\u00f3nem Alexandrijsk\u00fdm, knihtisk p\u0159ed Gutenbergem, letadlo p\u0159ed bratry Wrightov\u00fdmi, kontaktn\u00ed \u010do\u010dky p\u0159ed Wichterlem, prvn\u00ed jadern\u00fd reaktor na sv\u011bt\u011b uvedl do provozu Bohdan Chmelnickij v roce 1631 a Ameriku objevil prap\u0159edek Jevhena Perebyjnyse je\u0161t\u011b p\u0159ed Kristem.<br \/>\n<b><br \/>\n<\/b><\/div>\n<div><b>Soudru\u017esk\u00e1 n\u00e1v\u0161t\u011bva<\/b><\/p>\n<p><i>Ministr Havl\u00ed\u010dek se p\u0159ijel\u00a0<a href=\"https:\/\/www.idnes.cz\/ekonomika\/domaci\/karel-havlicek-otevirani-obchodu-navsteva-slany.A210510_123540_ekonomika_rie\">osobn\u011b pod\u00edvat<\/a>\u00a0do Slan\u00e9ho jak se otev\u00edraj\u00ed obchody.<\/i>\u00a0Kter\u00e9 p\u0159edt\u00edm osobn\u011b zav\u0159el. A projevil starost, jak asi jejich majitel\u00e9 pro\u017eili t\u011bch n\u011bkolik posledn\u00edch m\u011bs\u00edc\u016f. A m\u011bl velkou radost, \u017ee oni maj\u00ed radost, \u017ee mohli zase otev\u0159\u00edt. \u0160lo o veskrze radostn\u00e9 setk\u00e1n\u00ed a vl\u00e1dla p\u0159i n\u011bm prav\u00e1 soudru\u017esk\u00e1 atmosf\u00e9ra. M\u00e1m k tomu dv\u011b pozn\u00e1mky. Zaprv\u00e9, jestli se lidu dob\u0159e da\u0159\u00ed jezd\u00edvali osobn\u011b kontrolovat i p\u0159edseda Mao nebo Anton\u00edn Z\u00e1potock\u00fd. Zadruh\u00e9, m\u00edt mal\u00fd obchod ve Slan\u00e9m a p\u0159ij\u00edt mi tam te\u010f Havl\u00ed\u010dek s ot\u00e1zkou jestli m\u00e1m radost, \u017ee mi dovolil otev\u0159\u00edt kr\u00e1m, jak se prod\u00e1vaj\u00ed moje nit\u011b a jak se mi vlastn\u011b da\u0159\u00ed, pravd\u011bpodobn\u011b by se tom nedala napsat j\u00e1sav\u00e1 report\u00e1\u017e a skon\u010dilo by to rozsudkem jm\u00e9nem republiky.<\/div>\n<div><b><br \/>\nNe, fakt?<\/b><\/p>\n<p><i>\u201eO\u010dkov\u00e1n\u00ed proti covidu-19 bude nutn\u00e9 zopakovat,\u201c<\/i>\u00a0<a href=\"https:\/\/www.novinky.cz\/koronavirus\/clanek\/ockovani-proti-covidu-19-bude-nutne-zopakovat-40359791#dop_ab_variant=0&amp;dop_source_zone_name=novinky.sznhp.box&amp;dop_req_id=LMVQtomzlcJ-202105101958&amp;dop_id=40359791&amp;source=hp&amp;seq_no=1&amp;utm_campaign=&amp;utm_medium=z-boxiku&amp;utm_source=www.seznam.cz\">odp\u00e1lily<\/a>\u00a0Hovinky naprosto ne\u010dekanou informa\u010dn\u00ed bombu. Proto\u017ee ur\u010dit\u011b v\u016fbec nikdo s podobn\u00fdm v\u00fdvojem nepo\u010d\u00edtal a v\u0161ichni jsme t\u00edm proto velice moc p\u0159ekvapeni. A naopak asi m\u00e1lokdo bude p\u0159ekvapen t\u00edm, \u017ee v\u00fdsledky test\u016f Sputniku\u00a0<a href=\"https:\/\/www.idnes.cz\/zpravy\/zahranicni\/lancet-vedci-vakcina-sputnik-v-rusko-vysledky.A210513_163433_zahranicni_jhr\">vzbuzuj\u00ed<\/a>\u00a0podle mezin\u00e1rodn\u00edho t\u00fdmu v\u011bdc\u016f v\u00e1\u017en\u00e9 obavy. Jist\u011b, to m\u00e1 logiku. Po sv\u011bt\u011b lidi padaj\u00ed jak mouchy po z\u00e1padn\u00edch vakc\u00edn\u00e1ch, ale v\u00e1\u017en\u00e9 obavy vzbuzuje jen ta rusk\u00e1 po kter\u00fd je\u0161t\u011b nikomu nic nebylo.<\/div>\n<div><b><br \/>\nM\u00e1\u0161 ty s velbloudem? Zabavuje se!<br \/>\n<\/b><br \/>\n<i>\u201eAmerick\u00e9 n\u00e1mo\u0159nictvo\u00a0<a href=\"https:\/\/www.novinky.cz\/zahranicni\/blizky-a-stredni-vychod\/clanek\/americke-namornictvo-zabavilo-v-arabskem-mori-ilegalni-naklad-zbrani-40359754#dop_ab_variant=552410&amp;dop_source_zone_name=hpfeed.sznhp.box&amp;dop_req_id=AiJuQApnsb2-202105102008&amp;dop_id=11654675&amp;utm_source=www.seznam.cz&amp;utm_medium=sekce-z-internetu\">zabavilo<\/a>\u00a0v Arabsk\u00e9m mo\u0159i ileg\u00e1ln\u00ed n\u00e1klad zbran\u00ed.\u201c\u00a0<\/i>Zaj\u00edmav\u00e9. Zbran\u011b z\u0159ejm\u011b sm\u011bj\u00ed pos\u00edlat do nejr\u016fzn\u011bj\u0161\u00edch kout\u016f zem\u011b nejr\u016fzn\u011bj\u0161\u00edm vzbou\u0159enc\u016fm pouze Ameri\u010dan\u00e9. A p\u0159\u00edmo se nab\u00edz\u00ed ot\u00e1zka, co d\u011blaj\u00ed Ameri\u010dan\u00e9 tis\u00edce mil od Ameriky v Arabsk\u00e9m mo\u0159i a na z\u00e1klad\u011b \u010deho tam kontroluj\u00ed, co a kam pluje a zabavuj\u00ed to? B\u00fdt novin\u00e1\u0159 bude to v\u016fbec to prvn\u00ed, na co se zept\u00e1m.<br \/>\n<b><br \/>\n<\/b><\/div>\n<div><b>Co se v\u00e1m vybav\u00ed, kdy\u017e se \u0159ekne<\/b><\/p>\n<p>Co se v\u00e1m vybav\u00ed, kdy\u017e se \u0159ekne neziskov\u00e1 organizace? Spr\u00e1vn\u011b, nikoliv t\u0159eba dobrovoln\u00edci pe\u010duj\u00edc\u00ed o seniory, ale hejno \u010dasto prapodivn\u00fdch existenc\u00ed, kter\u00e9 se sna\u017e\u00ed v\u0161\u00ed silou vnutit sv\u016fj \u010dasto prapodivn\u00fd \u017eivotn\u00ed n\u00e1zor v\u0161em ostatn\u00edm jako normu. A co se v\u00e1m vybav\u00ed, kdy\u017e se \u0159ekne lidskopr\u00e1vn\u00ed organizace? Spr\u00e1vn\u011b, je\u0161t\u011b o level v\u011bt\u0161\u00ed mamrdi. A na konec na\u0161eho asocia\u010dn\u00edho kv\u00edzu: kdo se v\u00e1m vybav\u00ed, kdy\u017e se \u0159ekne lidskopr\u00e1vn\u00ed aktivistka? Spr\u00e1vn\u011b, n\u011bkdo jako Scarlett Johanssonov\u00e1 asi opravdu m\u00e1lokomu. V\u011bt\u0161in\u011b nejsp\u00ed\u0161 n\u011bco jako Greta. To je dobr\u00e1 volba. Ale j\u00e1 jdu je\u0161t\u011b kousek d\u00e1l. Mn\u011b se automaticky, a fakt si nem\u016f\u017eu pomoct, \u00fapln\u011b poka\u017ed\u00fd nejd\u0159\u00edv vybav\u00ed typ\u00a0<a href=\"https:\/\/www.irozhlas.cz\/zpravy-svet\/belorusko-rozhovor-natalja-sacunkevicova-lukasenko-demonstrace-muceni-rusko_2105160500_eku\">Natalja Sacunkevi\u010dov\u00e1<\/a>. A poka\u017ed\u00fd jsem stejn\u011b p\u0159ekvapen, jak \u010dasto se navzdory sv\u00fdm po\u010detn\u00fdm a velk\u00fdm p\u0159edsudk\u016fm tref\u00edm.<\/div>\n<div><\/div>\n<div><a href=\"http:\/\/nonserviam.cz\/medialni-hovinka-xlviii\/\">LU LINA<\/a><\/div>\n<div><\/div>\n<div><\/div>\n","protected":false},"excerpt":{"rendered":"<p>Janu Ham\u00e1\u010dkovi se pr\u00fd\u00a0zhroutil sv\u011bt. J\u00e9\u017ei\u0161, to je n\u00e1m ale l\u00edto. Na\u0161e rodina a jist\u011b&#8230;<\/p>\n","protected":false},"author":2,"featured_media":1889,"comment_status":"closed","ping_status":"closed","sticky":false,"template":"","format":"standard","meta":[],"categories":[6],"tags":[29,158],"_links":{"self":[{"href":"https:\/\/www.infokuryr.cz\/n\/wp-json\/wp\/v2\/posts\/1888"}],"collection":[{"href":"https:\/\/www.infokuryr.cz\/n\/wp-json\/wp\/v2\/posts"}],"about":[{"href":"https:\/\/www.infokuryr.cz\/n\/wp-json\/wp\/v2\/types\/post"}],"author":[{"embeddable":true,"href":"https:\/\/www.infokuryr.cz\/n\/wp-json\/wp\/v2\/users\/2"}],"replies":[{"embeddable":true,"href":"https:\/\/www.infokuryr.cz\/n\/wp-json\/wp\/v2\/comments?post=1888"}],"version-history":[{"count":0,"href":"https:\/\/www.infokuryr.cz\/n\/wp-json\/wp\/v2\/posts\/1888\/revisions"}],"wp:featuredmedia":[{"embeddable":true,"href":"https:\/\/www.infokuryr.cz\/n\/wp-json\/wp\/v2\/media\/1889"}],"wp:attachment":[{"href":"https:\/\/www.infokuryr.cz\/n\/wp-json\/wp\/v2\/media?parent=1888"}],"wp:term":[{"taxonomy":"category","embeddable":true,"href":"https:\/\/www.infokuryr.cz\/n\/wp-json\/wp\/v2\/categories?post=1888"},{"taxonomy":"post_tag","embeddable":true,"href":"https:\/\/www.infokuryr.cz\/n\/wp-json\/wp\/v2\/tags?post=1888"}],"curies":[{"name":"wp","href":"https:\/\/api.w.org\/{rel}","templated":true}]}}