{"id":1887,"date":"2021-05-22T07:55:10","date_gmt":"2021-05-22T05:55:10","guid":{"rendered":"http:\/\/www.infokuryr.cz\/n\/?p=1887"},"modified":"2021-05-22T07:55:10","modified_gmt":"2021-05-22T05:55:10","slug":"media-uz-davno-nejsou-oporou-svobody-a-demokracie-ovcacek-dal-podkourit-novinarum","status":"publish","type":"post","link":"https:\/\/www.infokuryr.cz\/n\/2021\/05\/22\/media-uz-davno-nejsou-oporou-svobody-a-demokracie-ovcacek-dal-podkourit-novinarum\/","title":{"rendered":"\u201eM\u00e9dia u\u017e d\u00e1vno nejsou oporou svobody a demokracie.\u201d Ov\u010d\u00e1\u010dek dal podkou\u0159it novin\u00e1\u0159\u016fm"},"content":{"rendered":"<div id=\"fb-root\"><\/div>\n<p><strong>Mluv\u010d\u00ed prezidenta republiky Ji\u0159\u00ed Ov\u010d\u00e1\u010dek uvedl, \u017ee m\u00e9dia selh\u00e1vaj\u00ed v jedn\u00e9 ze sv\u00fdch z\u00e1kladn\u00edch rol\u00ed ve spole\u010dnosti. Nejsou oporou svobody a demokracie, mysl\u00ed si.<\/strong><\/p>\n<p>\u201eM\u00e9dia u\u017e d\u00e1vno nejsou oporou svobody a\u00a0demokracie,\u201d prohl\u00e1sil v \u00favodu sv\u00e9ho p\u0159\u00edsp\u011bvku na soci\u00e1ln\u00edch s\u00edt\u00edch mluv\u010d\u00ed Milo\u0161e Zemana.<\/p>\n<p>\u201eM\u00e9dia podporuj\u00ed cenzuru, nadn\u00e1rodn\u00ed korporace, mocn\u00e9 tohoto sv\u011bta, vedou zni\u010duj\u00edc\u00ed kampan\u011b proti nevinn\u00fdm, vyvy\u0161uj\u00ed v\u0161ehoschopn\u00e9 pokrytce,\u201c sd\u011blil obratem Ji\u0159\u00ed Ov\u010d\u00e1\u010dek.<\/p>\n<p>Podle jeho n\u00e1zoru je pro orientaci v medi\u00e1ln\u00edm sv\u011bt\u011b nezbytn\u00e9 \u0159\u00eddit se vlastn\u00edm zdrav\u00fdm rozumem a srdcem.<\/p>\n<p>\u201eJe proto \u017eivotn\u011b nutn\u00e9 spol\u00e9hat v\u00fdhradn\u011b na vlastn\u00ed \u00fasudek veden\u00fd srdcem,\u201c uzav\u0159el sv\u00e9 vyj\u00e1d\u0159en\u00ed na Facebooku prezident\u016fv mluv\u010d\u00ed.<\/p>\n<p><strong>Dezinforma\u010dn\u00ed m\u00e9dia<\/strong><\/p>\n<p>Slova Ji\u0159\u00edho Ov\u010d\u00e1\u010dka o tom, \u017ee m\u00e9dia u\u017e d\u00e1vno nejsou oporou svobody a demokracie p\u0159ich\u00e1zej\u00ed pot\u00e9, co Pra\u017esk\u00fd hrad\u00a0publikoval\u00a0na sv\u00fdch str\u00e1nk\u00e1ch seznam m\u00e9di\u00ed, kter\u00e9 pova\u017euje za dezinforma\u010dn\u00ed.<\/p>\n<p>\u201e<em>Kancel\u00e1\u0159 prezidenta republiky v r\u00e1mci boje proti dezinformac\u00edm, jeho\u017e v\u00fdznam potvrdila mimo jin\u00e9 b\u011bhem jedn\u00e1n\u00ed v lednu roku 2021 i Evropsk\u00e1 komise, nad\u00e1le nebude poskytovat jak\u00e9koli informace t\u00fdden\u00edku Respekt, serveru Seznam Zpr\u00e1vy, blogu Den\u00edk N, redakc\u00edm 168 hodin a Report\u00e9\u0159i \u010cT. Kancel\u00e1\u0159 prezidenta republiky v souladu se z\u00e1konem db\u00e1 o svou pov\u011bst, p\u0159i\u010dem\u017e zmi\u0148ovan\u00e1 m\u00e9dia dlouhodob\u011b a v\u011bdom\u011b \u0161\u00ed\u0159\u00ed informace zkreslen\u00e9, l\u017eiv\u00e9 a neobjektivn\u00ed. V p\u0159\u00edpad\u011b poskytov\u00e1n\u00ed sou\u010dinnosti ve form\u011b zodpov\u00edd\u00e1n\u00ed dotaz\u016f e-mailem \u010di telefonicky by se pracovn\u00edci KPR mohli naopak pod\u00edlet na po\u0161kozen\u00ed dobr\u00e9ho jm\u00e9na \u010cesk\u00e9\u00a0republiky, co\u017e je v rozporu s jejich pracovn\u00ed smlouvou. Kancel\u00e1\u0159 prezidenta republiky v minulosti mnohokr\u00e1t poukazovala na flagrantn\u00ed pochyben\u00ed a nep\u0159esnosti uv\u00e1d\u011bn\u00e9 v medi\u00e1ln\u00edch v\u00fdstupech t\u011bchto m\u00e9di\u00ed, na jejich p\u0159\u00edstupu k ov\u011b\u0159ov\u00e1n\u00ed fakt\u016f to ov\u0161em nic nezm\u011bnilo. Boj proti dezinforma\u010dn\u00ed sc\u00e9n\u011b je p\u0159itom jedn\u00edm ze z\u00e1sadn\u00edch t\u00e9mat nejen Evropsk\u00e9 komise, ale i \u010desk\u00e9 vl\u00e1dy, a KPR se t\u00edmto krokem k t\u00e9to snaze p\u0159ipojuje,\u201c<\/em>\u00a0uvedl Hrad ve sv\u00e9 zpr\u00e1v\u011b, pod kterou je podeps\u00e1n vedouc\u00ed Kancel\u00e1\u0159e prezidenta republiky Vratislav Myn\u00e1\u0159.<\/p>\n<p>Hrad ve zpr\u00e1v\u011b rovn\u011b\u017e poukazuje na praxi v\u00fd\u0161e zmi\u0148ovan\u00fdch m\u00e9di\u00ed, kter\u00e9 pova\u017euje za dezinforma\u010dn\u00ed. Jedn\u00e1 se o odvol\u00e1v\u00e1n\u00ed se na anonymn\u00ed zdroje. To prezidentsk\u00e1 kancel\u00e1\u0159 pova\u017euje za zp\u016fsob, jak beztrestn\u011b lh\u00e1t.<\/p>\n<p>\u201eAnonymn\u00ed \u201ezdroje\u201c informac\u00ed o r\u016fzn\u00fdch kauz\u00e1ch a p\u0159\u00edpadech p\u0159itom n\u00e1zorn\u011b ukazuj\u00ed b\u011b\u017enou praxi \u010desk\u00fdch m\u00e9di\u00ed &#8211; jde o zp\u016fsob, jak zcela beztrestn\u011b lh\u00e1t. Novin\u00e1\u0159 m\u00e1 toti\u017e p\u0159ed soudem pr\u00e1vo na ochranu tohoto zdroje, a tak k \u0161\u00ed\u0159en\u00ed dezinformace sta\u010d\u00ed pouze odvol\u00e1n\u00ed se na anonymn\u00ed zdroj. D\u011blo se tak v p\u0159\u00edpad\u011b mnoh\u00fdch \u010dl\u00e1nk\u016f o \u00fadajn\u00fdch sch\u016fzk\u00e1ch s \u010d\u00ednsk\u00fdm velvyslancem (Den\u00edk N) \u010di nyn\u00ed p\u0159i snaze o vyvol\u00e1n\u00ed dal\u0161\u00ed medi\u00e1ln\u00ed kauzy t\u00fdkaj\u00edc\u00ed se zpr\u00e1vy BIS. I v tomto p\u0159\u00edpad\u011b blogu Den\u00edk N na\u0161ept\u00e1vaj\u00ed konspira\u010dn\u00ed teorie r\u016fzn\u00e9 tajemn\u00e9 \u201eanonymn\u00ed zdroje z Hradu\u201c. Dovol\u00edm si p\u0159esto vyzvat Den\u00edk N, aby p\u0159edlo\u017eil d\u016fkaz o tom, \u017ee skute\u010dn\u011b komunikuje s pracovn\u00edkem Pra\u017esk\u00e9ho hradu &#8211; uk\u00e1\u017ee-li se, \u017ee kdokoli ze zam\u011bstnanc\u016f Pra\u017esk\u00e9ho\u00a0hradu\u00a0komunikuje i p\u0159es stanoven\u00fd postup se z\u00e1stupci t\u011bchto dezinforma\u010dn\u00edch m\u00e9di\u00ed, ve\u0159ejn\u011b se omluv\u00edm,\u201c uzav\u0159el Vratislav Myn\u00e1\u0159.<\/p>\n<p><a href=\"https:\/\/cz.sputniknews.com\/20210521\/media-uz-davno-nejsou-oporou-svobody-a-demokracie-ovcacek-dal-podkourit-novinarum-14571229.html\">ZDROJ<\/a><\/p>\n<p>&nbsp;<\/p>\n","protected":false},"excerpt":{"rendered":"<p>Mluv\u010d\u00ed prezidenta republiky Ji\u0159\u00ed Ov\u010d\u00e1\u010dek uvedl, \u017ee m\u00e9dia selh\u00e1vaj\u00ed v jedn\u00e9 ze sv\u00fdch z\u00e1kladn\u00edch rol\u00ed&#8230;<\/p>\n","protected":false},"author":2,"featured_media":627,"comment_status":"closed","ping_status":"closed","sticky":false,"template":"","format":"standard","meta":[],"categories":[6],"tags":[76,425,158,263],"_links":{"self":[{"href":"https:\/\/www.infokuryr.cz\/n\/wp-json\/wp\/v2\/posts\/1887"}],"collection":[{"href":"https:\/\/www.infokuryr.cz\/n\/wp-json\/wp\/v2\/posts"}],"about":[{"href":"https:\/\/www.infokuryr.cz\/n\/wp-json\/wp\/v2\/types\/post"}],"author":[{"embeddable":true,"href":"https:\/\/www.infokuryr.cz\/n\/wp-json\/wp\/v2\/users\/2"}],"replies":[{"embeddable":true,"href":"https:\/\/www.infokuryr.cz\/n\/wp-json\/wp\/v2\/comments?post=1887"}],"version-history":[{"count":0,"href":"https:\/\/www.infokuryr.cz\/n\/wp-json\/wp\/v2\/posts\/1887\/revisions"}],"wp:featuredmedia":[{"embeddable":true,"href":"https:\/\/www.infokuryr.cz\/n\/wp-json\/wp\/v2\/media\/627"}],"wp:attachment":[{"href":"https:\/\/www.infokuryr.cz\/n\/wp-json\/wp\/v2\/media?parent=1887"}],"wp:term":[{"taxonomy":"category","embeddable":true,"href":"https:\/\/www.infokuryr.cz\/n\/wp-json\/wp\/v2\/categories?post=1887"},{"taxonomy":"post_tag","embeddable":true,"href":"https:\/\/www.infokuryr.cz\/n\/wp-json\/wp\/v2\/tags?post=1887"}],"curies":[{"name":"wp","href":"https:\/\/api.w.org\/{rel}","templated":true}]}}