{"id":18864,"date":"2022-11-28T01:04:32","date_gmt":"2022-11-28T00:04:32","guid":{"rendered":"http:\/\/www.infokuryr.cz\/n\/?p=18864"},"modified":"2022-11-27T16:50:35","modified_gmt":"2022-11-27T15:50:35","slug":"nasledkem-padu-vrtulniku-americke-vyroby-zahynulo-v-jizni-koreji-5-lidi","status":"publish","type":"post","link":"https:\/\/www.infokuryr.cz\/n\/2022\/11\/28\/nasledkem-padu-vrtulniku-americke-vyroby-zahynulo-v-jizni-koreji-5-lidi\/","title":{"rendered":"N\u00e1sledkem p\u00e1du vrtuln\u00edku americk\u00e9 v\u00fdroby zahynulo v Ji\u017en\u00ed Koreji 5 lid\u00ed"},"content":{"rendered":"<div id=\"fb-root\"><\/div>\n<p><strong>P\u011bt lid\u00ed zahynulo p\u0159i p\u00e1du vrtuln\u00edku americk\u00e9 v\u00fdroby v Ji\u017en\u00ed Koreji v okresu Janian provincie Kangwond v Ji\u017en\u00ed Koreji, informuje agentura Jonhap s odkazem na hasi\u010de.<\/strong><\/p>\n<p>P\u0159edt\u00edm byla uve\u0159ejn\u011bna zpr\u00e1va, \u017ee dva lid\u00e9 \u00fadajn\u011b zahynuli n\u00e1sledkem p\u00e1du vrtuln\u00edku, kter\u00fd havaroval p\u0159ibli\u017en\u011b v 02:50 SE\u010c. Z m\u00edsta p\u00e1du stoupal kou\u0159, pak se \u00falomky vzn\u00edtily. K m\u00edstu p\u00e1du byl vysl\u00e1n jeden vrtuln\u00edk, 28 jednotek techniky a 114 z\u00e1chran\u00e1\u0159\u016f a hasi\u010d\u016f.<\/p>\n<p>Vrtuln\u00edk S-58T americk\u00e9 firmy Sikorsky najat\u00fd m\u00edstn\u00edmi \u00fa\u0159ady vykon\u00e1val oblet ter\u00e9nu za \u00fa\u010delem odhalov\u00e1n\u00ed lesn\u00edch po\u017e\u00e1r\u016f, kdy\u017e do\u0161lo k trag\u00e9dii. P\u016fvodn\u011b se p\u0159edpokl\u00e1dalo, \u017ee na palub\u011b byli pouze dva lid\u00e9, 71let\u00fd pilot a 54let\u00fd mechanik. Pozd\u011bji byla potvrzena smrt p\u011bti lid\u00ed.<\/p>\n<p>Premi\u00e9r Han Tok-su na\u0159\u00eddil ud\u011blat v\u0161echno pro likvidaci n\u00e1sledk\u016f nehody.<\/p>\n<p><span style=\"font-size: 18pt;\"><strong>P\u0159edch\u00e1zej\u00edc\u00ed hav\u00e1rie<\/strong><\/span><\/p>\n<p>Jde ji\u017e o \u010dtvrtou hav\u00e1rii vrtuln\u00edku v Ji\u017en\u00ed Koreji b\u011bhem dvou posledn\u00edch let, v\u0161echny \u010dty\u0159i byly vrtuln\u00edky firmy Sikorsky. V dubnu 2021 spadl model S-76C+, zahynul jeden \u010dlov\u011bk, dal\u0161\u00ed utrp\u011bl zran\u011bn\u00ed. V dubnu leto\u0161n\u00edho roku havaroval vrtuln\u00edk S-92, zahynuli dva druz\u00ed piloti, jeden byl zachr\u00e1n\u011bn motorov\u00fdm \u010dlunem pob\u0159e\u017en\u00ed str\u00e1\u017ee, mechanik je dosud nezv\u011bstn\u00fd. P\u0159ibli\u017en\u011b za m\u011bs\u00edc, v kv\u011btnu, havaroval vrtuln\u00edk, kter\u00fd dopravoval materi\u00e1ly na ha\u0161en\u00ed lesn\u00edch po\u017e\u00e1r\u016f, model S-61N, zahynul velitel pos\u00e1dky, druh\u00fd pilot a mechanik utrp\u011bli zran\u011bn\u00ed.<\/p>\n<p><img decoding=\"async\" loading=\"lazy\" class=\"alignnone size-full wp-image-1185\" src=\"http:\/\/www.infokuryr.cz\/n\/wp-content\/uploads\/2021\/04\/kuryr-podpis.png\" alt=\"\" width=\"84\" height=\"24\" \/><\/p>\n<p>&nbsp;<\/p>\n","protected":false},"excerpt":{"rendered":"<p>P\u011bt lid\u00ed zahynulo p\u0159i p\u00e1du vrtuln\u00edku americk\u00e9 v\u00fdroby v Ji\u017en\u00ed Koreji v okresu Janian provincie&#8230;<\/p>\n","protected":false},"author":2,"featured_media":18865,"comment_status":"closed","ping_status":"closed","sticky":false,"template":"","format":"standard","meta":[],"categories":[7],"tags":[1189,37,3912],"_links":{"self":[{"href":"https:\/\/www.infokuryr.cz\/n\/wp-json\/wp\/v2\/posts\/18864"}],"collection":[{"href":"https:\/\/www.infokuryr.cz\/n\/wp-json\/wp\/v2\/posts"}],"about":[{"href":"https:\/\/www.infokuryr.cz\/n\/wp-json\/wp\/v2\/types\/post"}],"author":[{"embeddable":true,"href":"https:\/\/www.infokuryr.cz\/n\/wp-json\/wp\/v2\/users\/2"}],"replies":[{"embeddable":true,"href":"https:\/\/www.infokuryr.cz\/n\/wp-json\/wp\/v2\/comments?post=18864"}],"version-history":[{"count":0,"href":"https:\/\/www.infokuryr.cz\/n\/wp-json\/wp\/v2\/posts\/18864\/revisions"}],"wp:featuredmedia":[{"embeddable":true,"href":"https:\/\/www.infokuryr.cz\/n\/wp-json\/wp\/v2\/media\/18865"}],"wp:attachment":[{"href":"https:\/\/www.infokuryr.cz\/n\/wp-json\/wp\/v2\/media?parent=18864"}],"wp:term":[{"taxonomy":"category","embeddable":true,"href":"https:\/\/www.infokuryr.cz\/n\/wp-json\/wp\/v2\/categories?post=18864"},{"taxonomy":"post_tag","embeddable":true,"href":"https:\/\/www.infokuryr.cz\/n\/wp-json\/wp\/v2\/tags?post=18864"}],"curies":[{"name":"wp","href":"https:\/\/api.w.org\/{rel}","templated":true}]}}