{"id":18861,"date":"2022-11-28T01:02:36","date_gmt":"2022-11-28T00:02:36","guid":{"rendered":"http:\/\/www.infokuryr.cz\/n\/?p=18861"},"modified":"2022-11-27T16:26:25","modified_gmt":"2022-11-27T15:26:25","slug":"obavame-se-ze-nekdo-bude-zabit-svedsti-pracovnici-zachranne-sluzby-vyhrozuji-ze-prestanou-obsluhovat-no-go-zony","status":"publish","type":"post","link":"https:\/\/www.infokuryr.cz\/n\/2022\/11\/28\/obavame-se-ze-nekdo-bude-zabit-svedsti-pracovnici-zachranne-sluzby-vyhrozuji-ze-prestanou-obsluhovat-no-go-zony\/","title":{"rendered":"\u201eOb\u00e1v\u00e1me se, \u017ee n\u011bkdo bude zabit\u201c \u2013 \u0161v\u00e9d\u0161t\u00ed pracovn\u00edci z\u00e1chrann\u00e9 slu\u017eby vyhro\u017euj\u00ed, \u017ee p\u0159estanou obsluhovat no-go z\u00f3ny"},"content":{"rendered":"<div id=\"fb-root\"><\/div>\n<p><span style=\"font-size: 18pt;\"><strong>\u0160v\u00e9dsk\u00e9 no-go z\u00f3ny opou\u0161t\u011bj\u00ed n\u011bkter\u00e9 pracovn\u00edky z\u00e1chrann\u00e9 slu\u017eby v obav\u00e1ch o sv\u00e9 \u017eivoty<\/strong><\/span><\/p>\n<p><span>N\u00e1sil\u00ed p\u00e1chan\u00e9 na zdravotn\u00edc\u00edch v n\u011bkter\u00fdch oblastech \u0160v\u00e9dska se st\u00e1v\u00e1 tak b\u011b\u017en\u00fdm, \u017ee m\u016f\u017ee b\u00fdt zaveden \u201ez\u00e1kaz ochrany\u201c v no-go z\u00f3n\u00e1ch Stockholmu s velkou populac\u00ed migrant\u016f nep\u0159\u00e1telsk\u00fdch \u00fa\u0159ad\u016fm.\u00a0V praxi to bude znamenat, \u017ee \u0159idi\u010di sanitek odm\u00edtnou vyjet na ur\u010dit\u00e9 adresy bez policie nebo z\u00e1chrann\u00e9 slu\u017eby, kter\u00e1 je ochr\u00e1n\u00ed.<\/span><\/p>\n<p><span>\u201eOb\u00e1v\u00e1me se, \u017ee pokud se nic nestane, n\u011bkdo bude zabit,\u201c \u0159\u00edk\u00e1 odborn\u00e1 sestra Linda Orrvik.<\/span><\/p>\n<p><span>Probl\u00e9m se t\u00e1hne u\u017e l\u00e9ta.\u00a0Nap\u0159\u00edklad televizn\u00ed program Kvartal provozoval rozs\u00e1hl\u00fd segment pokr\u00fdvaj\u00edc\u00ed problematiku ji\u017e v roce 2018;\u00a0vystupovali v n\u011bm dva z\u00e1chran\u00e1\u0159i, kte\u0159\u00ed popisovali obt\u00ed\u017ee, s nimi\u017e se pot\u00fdkaj\u00ed p\u0159i pr\u00e1ci v zak\u00e1zan\u00fdch oblastech.<\/span><\/p>\n<p><span>\u201eNap\u0159\u00edklad chod\u00edme na m\u00edsta, kde doch\u00e1z\u00ed k n\u00e1sil\u00ed se zbran\u011bmi, na m\u00edsta, kde jsou zbran\u011b a narkotika, a na m\u00edsta, kde jsou jin\u00e1 pravidla ne\u017e pr\u00e1vn\u00ed st\u00e1t, na kter\u00fd jsme zvykl\u00ed, to je rozd\u00edl,\u201c \u0159ekl zdravotn\u00edk Henrik Johansson. od roku 1990.<\/span><\/p>\n<p><span>Za ta desetilet\u00ed, co pracoval, se podle n\u011bj situace v posledn\u00edch p\u011bti a\u017e deseti letech prudce zhor\u0161ila.<\/span><\/p>\n<p><span>&#8222;Je to vyva\u017eov\u00e1n\u00ed.&#8220;\u00a0Kdy\u017e jsme se p\u0159ed 10, 15 lety za\u010dali o t\u00e9to problematice bavit, kdy\u017e jsme o tom za\u010dali diskutovat, dost \u010dasto se n\u00e1m sm\u00e1li.\u00a0\u0158\u00edkalo se n\u00e1m o\u0161kliv\u00e9 v\u011bci,\u201c \u0159ekl Johannson.\u00a0Tazatel se ho pak zeptal: &#8222;Rasist\u00e9?&#8220;\u00a0Odpov\u011bd\u011bl: &#8222;Ano, mimo jin\u00e9.&#8220;<\/span><\/p>\n<p><span>Gordon Trattidge, p\u0159edseda Ambulance Alarm Group a odborov\u00e9ho svazu zdravotn\u00edk\u016f, zopakoval Johannson\u016fv sentiment a \u0159ekl: \u201eIncidenty jsou \u010dast\u011bj\u0161\u00ed a n\u00e1sil\u00ed je nyn\u00ed brut\u00e1ln\u011bj\u0161\u00ed.\u00a0Existuje tak\u00e9 v\u00edce neuctiv\u00fd p\u0159\u00edstup k ve\u0159ejn\u00fdm slu\u017eb\u00e1m, kde \u010dlov\u011bk nerespektuje, kdo jsme.\u201c<\/span><\/p>\n<p><span>R\u00e1dio Sweden\u00a0<\/span><a class=\"ek-link\" href=\"https:\/\/sverigesradio.se\/artikel\/ambulanspersonal-har-fatt-nog-av-hot-och-vald-kan-fa-skyddsstopp--2\"><span>hl\u00e1s\u00ed<\/span><\/a><span>\u00a0, \u017ee zam\u011bstnanci z\u00e1chrann\u00e9 slu\u017eby nyn\u00ed navrhuj\u00ed zav\u00e9st nov\u00fd syst\u00e9m, kter\u00fd bude ozna\u010dovat ur\u010dit\u00e9 hovory, v\u010detn\u011b informac\u00ed o tom, zda existuje hrozba nebo riziko n\u00e1sil\u00ed spojen\u00e9ho s hovorem.\u00a0\u0160\u00e9f nejv\u011bt\u0161\u00edho oper\u00e1tora sanitky ve Stockholmu Falck v\u0161ak \u0159\u00edk\u00e1, \u017ee takto slo\u017eit\u00fd syst\u00e9m ozna\u010dov\u00e1n\u00ed je obt\u00ed\u017en\u00e9 spr\u00e1vn\u011b nastavit.<\/span><\/p>\n<p><span>Falck m\u00e1 v provozu 36 sanitn\u00edch voz\u016f a obsluhuje p\u0159ibli\u017en\u011b 85 000 pacient\u016f ro\u010dn\u011b, ale nen\u00ed zdaleka jedinou z\u00e1chrannou slu\u017ebou, kter\u00e1 se zab\u00fdv\u00e1 \u010dtvrt\u011bmi v no-go z\u00f3nach ve \u0160v\u00e9dsku.<\/span><\/p>\n<p><span>V roce 2017 p\u0159estaly po\u0161tovn\u00ed slu\u017eby pos\u00edlat pracovn\u00edky do des\u00edtek dom\u016f na stockholmsk\u00e9m p\u0159edm\u011bst\u00ed s vysok\u00fdm po\u010dtem imigrant\u016f, proto\u017ee bylo p\u0159\u00edli\u0161 nebezpe\u010dn\u00e9 pos\u00edlat jejich zam\u011bstnance.<\/span><\/p>\n<p><span>V roce 2017 bylo ozn\u00e1meno, \u017ee hasi\u010di v hlavn\u00edm m\u011bst\u011b byli nuceni vzd\u00e1t se \u00fasil\u00ed o uha\u0161en\u00ed po\u017e\u00e1ru v ho\u0159\u00edc\u00ed budov\u011b kv\u016fli napaden\u00ed m\u00edstn\u00edch obyvatel.\u00a0Budova vyho\u0159ela do z\u00e1klad\u016f a policie se domn\u00edv\u00e1, \u017ee se roz\u0161\u00ed\u0159ila po \u017eh\u00e1\u0159sk\u00e9m po\u017e\u00e1ru, kter\u00fd za\u010dal u dvou ho\u0159\u00edc\u00edch vozidel.\u00a0Podez\u0159el\u00ed \u00fadajn\u011b za\u00fato\u010dili na vozidla sklen\u011bn\u00fdmi lahvemi a kameny a podobn\u00fdm zp\u016fsobem byli napadeni i policist\u00e9 zasahuj\u00edc\u00ed na m\u00edsto \u010dinu.<\/span><\/p>\n<p><span>Situace se natolik zhor\u0161ila, \u017ee \u0161v\u00e9dsk\u00e9 hasi\u010dsk\u00e9 slu\u017eby musely zv\u00fd\u0161it diverzitu n\u00e1bor\u016f, aby odradily od \u00fatok\u016f obyvatele v oblastech zat\u00ed\u017een\u00fdch migranty.<\/span><\/p>\n<p><span>\u201eV jednu chv\u00edli po n\u00e1s n\u011bjak\u00e9 d\u011bti h\u00e1zely kameny.\u00a0Chytil jsem chlapa a mluvil jsem s n\u00edm jeho vlastn\u00edm jazykem,\u201c \u0159ekl\u00a0<\/span><a class=\"ek-link\" href=\"https:\/\/www.svt.se\/nyheter\/inrikes\/brandkaren-vill-ha-fler-med-utlandsk-bakgrund\"><span>SVT<\/span><\/a><span>\u00a0Ilhan Demir z hasi\u010dsk\u00e9 slu\u017eby v ji\u017en\u00edm Stockholmu .<\/span><\/p>\n<p><span>Kdy\u017e b\u00fdval\u00fd americk\u00fd prezident Donald Trump v roce 2017 prohl\u00e1sil, \u017ee \u0160v\u00e9dsko m\u00e1 kv\u016fli masov\u00e9 imigraci \u201eprobl\u00e9my, jak\u00e9 nikdy nepova\u017eovaly za mo\u017en\u00e9\u201c, byl zesm\u011b\u0161n\u011bn \u0161irokou \u0161k\u00e1lou m\u00e9di\u00ed po cel\u00e9m sv\u011bt\u011b.\u00a0Od t\u00e9 doby \u0160v\u00e9dsko prudce zas\u00e1hlo imigraci kv\u016fli rekordn\u00edmu po\u010dtu st\u0159eleb a vra\u017ed, p\u0159i\u010dem\u017e vlna zlo\u010dinu hr\u00e1la hlavn\u00ed roli v tom, \u017ee se v leto\u0161n\u00edch n\u00e1rodn\u00edch volb\u00e1ch dostali k moci konzervativci.<\/span><\/p>\n<p><a href=\"https:\/\/rmx.news\/sweden\/were-worried-someone-will-get-killed-swedish-ambulance-workers-threaten-to-stop-serving-no-go-zones\/\">ZDROJ<\/a><\/p>\n<p>&nbsp;<\/p>\n","protected":false},"excerpt":{"rendered":"<p>\u0160v\u00e9dsk\u00e9 no-go z\u00f3ny opou\u0161t\u011bj\u00ed n\u011bkter\u00e9 pracovn\u00edky z\u00e1chrann\u00e9 slu\u017eby v obav\u00e1ch o sv\u00e9 \u017eivoty N\u00e1sil\u00ed p\u00e1chan\u00e9&#8230;<\/p>\n","protected":false},"author":2,"featured_media":18862,"comment_status":"closed","ping_status":"closed","sticky":false,"template":"","format":"standard","meta":[],"categories":[7],"tags":[1241,3910,1500],"_links":{"self":[{"href":"https:\/\/www.infokuryr.cz\/n\/wp-json\/wp\/v2\/posts\/18861"}],"collection":[{"href":"https:\/\/www.infokuryr.cz\/n\/wp-json\/wp\/v2\/posts"}],"about":[{"href":"https:\/\/www.infokuryr.cz\/n\/wp-json\/wp\/v2\/types\/post"}],"author":[{"embeddable":true,"href":"https:\/\/www.infokuryr.cz\/n\/wp-json\/wp\/v2\/users\/2"}],"replies":[{"embeddable":true,"href":"https:\/\/www.infokuryr.cz\/n\/wp-json\/wp\/v2\/comments?post=18861"}],"version-history":[{"count":0,"href":"https:\/\/www.infokuryr.cz\/n\/wp-json\/wp\/v2\/posts\/18861\/revisions"}],"wp:featuredmedia":[{"embeddable":true,"href":"https:\/\/www.infokuryr.cz\/n\/wp-json\/wp\/v2\/media\/18862"}],"wp:attachment":[{"href":"https:\/\/www.infokuryr.cz\/n\/wp-json\/wp\/v2\/media?parent=18861"}],"wp:term":[{"taxonomy":"category","embeddable":true,"href":"https:\/\/www.infokuryr.cz\/n\/wp-json\/wp\/v2\/categories?post=18861"},{"taxonomy":"post_tag","embeddable":true,"href":"https:\/\/www.infokuryr.cz\/n\/wp-json\/wp\/v2\/tags?post=18861"}],"curies":[{"name":"wp","href":"https:\/\/api.w.org\/{rel}","templated":true}]}}