{"id":1881,"date":"2021-05-22T07:38:27","date_gmt":"2021-05-22T05:38:27","guid":{"rendered":"http:\/\/www.infokuryr.cz\/n\/?p=1881"},"modified":"2021-05-22T07:38:27","modified_gmt":"2021-05-22T05:38:27","slug":"polsko-odmita-vyplnit-rozhodnuti-evropskeho-soudu-ohledne-zastaveni-tezby-v-dole-turow","status":"publish","type":"post","link":"https:\/\/www.infokuryr.cz\/n\/2021\/05\/22\/polsko-odmita-vyplnit-rozhodnuti-evropskeho-soudu-ohledne-zastaveni-tezby-v-dole-turow\/","title":{"rendered":"Polsko odm\u00edt\u00e1 vyplnit rozhodnut\u00ed evropsk\u00e9ho soudu ohledn\u011b zastaven\u00ed t\u011b\u017eby v dole Tur\u00f3w"},"content":{"rendered":"<div id=\"fb-root\"><\/div>\n<p><strong>Polsko nechce zastavit t\u011b\u017ebu uhl\u00ed v dole Tur\u00f3w nehled\u011b na rozhodnut\u00ed soudu EU, stoj\u00ed v prohl\u00e1\u0161en\u00ed polsk\u00e9ho premi\u00e9ra Mateusze Morawieck\u00e9ho, kter\u00e9 bylo publikov\u00e1no v p\u00e1tek ve\u010der.<\/strong><\/p>\n<p>Evropsk\u00fd soud v p\u00e1tek vyhov\u011bl prosb\u011b \u010cesk\u00e9 republiky, aby byla okam\u017eit\u011b zastavena t\u011b\u017eba v are\u00e1lu dolu. \u010cesk\u00e9 n\u00e1mitky se t\u00fdkaly roz\u0161i\u0159ov\u00e1n\u00ed t\u011b\u017eby na Tur\u00f3wu, kter\u00fd se nach\u00e1z\u00ed hned vedle hranic s \u010ceskem a N\u011bmeckem. \u010cesk\u00e1 strana protestuje proti roz\u0161i\u0159ov\u00e1n\u00ed dolu, proto\u017ee to m\u016f\u017ee sn\u00ed\u017eit \u00farove\u0148 spodn\u00edch vod a vytvo\u0159it probl\u00e9my ve vodohospod\u00e1\u0159stv\u00ed p\u0159ilehl\u00fdch obc\u00ed.<\/p>\n<p>\u201eRozhodnut\u00ed soudu EU nemohou vstupovat do oblast\u00ed, kter\u00e9 jsou spojen\u00e9 se z\u00e1klady bezpe\u010dnosti \u010dlensk\u00fdch zem\u00ed, a jednou z nich je energetick\u00e1 bezpe\u010dnost,\u201c\u00a0\u0159ekl\u00a0polsk\u00fd premi\u00e9r.<\/p>\n<p>Zm\u00ednil p\u0159itom, \u017ee \u201erozhodnut\u00ed soudu je bezprecedentn\u00edm a proti\u0159e\u010d\u00ed z\u00e1kladn\u00edm princip\u016fm fungov\u00e1n\u00ed EU, a p\u0159ijat\u00e1 opat\u0159en\u00ed jsou nepat\u0159i\u010dn\u00e1\u201c.<\/p>\n<p>\u0158ekl, \u017ee d\u016fl Tur\u00f3w zaji\u0161\u0165uje mezi 4 % a\u017e 7% v\u00fdroby elektrick\u00e9 energie v Polsku. \u201eNa stabiln\u00ed \u010dinnosti z\u00e1vis\u00ed mo\u017enost fungov\u00e1n\u00ed polsk\u00fdch dom\u016f, \u0161kol, nemocnic a podnik\u016f. Jeho stabiln\u00ed \u010dinnost ovliv\u0148uje bezpe\u010dnost, zdrav\u00ed a \u017eivoty milion\u016f polsk\u00fdch\u00a0ob\u010dan\u016f. Na n\u011bm z\u00e1vis\u00ed norm\u00e1ln\u00ed \u017eivot ob\u010dan\u016f na\u0161\u00ed zem\u011b,\u201c \u0159ekl p\u0159edseda polsk\u00e9 vl\u00e1dy.<\/p>\n<p>Morawieck\u00fd prohl\u00e1sil, \u017ee \u201epolsk\u00e1 vl\u00e1da nebude podnikat \u017e\u00e1dn\u00e9 kroky, kter\u00e9 by mohly po\u0161kodit energetickou bezpe\u010dnost Polska\u201c.<\/p>\n<p><strong>Rozhodnut\u00ed soudu<\/strong><\/p>\n<p>V pr\u016fb\u011bhu dne\u0161n\u00edho odpoledne bylo\u00a0informov\u00e1no, \u017ee Polsko mus\u00ed okam\u017eit\u011b pozastavit t\u011b\u017ebu v uheln\u00e9m dole Tur\u00f3w. Na\u0159\u00eddil to Soudn\u00ed dv\u016fr EU, a tak vyhov\u011bl \u010desk\u00e9 \u017e\u00e1dosti o vyd\u00e1n\u00ed p\u0159edb\u011b\u017en\u00e9ho opat\u0159en\u00ed.<\/p>\n<p>Podot\u00fdk\u00e1 se, \u017ee z\u00e1kaz t\u011b\u017eby bude platit a\u017e do vynesen\u00ed kone\u010dn\u00e9ho rozsudku v tomto sporu. Pokra\u010dov\u00e1n\u00ed t\u011b\u017eby do fin\u00e1ln\u00edho verdiktu by dle soudu\u00a0mohlo m\u00edt negativn\u00ed dopad na \u017eivotn\u00ed prost\u0159ed\u00ed i zdrav\u00ed. \u010ce\u0161t\u00ed politici to pova\u017euj\u00ed za prvn\u00ed v\u00edt\u011bzstv\u00ed.<\/p>\n<p>Ministr zahrani\u010d\u00ed Jakub Kulh\u00e1nek neskr\u00fdval radost z rozhodnut\u00ed soudu. \u201eSkv\u011bl\u00e1 zpr\u00e1va. Soudn\u00ed dv\u016fr na z\u00e1klad\u011b n\u00e1vrhu \u010cesk\u00e9 republiky na\u0159\u00eddil Polsku bezodkladn\u011b pozastavit t\u011b\u017ebu uhl\u00ed v dole Tur\u00f3w do doby meritorn\u00edho rozhodnut\u00ed! D\u00edky za spolupr\u00e1ci ministrovi \u017eivotn\u00edho prost\u0159ed\u00ed,\u201c uvedl.<\/p>\n<p>\u010cesk\u00e9 \u00fa\u0159ady na unijn\u00ed soud obr\u00e1tily s\u00a0<strong>\u017ealobou\u00a0<\/strong>proti roz\u0161i\u0159ov\u00e1n\u00ed dolu, kter\u00e9 podle nich ohro\u017euje kvalitu pitn\u00e9 vody pro obyvatele Libereck\u00e9ho kraje.<\/p>\n<p><a href=\"https:\/\/cz.sputniknews.com\/20210521\/polsko-odmita-vyplnit-rozhodnuti-evropskeho-soudu-ohledne-zastaveni-tezby-v-dole-turow-14570796.html\">ZDROJ<\/a><\/p>\n<p>&nbsp;<\/p>\n","protected":false},"excerpt":{"rendered":"<p>Polsko nechce zastavit t\u011b\u017ebu uhl\u00ed v dole Tur\u00f3w nehled\u011b na rozhodnut\u00ed soudu EU, stoj\u00ed v&#8230;<\/p>\n","protected":false},"author":2,"featured_media":1882,"comment_status":"closed","ping_status":"closed","sticky":false,"template":"","format":"standard","meta":[],"categories":[7],"tags":[76,33,31,422],"_links":{"self":[{"href":"https:\/\/www.infokuryr.cz\/n\/wp-json\/wp\/v2\/posts\/1881"}],"collection":[{"href":"https:\/\/www.infokuryr.cz\/n\/wp-json\/wp\/v2\/posts"}],"about":[{"href":"https:\/\/www.infokuryr.cz\/n\/wp-json\/wp\/v2\/types\/post"}],"author":[{"embeddable":true,"href":"https:\/\/www.infokuryr.cz\/n\/wp-json\/wp\/v2\/users\/2"}],"replies":[{"embeddable":true,"href":"https:\/\/www.infokuryr.cz\/n\/wp-json\/wp\/v2\/comments?post=1881"}],"version-history":[{"count":0,"href":"https:\/\/www.infokuryr.cz\/n\/wp-json\/wp\/v2\/posts\/1881\/revisions"}],"wp:featuredmedia":[{"embeddable":true,"href":"https:\/\/www.infokuryr.cz\/n\/wp-json\/wp\/v2\/media\/1882"}],"wp:attachment":[{"href":"https:\/\/www.infokuryr.cz\/n\/wp-json\/wp\/v2\/media?parent=1881"}],"wp:term":[{"taxonomy":"category","embeddable":true,"href":"https:\/\/www.infokuryr.cz\/n\/wp-json\/wp\/v2\/categories?post=1881"},{"taxonomy":"post_tag","embeddable":true,"href":"https:\/\/www.infokuryr.cz\/n\/wp-json\/wp\/v2\/tags?post=1881"}],"curies":[{"name":"wp","href":"https:\/\/api.w.org\/{rel}","templated":true}]}}