{"id":1880,"date":"2021-05-22T07:33:07","date_gmt":"2021-05-22T05:33:07","guid":{"rendered":"http:\/\/www.infokuryr.cz\/n\/?p=1880"},"modified":"2021-05-22T07:33:07","modified_gmt":"2021-05-22T05:33:07","slug":"redakce-ct-seznam-zpravy-respekt-prazsky-hrad-publikoval-seznam-dezinformacnich-medii","status":"publish","type":"post","link":"https:\/\/www.infokuryr.cz\/n\/2021\/05\/22\/redakce-ct-seznam-zpravy-respekt-prazsky-hrad-publikoval-seznam-dezinformacnich-medii\/","title":{"rendered":"Redakce \u010cT, Seznam Zpr\u00e1vy, Respekt\u2026 Pra\u017esk\u00fd hrad publikoval seznam dezinforma\u010dn\u00edch m\u00e9di\u00ed"},"content":{"rendered":"<div id=\"fb-root\"><\/div>\n<p><strong>Pra\u017esk\u00fd hrad na sv\u00fdch str\u00e1nk\u00e1ch publikoval zpr\u00e1vu, kde sd\u011blil, \u017ee v r\u00e1mci ochrany sv\u00e9 cti a boje proti \u0161\u00ed\u0159en\u00ed dezinformac\u00ed p\u0159estane jakkoli spolupracovat s n\u011bkolika \u010desk\u00fdmi m\u00e9dii. Ve zve\u0159ejn\u011bn\u00e9m seznamu je i n\u011bkolik redakc\u00ed \u010cesk\u00e9 televize.<\/strong><\/p>\n<p>\u201eV souvislosti s t\u00edm, \u017ee n\u011bkter\u00e1 m\u00e9dia se \u010d\u00edm d\u00e1l \u010dast\u011bji sna\u017e\u00ed neseri\u00f3zn\u00edm a nestandardn\u00edm zp\u016fsobem z\u00edsk\u00e1vat informace od pracovn\u00edk\u016f Kancel\u00e1\u0159e prezidenta republiky, a to dokonce i informace t\u00fdkaj\u00edc\u00ed se prob\u00edhaj\u00edc\u00edho vy\u0161et\u0159ov\u00e1n\u00ed \u010di informac\u00ed kl\u00ed\u010dov\u00fdch pro bezpe\u010dnost \u010cesk\u00e9 republiky, informuji z pozice vedouc\u00edho KPR o n\u00e1sleduj\u00edc\u00edm opat\u0159en\u00ed,\u201c\u00a0stoj\u00ed\u00a0v \u00favodu zpr\u00e1vy, pod n\u00ed\u017e je podeps\u00e1n vedouc\u00ed Kancel\u00e1\u0159e prezidenta republiky Vratislav Myn\u00e1\u0159.<\/p>\n<p>Pra\u017esk\u00fd hrad n\u00e1sledn\u011b vyjmenoval n\u011bkolik \u010desk\u00fdch m\u00e9di\u00ed, kter\u00e1 pova\u017euje na z\u00e1klad\u011b jejich neprofesion\u00e1ln\u00ed a diletantsk\u00e9 pr\u00e1ce za dezinforma\u010dn\u00ed a sd\u011bluje, \u017ee s nimi u\u017e nebude jakkoli spolupracovat. Do seznamu t\u011bchto dezinforma\u010dn\u00edch m\u00e9di\u00ed Hrad za\u0159adil n\u011bkolik redakc\u00ed \u010cesk\u00e9 televize, t\u00fdden\u00edk Respekt, port\u00e1l Seznam Zpr\u00e1vy a Den\u00edk N.<\/p>\n<p>\u201eKancel\u00e1\u0159 prezidenta republiky v r\u00e1mci boje proti dezinformac\u00edm, jeho\u017e v\u00fdznam potvrdila mimo jin\u00e9 b\u011bhem jedn\u00e1n\u00ed v lednu roku 2021 i Evropsk\u00e1 komise, nad\u00e1le nebude poskytovat jak\u00e9koli informace t\u00fdden\u00edku Respekt, serveru Seznam Zpr\u00e1vy, blogu Den\u00edk N, redakc\u00edm 168 hodin a Report\u00e9\u0159i \u010cT. Kancel\u00e1\u0159 prezidenta republiky v souladu se z\u00e1konem db\u00e1 o svou pov\u011bst, p\u0159i\u010dem\u017e zmi\u0148ovan\u00e1 m\u00e9dia dlouhodob\u011b a v\u011bdom\u011b \u0161\u00ed\u0159\u00ed informace zkreslen\u00e9, l\u017eiv\u00e9 a neobjektivn\u00ed. V p\u0159\u00edpad\u011b poskytov\u00e1n\u00ed sou\u010dinnosti ve form\u011b zodpov\u00edd\u00e1n\u00ed dotaz\u016f e-mailem \u010di telefonicky by se pracovn\u00edci KPR mohli naopak pod\u00edlet na po\u0161kozen\u00ed dobr\u00e9ho jm\u00e9na \u010cesk\u00e9\u00a0republiky, co\u017e je v rozporu s jejich pracovn\u00ed smlouvou. Kancel\u00e1\u0159 prezidenta republiky v minulosti mnohokr\u00e1t poukazovala na flagrantn\u00ed pochyben\u00ed a nep\u0159esnosti uv\u00e1d\u011bn\u00e9 v medi\u00e1ln\u00edch v\u00fdstupech t\u011bchto m\u00e9di\u00ed, na jejich p\u0159\u00edstupu k ov\u011b\u0159ov\u00e1n\u00ed fakt\u016f to ov\u0161em nic nezm\u011bnilo. Boj proti dezinforma\u010dn\u00ed sc\u00e9n\u011b je p\u0159itom jedn\u00edm ze z\u00e1sadn\u00edch t\u00e9mat nejen Evropsk\u00e9 komise, ale i \u010desk\u00e9 vl\u00e1dy, a KPR se t\u00edmto krokem k t\u00e9to snaze p\u0159ipojuje,\u201c uvedl Hrad.<\/p>\n<p>\u201eMezi typick\u00e9 prakticky dezinforma\u010dn\u00edch m\u00e9di\u00ed je neov\u011b\u0159ov\u00e1n\u00ed fakt\u016f \u010di odkazov\u00e1n\u00ed se na fiktivn\u00ed informa\u010dn\u00ed zdroje, kter\u00e9 ve skute\u010dnosti neexistuj\u00ed &#8211; jak se ji\u017e v minulosti uk\u00e1zalo na konkr\u00e9tn\u00edch p\u0159\u00edpadech. KPR m\u00e1 zku\u0161enost se v\u0161emi jmenovan\u00fdmi praktikami, a\u0165 u\u017e p\u0159i vyvracen\u00ed dezinformac\u00ed o \u00fadajn\u011b \u201eobjednan\u00e9m\u201c v\u00fdhr\u016f\u017en\u00e9m dopisu z \u010d\u00ednsk\u00e9 ambas\u00e1dy, t\u011b\u017eb\u011b kamene z L\u00e1nsk\u00e9 obory, jedn\u00e1n\u00edch expertn\u00edho t\u00fdmu prezidenta republiky a dal\u0161\u00edch t\u00e9matech. Na v\u011bt\u0161inu dezinformac\u00ed KPR reaguje jejich d\u016fkladn\u00fdm vyvracen\u00edm ve speci\u00e1ln\u00ed rubrice na webov\u00fdch str\u00e1nk\u00e1ch\u00a0hrad.cz,\u201c dodala Kancel\u00e1\u0159 prezidenta republiky.<\/p>\n<p>Hrad ve zpr\u00e1v\u011b poukazuje na praxi v\u00fd\u0161e zmi\u0148ovan\u00fdch m\u00e9di\u00ed, kter\u00e9 pova\u017euje za dezinforma\u010dn\u00ed. Jedn\u00e1 se o odvol\u00e1v\u00e1n\u00ed se na anonymn\u00ed zdroje. To prezidentsk\u00e1 kancel\u00e1\u0159 pova\u017euje za zp\u016fsob, jak beztrestn\u011b lh\u00e1t.<\/p>\n<p>\u201eAnonymn\u00ed \u201ezdroje\u201c informac\u00ed o r\u016fzn\u00fdch kauz\u00e1ch a p\u0159\u00edpadech p\u0159itom n\u00e1zorn\u011b ukazuj\u00ed b\u011b\u017enou praxi \u010desk\u00fdch m\u00e9di\u00ed &#8211; jde o zp\u016fsob, jak zcela beztrestn\u011b lh\u00e1t. Novin\u00e1\u0159 m\u00e1 toti\u017e p\u0159ed soudem pr\u00e1vo na ochranu tohoto zdroje, a tak k \u0161\u00ed\u0159en\u00ed dezinformace sta\u010d\u00ed pouze odvol\u00e1n\u00ed se na anonymn\u00ed zdroj. D\u011blo se tak v p\u0159\u00edpad\u011b mnoh\u00fdch \u010dl\u00e1nk\u016f o \u00fadajn\u00fdch sch\u016fzk\u00e1ch s \u010d\u00ednsk\u00fdm velvyslancem (Den\u00edk N) \u010di nyn\u00ed p\u0159i snaze o vyvol\u00e1n\u00ed dal\u0161\u00ed medi\u00e1ln\u00ed kauzy t\u00fdkaj\u00edc\u00ed se zpr\u00e1vy BIS. I v tomto p\u0159\u00edpad\u011b blogu Den\u00edk N na\u0161ept\u00e1vaj\u00ed konspira\u010dn\u00ed teorie r\u016fzn\u00e9 tajemn\u00e9 \u201eanonymn\u00ed zdroje z Hradu\u201c. Dovol\u00edm si p\u0159esto vyzvat Den\u00edk N, aby p\u0159edlo\u017eil d\u016fkaz o tom, \u017ee skute\u010dn\u011b komunikuje s pracovn\u00edkem Pra\u017esk\u00e9ho hradu &#8211; uk\u00e1\u017ee-li se, \u017ee kdokoli ze zam\u011bstnanc\u016f Pra\u017esk\u00e9ho hradu komunikuje i p\u0159es stanoven\u00fd postup se z\u00e1stupci t\u011bchto dezinforma\u010dn\u00edch m\u00e9di\u00ed, ve\u0159ejn\u011b se omluv\u00edm,\u201c uzav\u0159el Vratislav Myn\u00e1\u0159 zpr\u00e1vu publikovanou na port\u00e1lu Hradu.<\/p>\n<p><strong>Dezinformace<\/strong><\/p>\n<p>Mezi nejkontroverzn\u011bj\u0161\u00ed kauzu posledn\u00ed doby pat\u0159\u00ed\u00a0\u010dl\u00e1nek\u00a0novin\u00e1\u0159e Janka Kroupy na port\u00e1lu Seznam Zpr\u00e1vy, kde obvinil ministra vnitra Jana Ham\u00e1\u010dka z toho, \u017ee p\u0159ed vypuknut\u00edm kauzy Vrb\u011btice se \u00fadajn\u011b chystal do Moskvy, aby tam \u201evym\u011bnil\u201c ml\u010den\u00ed v kauze Vrb\u011btice za milion d\u00e1vek rusk\u00e9\u00a0vakc\u00edny\u00a0Sputnik V a p\u0159\u00edslib, \u017ee setk\u00e1n\u00ed prezident\u016f Bidena a Putina prob\u011bhne v Praze.<\/p>\n<p>Ham\u00e1\u010dek se proti t\u011bmto tvrzen\u00edm jednozna\u010dn\u011b ohradil. Podal na Kroupu trestn\u00ed ozn\u00e1men\u00ed za pomluvu a civiln\u00ed \u017ealobu na vydavatele, kde po\u017eaduje od\u0161kodn\u011bn\u00ed ve v\u00fd\u0161i 10 milion\u016f korun.<\/p>\n<p><a href=\"https:\/\/cz.sputniknews.com\/20210521\/redakce-ct-seznam-zpravy-respekt-prazsky-hrad-publikoval-seznam-dezinformacnich-medii-14569473.html\">ZDROJ<\/a><\/p>\n<p>&nbsp;<\/p>\n","protected":false},"excerpt":{"rendered":"<p>Pra\u017esk\u00fd hrad na sv\u00fdch str\u00e1nk\u00e1ch publikoval zpr\u00e1vu, kde sd\u011blil, \u017ee v r\u00e1mci ochrany sv\u00e9 cti&#8230;<\/p>\n","protected":false},"author":2,"featured_media":581,"comment_status":"closed","ping_status":"closed","sticky":false,"template":"","format":"standard","meta":[],"categories":[6],"tags":[28,158,234,165],"_links":{"self":[{"href":"https:\/\/www.infokuryr.cz\/n\/wp-json\/wp\/v2\/posts\/1880"}],"collection":[{"href":"https:\/\/www.infokuryr.cz\/n\/wp-json\/wp\/v2\/posts"}],"about":[{"href":"https:\/\/www.infokuryr.cz\/n\/wp-json\/wp\/v2\/types\/post"}],"author":[{"embeddable":true,"href":"https:\/\/www.infokuryr.cz\/n\/wp-json\/wp\/v2\/users\/2"}],"replies":[{"embeddable":true,"href":"https:\/\/www.infokuryr.cz\/n\/wp-json\/wp\/v2\/comments?post=1880"}],"version-history":[{"count":0,"href":"https:\/\/www.infokuryr.cz\/n\/wp-json\/wp\/v2\/posts\/1880\/revisions"}],"wp:featuredmedia":[{"embeddable":true,"href":"https:\/\/www.infokuryr.cz\/n\/wp-json\/wp\/v2\/media\/581"}],"wp:attachment":[{"href":"https:\/\/www.infokuryr.cz\/n\/wp-json\/wp\/v2\/media?parent=1880"}],"wp:term":[{"taxonomy":"category","embeddable":true,"href":"https:\/\/www.infokuryr.cz\/n\/wp-json\/wp\/v2\/categories?post=1880"},{"taxonomy":"post_tag","embeddable":true,"href":"https:\/\/www.infokuryr.cz\/n\/wp-json\/wp\/v2\/tags?post=1880"}],"curies":[{"name":"wp","href":"https:\/\/api.w.org\/{rel}","templated":true}]}}