{"id":1875,"date":"2021-05-21T10:14:50","date_gmt":"2021-05-21T08:14:50","guid":{"rendered":"http:\/\/www.infokuryr.cz\/n\/?p=1875"},"modified":"2021-05-21T10:16:39","modified_gmt":"2021-05-21T08:16:39","slug":"fox-news-bidenova-vlada-nazyva-do-oci-bijici-rasismus-spravedlnosti","status":"publish","type":"post","link":"https:\/\/www.infokuryr.cz\/n\/2021\/05\/21\/fox-news-bidenova-vlada-nazyva-do-oci-bijici-rasismus-spravedlnosti\/","title":{"rendered":"Fox News: Bidenova vl\u00e1da naz\u00fdv\u00e1 do o\u010d\u00ed bij\u00edc\u00ed rasismus \u201espravedlnost\u00ed\u201c"},"content":{"rendered":"<div id=\"fb-root\"><\/div>\n<p><strong>Starostka Chicaga Laurie Lightfoot uvedla, \u017ee p\u0159i v\u00fdro\u010d\u00ed sv\u00e9 inaugurace poskytne rozhovory pouze \u010dern\u00fdm novin\u00e1\u0159\u016fm, co\u017e od\u016fvodn\u00ed z\u00e1sadou \u201espravedlnosti\u201c, uv\u00e1d\u00ed Fox News.\u00a0<\/strong><strong>Jak poznamen\u00e1v\u00e1 televizn\u00ed moder\u00e1tor Tucker Carlson, Lightfoot t\u00edm uk\u00e1zal, \u017ee spravedlnost, o kterou se usiluje sou\u010dasn\u00e1 americk\u00e1 administrativa, je jen diskriminace b\u00edl\u00fdch z rasov\u00fdch d\u016fvod\u016f.<\/strong><span id=\"span-copy\"><\/span><\/p>\n<p>\u201eSpravedlnost\u201c je nyn\u00ed organiza\u010dn\u00edm principem Spojen\u00fdch st\u00e1t\u016f americk\u00fdch. V den sv\u00e9 inaugurace podepsal Joe Biden v\u00fdkonn\u00e9 na\u0159\u00edzen\u00ed 13985. Tato vyhl\u00e1\u0161ka stanov\u00ed, \u017ee \u201espravedlnost\u201c je povinn\u00e1 ve v\u0161ech feder\u00e1ln\u00edch \u00fa\u0159adech a ve v\u0161ech \u00fatvarech. Kupodivu v\u0161ak ani Joe Biden, ani kdokoli jin\u00fd ve spr\u00e1v\u011b toto slovo nikdy nedefinoval.<\/p>\n<div class=\"article-body\">\n<p>Co je to \u201espravedlnost\u201c? Dnes kone\u010dn\u011b v\u00edme, o co jde.\u00a0Ukazuje se, \u017ee \u201espravedlnost\u201c je rasismus.\u00a0Docela jednoduch\u00e9.\u00a0\u201eSpravedlnost\u201c je rasismus.\u00a0Vysv\u011btl\u00edme to: rasismus v\u016fbec nen\u00ed ve smyslu, v n\u011bm\u017e se zmrzlina, Shakespeare a matematika pova\u017euj\u00ed za rasistick\u00e9, ale (d\u011btsk\u00fd spisovatel &#8211;\u00a0<i>IK<\/i>) Dr. Seuss je u\u0161lechtil\u00fd kyklop * Ku Klux Klanu.\u00a0Nemluv\u00edme o definici rasismu, kterou d\u00e1v\u00e1 (americk\u00fd kongresman &#8211;\u00a0<i>IK<\/i>) Ilkhan Omar a The Atlantic magazine, i kdy\u017e to mimochodem nen\u00ed jazykov\u00e1 definice, ale dal\u0161\u00ed surov\u00e1 politick\u00e1 zbra\u0148.\u00a0Ne, mysl\u00edme rasismus v doslovn\u00e9m smyslu, jak to pochopil Martin Luther King: \u0161kodit n\u011bkter\u00fdm a pom\u00e1hat jin\u00fdm \u010dist\u011b z rasov\u00fdch d\u016fvod\u016f.\u00a0Jin\u00fdmi slovy, tm\u00e1\u0159stv\u00ed.\u00a0P\u0159edsudek.\u00a0Nen\u00e1vist.\u00a0Takov\u00e1 je jejich \u201espravedlnost\u201c.<span id=\"span-copy\"><\/span><\/p>\n<p>V\u00edme to d\u00edky Laurie Lightfootov\u00e9, starostce Chicaga.\u00a0D\u0159\u00edve\u00a0 Lightfootov\u00e1 zve\u0159ejnila dvoustr\u00e1nkov\u00fd manifest definuj\u00edc\u00ed \u201ef\u00e9rovost\u201c. &#8220;\u00a0<i>Spravedlnost a inkluzivnost jsou v\u016fd\u010d\u00edmi hv\u011bzdami t\u00e9to spr\u00e1vy<\/i> ,&#8220; vysv\u011btlila Lightfootov\u00e1. Pak se dostala ke konkr\u00e9tnostem.\u00a0Cituji: \u201e<i>U p\u0159\u00edle\u017eitosti druh\u00e9ho v\u00fdro\u010d\u00ed m\u00e9 inaugurace za starostu tohoto velk\u00e9ho m\u011bsta poskytnu osobn\u00ed rozhovory pouze neb\u00edl\u00fdm novin\u00e1\u0159\u016fm<\/i>\u00a0. \u201c\u00a0Ve jm\u00e9nu \u201espravedlnosti\u201c odm\u00edt\u00e1 Laurie Lightfootov\u00e1 vyslechnout b\u00edl\u00e9.<\/p>\n<p>Lightfootov\u00e1 si dala tu n\u00e1mahu, aby vysv\u011btlila, \u017ee to nen\u00ed nic osobn\u00edho. Ve skute\u010dnosti p\u0159ipustila, \u017ee n\u011bkte\u0159\u00ed b\u00edl\u00ed report\u00e9\u0159i z radnice v Chicagu jsou talentovan\u00ed a pracovit\u00ed. Bohu\u017eel, podle Lightfootov\u00e9 \u201e <i>jsou\u00a0<\/i><i>st\u00e1le\u00a0<\/i><i>b\u00edl\u00ed<\/i>\u00a0\u201c.\u00a0Nikdo nikdy ne\u0159ekl takov\u00e9 v\u011bci nahlas a p\u0159\u00edm\u011bji. B\u00edl\u00e1 je diskvalifikov\u00e1na, proto\u017ee je b\u00edl\u00e1. Ne kv\u016fli n\u011b\u010demu, co ud\u011blali, \u0159ekli nebo si mysleli.\u00a0Laurie Lightfootov\u00e9 to v\u016fbec nevad\u00ed, jak \u0159ekla sama.<\/p>\n<p><span id=\"span-copy\"><strong><span style=\"color: #ff0000;\">Sl\u00e1va a je\u0161t\u011b jednou sl\u00e1va! A\u0165 \u017eije Amerika n\u00e1\u0161 vzor demokracie!<\/span><\/strong><\/span><\/p>\n<p><i>* Noble Cyclops &#8211; vedouc\u00ed m\u00edstn\u00ed bu\u0148ky Ku Klux Klanu<\/i><\/p>\n<p>ZDROJ: Fox News<\/p>\n<p><img decoding=\"async\" loading=\"lazy\" class=\"alignnone size-full wp-image-1185\" src=\"http:\/\/www.infokuryr.cz\/n\/wp-content\/uploads\/2021\/04\/kuryr-podpis.png\" alt=\"\" width=\"84\" height=\"24\" \/><\/p>\n<p>&nbsp;<\/p>\n<\/div>\n","protected":false},"excerpt":{"rendered":"<p>Starostka Chicaga Laurie Lightfoot uvedla, \u017ee p\u0159i v\u00fdro\u010d\u00ed sv\u00e9 inaugurace poskytne rozhovory pouze \u010dern\u00fdm novin\u00e1\u0159\u016fm,&#8230;<\/p>\n","protected":false},"author":2,"featured_media":1876,"comment_status":"closed","ping_status":"closed","sticky":false,"template":"","format":"standard","meta":[],"categories":[7],"tags":[72,93,37],"_links":{"self":[{"href":"https:\/\/www.infokuryr.cz\/n\/wp-json\/wp\/v2\/posts\/1875"}],"collection":[{"href":"https:\/\/www.infokuryr.cz\/n\/wp-json\/wp\/v2\/posts"}],"about":[{"href":"https:\/\/www.infokuryr.cz\/n\/wp-json\/wp\/v2\/types\/post"}],"author":[{"embeddable":true,"href":"https:\/\/www.infokuryr.cz\/n\/wp-json\/wp\/v2\/users\/2"}],"replies":[{"embeddable":true,"href":"https:\/\/www.infokuryr.cz\/n\/wp-json\/wp\/v2\/comments?post=1875"}],"version-history":[{"count":0,"href":"https:\/\/www.infokuryr.cz\/n\/wp-json\/wp\/v2\/posts\/1875\/revisions"}],"wp:featuredmedia":[{"embeddable":true,"href":"https:\/\/www.infokuryr.cz\/n\/wp-json\/wp\/v2\/media\/1876"}],"wp:attachment":[{"href":"https:\/\/www.infokuryr.cz\/n\/wp-json\/wp\/v2\/media?parent=1875"}],"wp:term":[{"taxonomy":"category","embeddable":true,"href":"https:\/\/www.infokuryr.cz\/n\/wp-json\/wp\/v2\/categories?post=1875"},{"taxonomy":"post_tag","embeddable":true,"href":"https:\/\/www.infokuryr.cz\/n\/wp-json\/wp\/v2\/tags?post=1875"}],"curies":[{"name":"wp","href":"https:\/\/api.w.org\/{rel}","templated":true}]}}