{"id":18739,"date":"2022-11-25T00:59:11","date_gmt":"2022-11-24T23:59:11","guid":{"rendered":"http:\/\/www.infokuryr.cz\/n\/?p=18739"},"modified":"2022-11-24T15:35:33","modified_gmt":"2022-11-24T14:35:33","slug":"nizka-podpora-afroamericanu-pro-vysilani-americkych-vojaku-do-zahranici","status":"publish","type":"post","link":"https:\/\/www.infokuryr.cz\/n\/2022\/11\/25\/nizka-podpora-afroamericanu-pro-vysilani-americkych-vojaku-do-zahranici\/","title":{"rendered":"N\u00edzk\u00e1 podpora Afroameri\u010dan\u016f pro vys\u00edl\u00e1n\u00ed americk\u00fdch voj\u00e1k\u016f do zahrani\u010d\u00ed"},"content":{"rendered":"<div id=\"fb-root\"><\/div>\n<p data-spm-anchor-id=\"C01140752918.PaZNIkA0prFD.0.i1\">Carnegie institut Spojen\u00fdch st\u00e1t\u016f pro mezin\u00e1rodn\u00ed m\u00edr 22. listopadu zve\u0159ejnil dokument, ve kter\u00e9m bylo uvedeno, \u017ee ned\u00e1vn\u00fd pr\u016fzkum tohoto institutu zjistil, \u017ee pouze 21 procent Afroameri\u010dan\u016f podporuje vys\u00edl\u00e1n\u00ed voj\u00e1k\u016f na Ukrajinu, co\u017e je mnohem m\u00e9n\u011b ne\u017e 38 procent Ameri\u010dan\u016f obecn\u011b.<\/p>\n<p data-spm-anchor-id=\"C01140752918.PaZNIkA0prFD.0.i2\">\u010cl\u00e1nek uv\u00e1d\u00ed, \u017ee n\u00edzk\u00e1 m\u00edra podpory Afroameri\u010dan\u016f pro vys\u00edl\u00e1n\u00ed voj\u00e1k\u016f do zahrani\u010d\u00ed pramen\u00ed ze skute\u010dnosti, \u017ee n\u011bkte\u0159\u00ed afroameri\u010dt\u00ed veter\u00e1ni nedostali soci\u00e1ln\u00ed d\u00e1vky nebo trp\u00ed rasov\u00fdm n\u00e1sil\u00edm. Krom\u011b toho se mnoz\u00ed Afroameri\u010dan\u00e9 domn\u00edvaj\u00ed, \u017ee pen\u00edze da\u0148ov\u00fdch poplatn\u00edk\u016f by m\u011bly b\u00fdt pou\u017eity sp\u00ed\u0161e na dom\u00e1c\u00ed z\u00e1le\u017eitosti ne\u017e na zahrani\u010dn\u00ed vojensk\u00e9 operace, proto\u017ee Afroameri\u010dan\u00e9 jsou su\u017eov\u00e1ni velk\u00fdm mno\u017estv\u00edm soci\u00e1ln\u011b-ekonomick\u00fdch probl\u00e9m\u016f, v\u010detn\u011b nerovnosti v bohatstv\u00ed, policejn\u00edho n\u00e1sil\u00ed a rasov\u00e9 nerovnosti.<\/p>\n<p data-spm-anchor-id=\"C01140752918.PaZNIkA0prFD.0.i2\"><img decoding=\"async\" loading=\"lazy\" class=\"alignnone size-full wp-image-1185\" src=\"http:\/\/www.infokuryr.cz\/n\/wp-content\/uploads\/2021\/04\/kuryr-podpis.png\" alt=\"\" width=\"84\" height=\"24\" \/><\/p>\n<p data-spm-anchor-id=\"C01140752918.PaZNIkA0prFD.0.i2\">\n","protected":false},"excerpt":{"rendered":"<p>Carnegie institut Spojen\u00fdch st\u00e1t\u016f pro mezin\u00e1rodn\u00ed m\u00edr 22. listopadu zve\u0159ejnil dokument, ve kter\u00e9m bylo uvedeno,&#8230;<\/p>\n","protected":false},"author":2,"featured_media":18740,"comment_status":"closed","ping_status":"closed","sticky":false,"template":"","format":"standard","meta":[],"categories":[7],"tags":[3884,37,321],"_links":{"self":[{"href":"https:\/\/www.infokuryr.cz\/n\/wp-json\/wp\/v2\/posts\/18739"}],"collection":[{"href":"https:\/\/www.infokuryr.cz\/n\/wp-json\/wp\/v2\/posts"}],"about":[{"href":"https:\/\/www.infokuryr.cz\/n\/wp-json\/wp\/v2\/types\/post"}],"author":[{"embeddable":true,"href":"https:\/\/www.infokuryr.cz\/n\/wp-json\/wp\/v2\/users\/2"}],"replies":[{"embeddable":true,"href":"https:\/\/www.infokuryr.cz\/n\/wp-json\/wp\/v2\/comments?post=18739"}],"version-history":[{"count":0,"href":"https:\/\/www.infokuryr.cz\/n\/wp-json\/wp\/v2\/posts\/18739\/revisions"}],"wp:featuredmedia":[{"embeddable":true,"href":"https:\/\/www.infokuryr.cz\/n\/wp-json\/wp\/v2\/media\/18740"}],"wp:attachment":[{"href":"https:\/\/www.infokuryr.cz\/n\/wp-json\/wp\/v2\/media?parent=18739"}],"wp:term":[{"taxonomy":"category","embeddable":true,"href":"https:\/\/www.infokuryr.cz\/n\/wp-json\/wp\/v2\/categories?post=18739"},{"taxonomy":"post_tag","embeddable":true,"href":"https:\/\/www.infokuryr.cz\/n\/wp-json\/wp\/v2\/tags?post=18739"}],"curies":[{"name":"wp","href":"https:\/\/api.w.org\/{rel}","templated":true}]}}