{"id":18719,"date":"2022-11-24T10:57:54","date_gmt":"2022-11-24T09:57:54","guid":{"rendered":"http:\/\/www.infokuryr.cz\/n\/?p=18719"},"modified":"2022-11-24T10:57:54","modified_gmt":"2022-11-24T09:57:54","slug":"lukasenko-v-pripade-utoku-rusko-a-ja-odpovime-tak-ze-se-nejen-evropa-zachveje","status":"publish","type":"post","link":"https:\/\/www.infokuryr.cz\/n\/2022\/11\/24\/lukasenko-v-pripade-utoku-rusko-a-ja-odpovime-tak-ze-se-nejen-evropa-zachveje\/","title":{"rendered":"Luka\u0161enko: V p\u0159\u00edpad\u011b \u00fatoku, Rusko a j\u00e1 odpov\u00edme tak, \u017ee se nejen Evropa zachv\u011bje"},"content":{"rendered":"<div id=\"fb-root\"><\/div>\n<p class=\"lead\"><span>P\u0159i \u00fatoku na B\u011blorusko odpov\u00ed Minsk spole\u010dn\u011b s Moskvou tak, \u017ee se zachv\u011bje nejen Evropa.\u00a0Ozn\u00e1mil to 23. listopadu na okraj summitu CSTO Alexandr Luka\u0161enko.<\/span><\/p>\n<p><strong><em>&#8222;Pokud na n\u00e1s n\u00e1hle n\u011bkdo za\u00fato\u010d\u00ed, nedovedete si p\u0159edstavit, jak m\u016f\u017eeme reagovat&#8230; Nebudeme zde diskutovat o probl\u00e9mu \u0161pinav\u00e9, \u010dist\u00e9 atomov\u00e9 bomby&#8230; Odpov\u00edme tak, aby se nejen Evropa t\u0159\u00e1sla.&#8220;<span class=\"after-quote\">\u00a0&#8211; \u0159ekl.<\/span><\/em><\/strong><\/p>\n<p><span>Na tento \u00fatok podle n\u011bj zareaguje nejen B\u011blorusko, ale tak\u00e9 Rusko \u2013 v t\u00e9to ot\u00e1zce existuje \u0159ada dohod.<\/span><\/p>\n<p><em><strong>&#8222;Toto je na\u0161e spole\u010dn\u00e9 seskupen\u00ed ozbrojen\u00fdch sil,&#8220;<span class=\"after-quote\"> dodal b\u011blorusk\u00fd v\u016fdce.<\/span><\/strong><\/em><\/p>\n<p><span>Luka\u0161enko nav\u00edc domn\u011bnky objevuj\u00edc\u00ed se v americk\u00fdch m\u00e9di\u00edch, \u017ee b\u011blorusk\u00e1 arm\u00e1da brzy vstoup\u00ed na Ukrajinu, ozna\u010dil za \u00fapln\u00fd nesmysl a zd\u016fraznil, \u017ee pokud se B\u011blorusko \u201ezaplete do tohoto konfliktu s lidskou silou\u201c, situaci to jen zhor\u0161\u00ed.<\/span><\/p>\n<p><em><strong>&#8222;Toto nen\u00ed role B\u011bloruska v tomto konfliktu,&#8220;<span class=\"after-quote\">\u00a0\u0159ekl.<\/span><\/strong><\/em><\/p>\n<p><span>P\u0159ipome\u0148me, \u017ee ofici\u00e1ln\u00ed Minsk v\u017edy zd\u016fraz\u0148oval svou m\u00edrumilovnost a z\u00e1rove\u0148 v\u0161echny varoval p\u0159ed svou p\u0159ipravenost\u00ed odolat jak\u00e9koli vn\u011bj\u0161\u00ed agresi.\u00a0V souvislosti s budov\u00e1n\u00edm vojensk\u00e9ho potenci\u00e1lu NATO a tak\u00e9 situac\u00ed na Ukrajin\u011b ozn\u00e1mil 10. \u0159\u00edjna Alexandr Luka\u0161enko, \u017ee se dohodl s rusk\u00fdm prezidentem\u00a0<\/span><strong><span>Vladimirem Putinem<\/span><\/strong><span>\u00a0na vysl\u00e1n\u00ed spojeneck\u00e9 skupiny vojsk.\u00a0Do B\u011bloruska m\u00e1 dorazit asi 9000 rusk\u00fdch voj\u00e1k\u016f, t\u011b\u017ek\u00fdch obrn\u011bn\u00fdch vozidel a letadel, aby hl\u00eddkovali na hranic\u00edch.<\/span><\/p>\n<p><img decoding=\"async\" loading=\"lazy\" class=\"alignnone size-full wp-image-1185\" src=\"http:\/\/www.infokuryr.cz\/n\/wp-content\/uploads\/2021\/04\/kuryr-podpis.png\" alt=\"\" width=\"84\" height=\"24\" \/><\/p>\n<p>&nbsp;<\/p>\n","protected":false},"excerpt":{"rendered":"<p>P\u0159i \u00fatoku na B\u011blorusko odpov\u00ed Minsk spole\u010dn\u011b s Moskvou tak, \u017ee se zachv\u011bje nejen Evropa.\u00a0Ozn\u00e1mil&#8230;<\/p>\n","protected":false},"author":2,"featured_media":18720,"comment_status":"closed","ping_status":"closed","sticky":false,"template":"","format":"standard","meta":[],"categories":[7],"tags":[149,102,723,365],"_links":{"self":[{"href":"https:\/\/www.infokuryr.cz\/n\/wp-json\/wp\/v2\/posts\/18719"}],"collection":[{"href":"https:\/\/www.infokuryr.cz\/n\/wp-json\/wp\/v2\/posts"}],"about":[{"href":"https:\/\/www.infokuryr.cz\/n\/wp-json\/wp\/v2\/types\/post"}],"author":[{"embeddable":true,"href":"https:\/\/www.infokuryr.cz\/n\/wp-json\/wp\/v2\/users\/2"}],"replies":[{"embeddable":true,"href":"https:\/\/www.infokuryr.cz\/n\/wp-json\/wp\/v2\/comments?post=18719"}],"version-history":[{"count":0,"href":"https:\/\/www.infokuryr.cz\/n\/wp-json\/wp\/v2\/posts\/18719\/revisions"}],"wp:featuredmedia":[{"embeddable":true,"href":"https:\/\/www.infokuryr.cz\/n\/wp-json\/wp\/v2\/media\/18720"}],"wp:attachment":[{"href":"https:\/\/www.infokuryr.cz\/n\/wp-json\/wp\/v2\/media?parent=18719"}],"wp:term":[{"taxonomy":"category","embeddable":true,"href":"https:\/\/www.infokuryr.cz\/n\/wp-json\/wp\/v2\/categories?post=18719"},{"taxonomy":"post_tag","embeddable":true,"href":"https:\/\/www.infokuryr.cz\/n\/wp-json\/wp\/v2\/tags?post=18719"}],"curies":[{"name":"wp","href":"https:\/\/api.w.org\/{rel}","templated":true}]}}