{"id":18718,"date":"2022-11-24T10:54:11","date_gmt":"2022-11-24T09:54:11","guid":{"rendered":"http:\/\/www.infokuryr.cz\/n\/?p=18718"},"modified":"2022-11-24T10:54:11","modified_gmt":"2022-11-24T09:54:11","slug":"zelenskyj-by-mel-mluvit-osobne-v-rade-bezpecnosti-osn-a-jeho-video-je-porusenim-procedury","status":"publish","type":"post","link":"https:\/\/www.infokuryr.cz\/n\/2022\/11\/24\/zelenskyj-by-mel-mluvit-osobne-v-rade-bezpecnosti-osn-a-jeho-video-je-porusenim-procedury\/","title":{"rendered":"Zelenskyj by m\u011bl mluvit osobn\u011b v Rad\u011b bezpe\u010dnosti OSN a jeho video je poru\u0161en\u00edm procedury"},"content":{"rendered":"<div id=\"fb-root\"><\/div>\n<p class=\"lead\"><span>Rusko nen\u00ed proti projevu ukrajinsk\u00e9ho prezidenta Volodymyra Zelensk\u00e9ho na zased\u00e1n\u00ed Rady bezpe\u010dnosti OSN, ale m\u011blo by to b\u00fdt osobn\u011b.\u00a0Ozn\u00e1mil to dnes 24. listopadu Vasilij N\u011bbenzja, st\u00e1l\u00fd p\u0159edstavitel Rusk\u00e9 federace p\u0159i OSN.<\/span><\/p>\n<p><strong><em>\u201eNejprve bychom r\u00e1di zopakovali na\u0161e stanovisko v souvislosti s dal\u0161\u00ed \u00fa\u010dast\u00ed na dne\u0161n\u00edm setk\u00e1n\u00ed prezidenta Ukrajiny ve virtu\u00e1ln\u00ed podob\u011b.\u00a0Opakovan\u011b jsme zd\u016fraznili, \u017ee nejsme proti jeho \u00fa\u010dasti, ale tato \u00fa\u010dast by m\u011bla b\u00fdt tv\u00e1\u0159\u00ed v tv\u00e1\u0159.\u00a0To vy\u017eaduj\u00ed pravidla, kter\u00e1 \u0159\u00edd\u00ed pr\u00e1ci Rady bezpe\u010dnosti ji\u017e v\u00edce ne\u017e 75 let.\u201c<span class=\"after-quote\"> podotkl Vasilij N\u011bbenzja.<\/span><\/em><\/strong><\/p>\n<p><span>P\u0159edt\u00edm byl dnes Zelensk\u00e9ho videoprojev odvys\u00edl\u00e1n v Rad\u011b bezpe\u010dnosti OSN, mluvil jako druh\u00fd na seznamu.\u00a0Vasilij N\u011bbenzja v koment\u00e1\u0159i zd\u016fraznil, \u017ee &#8222;Zelenskij, zd\u00e1 se, se sch\u016fzky ne\u00fa\u010dastn\u00ed.&#8220;<\/span><\/p>\n<p><em><strong>&#8222;Z\u0159ejm\u011b jsme sly\u0161eli jeho dal\u0161\u00ed video zpr\u00e1vu.&#8220;\u00a0A ani na jedin\u00e9m zased\u00e1n\u00ed Rady, na kter\u00e9 se pan Zelensk\u00fd obr\u00e1til, nez\u016fstal a\u017e do konce, a nejsp\u00ed\u0161 ani vte\u0159inu,\u201c<span class=\"after-quote\">\u00a0&#8211; \u0159ekl rusk\u00fd velvyslanec.<\/span><\/strong><\/em><\/p>\n<p><span>Jak informoval\u00a0<\/span><strong><span>EADaily<\/span><\/strong><span>\u00a0, v p\u0159edve\u010der Vasilije N\u011bbenzya sl\u00edbil, \u017ee Rusko bude nad\u00e1le omezovat vojensk\u00fd potenci\u00e1l Ukrajiny, dokud Kyjev nezaujme realistickou pozici v jedn\u00e1n\u00edch.\u00a0Podle st\u00e1l\u00e9ho rusk\u00e9ho p\u0159edstavitele rusk\u00e9 ozbrojen\u00e9 s\u00edly \u00fato\u010d\u00ed \u201ena infrastrukturn\u00ed za\u0159\u00edzen\u00ed na Ukrajin\u011b v reakci na pumpov\u00e1n\u00ed t\u00e9to zem\u011b z\u00e1padn\u00edmi zbran\u011bmi a bezohledn\u00e9 v\u00fdzvy, aby Kyjev vyhr\u00e1l vojensk\u00e9 v\u00edt\u011bzstv\u00ed nad Ruskem\u201c.<\/span><\/p>\n<p><img decoding=\"async\" loading=\"lazy\" class=\"alignnone size-full wp-image-1185\" src=\"http:\/\/www.infokuryr.cz\/n\/wp-content\/uploads\/2021\/04\/kuryr-podpis.png\" alt=\"\" width=\"84\" height=\"24\" \/><\/p>\n<p>&nbsp;<\/p>\n","protected":false},"excerpt":{"rendered":"<p>Rusko nen\u00ed proti projevu ukrajinsk\u00e9ho prezidenta Volodymyra Zelensk\u00e9ho na zased\u00e1n\u00ed Rady bezpe\u010dnosti OSN, ale m\u011blo&#8230;<\/p>\n","protected":false},"author":2,"featured_media":11087,"comment_status":"closed","ping_status":"closed","sticky":false,"template":"","format":"standard","meta":[],"categories":[7],"tags":[186,710,1408,1000],"_links":{"self":[{"href":"https:\/\/www.infokuryr.cz\/n\/wp-json\/wp\/v2\/posts\/18718"}],"collection":[{"href":"https:\/\/www.infokuryr.cz\/n\/wp-json\/wp\/v2\/posts"}],"about":[{"href":"https:\/\/www.infokuryr.cz\/n\/wp-json\/wp\/v2\/types\/post"}],"author":[{"embeddable":true,"href":"https:\/\/www.infokuryr.cz\/n\/wp-json\/wp\/v2\/users\/2"}],"replies":[{"embeddable":true,"href":"https:\/\/www.infokuryr.cz\/n\/wp-json\/wp\/v2\/comments?post=18718"}],"version-history":[{"count":0,"href":"https:\/\/www.infokuryr.cz\/n\/wp-json\/wp\/v2\/posts\/18718\/revisions"}],"wp:featuredmedia":[{"embeddable":true,"href":"https:\/\/www.infokuryr.cz\/n\/wp-json\/wp\/v2\/media\/11087"}],"wp:attachment":[{"href":"https:\/\/www.infokuryr.cz\/n\/wp-json\/wp\/v2\/media?parent=18718"}],"wp:term":[{"taxonomy":"category","embeddable":true,"href":"https:\/\/www.infokuryr.cz\/n\/wp-json\/wp\/v2\/categories?post=18718"},{"taxonomy":"post_tag","embeddable":true,"href":"https:\/\/www.infokuryr.cz\/n\/wp-json\/wp\/v2\/tags?post=18718"}],"curies":[{"name":"wp","href":"https:\/\/api.w.org\/{rel}","templated":true}]}}