{"id":18715,"date":"2022-11-24T10:40:22","date_gmt":"2022-11-24T09:40:22","guid":{"rendered":"http:\/\/www.infokuryr.cz\/n\/?p=18715"},"modified":"2022-11-24T10:40:22","modified_gmt":"2022-11-24T09:40:22","slug":"lukasenko-pokud-ukrajina-nebude-vyjednavat-hrozi-ji-zniceni","status":"publish","type":"post","link":"https:\/\/www.infokuryr.cz\/n\/2022\/11\/24\/lukasenko-pokud-ukrajina-nebude-vyjednavat-hrozi-ji-zniceni\/","title":{"rendered":"Luka\u0161enko: Pokud Ukrajina nebude vyjedn\u00e1vat, hroz\u00ed j\u00ed zni\u010den\u00ed"},"content":{"rendered":"<div id=\"fb-root\"><\/div>\n<p class=\"lead\"><span>K ukon\u010den\u00ed konfliktu na Ukrajin\u011b je pot\u0159eba jedn\u00e1n\u00ed, jinak hroz\u00ed \u00fapln\u00e9 zni\u010den\u00ed zem\u011b.\u00a0Na okraj summitu CSTO v Jerevanu to 23. listopadu prohl\u00e1sil b\u011blorusk\u00fd prezident Alexandr Luka\u0161enko.<\/span><\/p>\n<p><em>\u201eV\u0161echno je v rukou Ukrajiny.\u00a0Ne proto, \u017ee bych cht\u011bl toto t\u00e9ma podstr\u010dit Zelensk\u00e9mu\u00a0nebo Ukrajin\u011b.\u00a0V\u0161echno je nyn\u00ed skute\u010dn\u011b v rukou Ukrajiny, <span class=\"after-quote-inline\">\u201c \u0159ekl s odkazem na diskusi na summitu o mo\u017enosti uzav\u0159en\u00ed m\u00edrov\u00e9 smlouvy s Ukrajinou.<\/span><\/em><\/p>\n<p><span>Na summitu to podle n\u011bj zazn\u011blo mimochodem, proto\u017ee situace na Ukrajin\u011b tam nebyla hlavn\u00edm t\u00e9matem.\u00a0Luka\u0161enko je z\u00e1rove\u0148 p\u0159esv\u011bd\u010den, \u017ee pokud Kyjev nechce, aby lid\u00e9 um\u00edrali, a to v obrovsk\u00e9m mno\u017estv\u00ed, pak je t\u0159eba konflikt zastavit.<\/span><\/p>\n<p><em>\u201eJe to t\u011b\u017ek\u00e9, t\u011b\u017ek\u00e9, t\u011b\u017ek\u00e9, ale je nutn\u00e9, aby se vzpamatovali, pokud to cht\u011bj\u00ed.\u00a0Mus\u00edme to zastavit, mus\u00edme to zastavit.\u00a0Proto\u017ee dal\u0161\u00ed bude \u00fapln\u00e9 zni\u010den\u00ed Ukrajiny.\u00a0To nen\u00ed to, co Putin \u00a0kdysi d\u00e1vno p\u0159ed operac\u00ed \u0159ekl, \u017ee by to hrozilo ztr\u00e1tou ukrajinsk\u00e9 st\u00e1tnosti.\u00a0To bude zni\u010den\u00ed Ukrajiny.\u00a0Mus\u00ed p\u0159estat.&#8220;<span class=\"after-quote\">\u00a0zd\u016fraznil b\u011blorusk\u00fd v\u016fdce.<\/span><\/em><\/p>\n<p><span>Alexander Luka\u0161enko je z\u00e1rove\u0148 p\u0159esv\u011bd\u010den, \u017ee \u010dasem se vztahy mezi n\u00e1rody definitivn\u011b obnov\u00ed, jak se to stalo nejednou v historii, a to i po mnoha letech t\u011b\u017ek\u00fdch konflikt\u016f, v\u010detn\u011b obdob\u00ed po druh\u00e9 sv\u011btov\u00e9 v\u00e1lce.<\/span><\/p>\n<p><em>\u201eJak jsme bojovali proti nacistick\u00e9mu N\u011bmecku?\u00a0Zem\u0159elo 30 milion\u016f.\u00a0Kdo si to dnes pamatuje?\u00a0V B\u011blorusku a Rusku trochu, a je to?\u00a0To znamen\u00e1, \u017ee r\u00e1ny se zahojily.\u00a0P\u0159ipraveni nejen mluvit &#8211; spolupracovat, b\u00fdt p\u0159\u00e1teli.\u00a0Tak tady.\u00a0Dostaneme se p\u0159es to, v\u0161e naprav\u00edme.\u00a0Pravd\u011bpodobn\u011b budeme schopni, i nyn\u00ed, na\u0161e generace, ukrajinsk\u00e9mu lidu vysv\u011btlit, co se stalo&#8230; Proto a\u0165 to hod\u00edte kamkoli, v\u0161ude jsou m\u00edrov\u00e1 jedn\u00e1n\u00ed.\u00a0M\u00edr, m\u00edr a zase m\u00edr,<span class=\"after-quote\">\u00a0\u2014 zd\u016fraznil b\u011blorusk\u00fd prezident.<\/span><\/em><\/p>\n<p><span>P\u0159ipome\u0148me, \u017ee Rusko od 24. \u00fanora vede na Ukrajin\u011b speci\u00e1ln\u00ed vojenskou operaci.\u00a0Moskva opakovan\u011b nab\u00edzela Kyjevu, aby si sedl k jednac\u00edmu stolu, ale pod tlakem z\u00e1padn\u00edch zem\u00ed je Zelenskij nakonec odm\u00edtl.\u00a0B\u011blorusko nen\u00ed ofici\u00e1ln\u011b zapojeno do konfliktu a je pro organizaci m\u00edrov\u00e9ho procesu urovn\u00e1n\u00ed.<\/span><\/p>\n<p><img decoding=\"async\" loading=\"lazy\" class=\"alignnone size-full wp-image-1185\" src=\"http:\/\/www.infokuryr.cz\/n\/wp-content\/uploads\/2021\/04\/kuryr-podpis.png\" alt=\"\" width=\"84\" height=\"24\" \/><\/p>\n<p>&nbsp;<\/p>\n","protected":false},"excerpt":{"rendered":"<p>K ukon\u010den\u00ed konfliktu na Ukrajin\u011b je pot\u0159eba jedn\u00e1n\u00ed, jinak hroz\u00ed \u00fapln\u00e9 zni\u010den\u00ed zem\u011b.\u00a0Na okraj summitu&#8230;<\/p>\n","protected":false},"author":2,"featured_media":18716,"comment_status":"closed","ping_status":"closed","sticky":false,"template":"","format":"standard","meta":[],"categories":[7],"tags":[149,26,2782],"_links":{"self":[{"href":"https:\/\/www.infokuryr.cz\/n\/wp-json\/wp\/v2\/posts\/18715"}],"collection":[{"href":"https:\/\/www.infokuryr.cz\/n\/wp-json\/wp\/v2\/posts"}],"about":[{"href":"https:\/\/www.infokuryr.cz\/n\/wp-json\/wp\/v2\/types\/post"}],"author":[{"embeddable":true,"href":"https:\/\/www.infokuryr.cz\/n\/wp-json\/wp\/v2\/users\/2"}],"replies":[{"embeddable":true,"href":"https:\/\/www.infokuryr.cz\/n\/wp-json\/wp\/v2\/comments?post=18715"}],"version-history":[{"count":0,"href":"https:\/\/www.infokuryr.cz\/n\/wp-json\/wp\/v2\/posts\/18715\/revisions"}],"wp:featuredmedia":[{"embeddable":true,"href":"https:\/\/www.infokuryr.cz\/n\/wp-json\/wp\/v2\/media\/18716"}],"wp:attachment":[{"href":"https:\/\/www.infokuryr.cz\/n\/wp-json\/wp\/v2\/media?parent=18715"}],"wp:term":[{"taxonomy":"category","embeddable":true,"href":"https:\/\/www.infokuryr.cz\/n\/wp-json\/wp\/v2\/categories?post=18715"},{"taxonomy":"post_tag","embeddable":true,"href":"https:\/\/www.infokuryr.cz\/n\/wp-json\/wp\/v2\/tags?post=18715"}],"curies":[{"name":"wp","href":"https:\/\/api.w.org\/{rel}","templated":true}]}}