{"id":18687,"date":"2022-11-24T01:08:54","date_gmt":"2022-11-24T00:08:54","guid":{"rendered":"http:\/\/www.infokuryr.cz\/n\/?p=18687"},"modified":"2022-11-23T21:15:16","modified_gmt":"2022-11-23T20:15:16","slug":"erdogan-prohlasil-ze-operace-na-severu-syrie-a-iraku-je-teprve-zacatek","status":"publish","type":"post","link":"https:\/\/www.infokuryr.cz\/n\/2022\/11\/24\/erdogan-prohlasil-ze-operace-na-severu-syrie-a-iraku-je-teprve-zacatek\/","title":{"rendered":"Erdogan prohl\u00e1sil, \u017ee operace na severu S\u00fdrie a Ir\u00e1ku \u201eje teprve za\u010d\u00e1tek\u201c"},"content":{"rendered":"<div id=\"fb-root\"><\/div>\n<p><strong>Tureck\u00fd prezident Tayyip Erdogan prohl\u00e1sil, \u017ee operace OS Turecka na severu S\u00fdrie a Ir\u00e1ku je \u201eteprve za\u010d\u00e1tek\u201c, a \u017ee Ankara je rozhodnuta zajistit bezpe\u010dnost sv\u00fdch hranic.<\/strong><\/p>\n<p>Ankara prov\u00e1d\u011bla v ned\u011bli vzdu\u0161nou operaci proti syrsk\u00e9mu k\u0159\u00eddlu zak\u00e1zan\u00e9 Strany kurdsk\u00fdch pracuj\u00edc\u00edch (PKK) na severu S\u00fdrie.<\/p>\n<p>Byly ozn\u00e1meny \u00fatoky na m\u011bsto Kobani, a tak\u00e9 na sever Ir\u00e1ku. Prezident Turecka Tayyip Erdogan ozna\u010dil operaci za \u00fasp\u011b\u0161nou a nevylou\u010dil, \u017ee bude po n\u00ed n\u00e1sledovat tak\u00e9 pozemn\u00ed operace.<\/p>\n<p>Ministr obrany Turecka Hulusi Akar ozn\u00e1mil v noci na \u00fater\u00fd likvidaci 184 bojovn\u00edk\u016f v pr\u016fb\u011bhu dvou dn\u00ed operace Sp\u00e1r-Me\u010d v S\u00fdrii a Ir\u00e1ku.<\/p>\n<p>\u201eNa\u0161e zapo\u010dat\u00e9 operace \u2013 to je teprve za\u010d\u00e1tek opat\u0159en\u00ed na zaji\u0161t\u011bn\u00ed bezpe\u010dnosti na\u0161ich hranic,\u201c \u0159ekl Erdogan na zased\u00e1n\u00ed vl\u00e1dnouc\u00ed strany.<\/p>\n<p><img decoding=\"async\" loading=\"lazy\" class=\"alignnone size-full wp-image-1185\" src=\"http:\/\/www.infokuryr.cz\/n\/wp-content\/uploads\/2021\/04\/kuryr-podpis.png\" alt=\"\" width=\"84\" height=\"24\" \/><\/p>\n<p>&nbsp;<\/p>\n","protected":false},"excerpt":{"rendered":"<p>Tureck\u00fd prezident Tayyip Erdogan prohl\u00e1sil, \u017ee operace OS Turecka na severu S\u00fdrie a Ir\u00e1ku je&#8230;<\/p>\n","protected":false},"author":2,"featured_media":1767,"comment_status":"closed","ping_status":"closed","sticky":false,"template":"","format":"standard","meta":[],"categories":[7],"tags":[2981,147,55],"_links":{"self":[{"href":"https:\/\/www.infokuryr.cz\/n\/wp-json\/wp\/v2\/posts\/18687"}],"collection":[{"href":"https:\/\/www.infokuryr.cz\/n\/wp-json\/wp\/v2\/posts"}],"about":[{"href":"https:\/\/www.infokuryr.cz\/n\/wp-json\/wp\/v2\/types\/post"}],"author":[{"embeddable":true,"href":"https:\/\/www.infokuryr.cz\/n\/wp-json\/wp\/v2\/users\/2"}],"replies":[{"embeddable":true,"href":"https:\/\/www.infokuryr.cz\/n\/wp-json\/wp\/v2\/comments?post=18687"}],"version-history":[{"count":0,"href":"https:\/\/www.infokuryr.cz\/n\/wp-json\/wp\/v2\/posts\/18687\/revisions"}],"wp:featuredmedia":[{"embeddable":true,"href":"https:\/\/www.infokuryr.cz\/n\/wp-json\/wp\/v2\/media\/1767"}],"wp:attachment":[{"href":"https:\/\/www.infokuryr.cz\/n\/wp-json\/wp\/v2\/media?parent=18687"}],"wp:term":[{"taxonomy":"category","embeddable":true,"href":"https:\/\/www.infokuryr.cz\/n\/wp-json\/wp\/v2\/categories?post=18687"},{"taxonomy":"post_tag","embeddable":true,"href":"https:\/\/www.infokuryr.cz\/n\/wp-json\/wp\/v2\/tags?post=18687"}],"curies":[{"name":"wp","href":"https:\/\/api.w.org\/{rel}","templated":true}]}}