{"id":18671,"date":"2022-11-23T15:51:31","date_gmt":"2022-11-23T14:51:31","guid":{"rendered":"http:\/\/www.infokuryr.cz\/n\/?p=18671"},"modified":"2022-11-23T15:51:31","modified_gmt":"2022-11-23T14:51:31","slug":"v-jeruzalemu-doslo-k-dvema-vybuchum","status":"publish","type":"post","link":"https:\/\/www.infokuryr.cz\/n\/2022\/11\/23\/v-jeruzalemu-doslo-k-dvema-vybuchum\/","title":{"rendered":"V Jeruzal\u00e9mu do\u0161lo k dv\u011bma v\u00fdbuch\u016fm"},"content":{"rendered":"<div id=\"fb-root\"><\/div>\n<p><strong>Izraelsk\u00e9 ministerstvo vnitra informovalo, \u017ee dnes r\u00e1no do\u0161lo k v\u00fdbuch\u016fm na dvou autobusov\u00fdch zast\u00e1vk\u00e1ch u vjezdu do Jeruzal\u00e9ma.<\/strong><\/p>\n<p>Podle prvn\u00edch odhad\u016f \u0161lo o improvizovan\u00e1 v\u00fdbu\u0161n\u00e1 za\u0159\u00edzen\u00ed.<\/p>\n<p>Novin\u00e1\u0159i uv\u00e1d\u011bj\u00ed, \u017ee bomba byla v ta\u0161ce, kterou na m\u00edst\u011b zanechal nezn\u00e1m\u00fd \u010dlov\u011bk.<\/p>\n<p>Do m\u011bstsk\u00fdch nemocnic bylo dopraveno 12 osob s r\u016fzn\u011b z\u00e1va\u017en\u00fdmi zran\u011bn\u00edmi.<\/p>\n<p>Podrobnosti se up\u0159es\u0148uj\u00ed.<\/p>\n<p>P\u0159i v\u00fdbu\u0161\u00edch jeden \u010dlov\u011bk zem\u0159el, nav\u00edc je 18 zran\u011bn\u00fdch, z nich\u017e \u010dty\u0159i jsou ve v\u00e1\u017en\u00e9m stavu.<\/p>\n<p>Pozd\u011bji m\u00edstn\u00ed tisk uvedl, \u017ee bomby, kter\u00e9 vybuchly v Jeruzal\u00e9m\u011b, byly napln\u011bny h\u0159eb\u00edky a aktivov\u00e1ny na d\u00e1lku, p\u00ed\u0161e.<\/p>\n<p><img decoding=\"async\" loading=\"lazy\" class=\"alignnone size-full wp-image-1185\" src=\"http:\/\/www.infokuryr.cz\/n\/wp-content\/uploads\/2021\/04\/kuryr-podpis.png\" alt=\"\" width=\"84\" height=\"24\" \/><\/p>\n<p>&nbsp;<\/p>\n","protected":false},"excerpt":{"rendered":"<p>Izraelsk\u00e9 ministerstvo vnitra informovalo, \u017ee dnes r\u00e1no do\u0161lo k v\u00fdbuch\u016fm na dvou autobusov\u00fdch zast\u00e1vk\u00e1ch u&#8230;<\/p>\n","protected":false},"author":2,"featured_media":18672,"comment_status":"closed","ping_status":"closed","sticky":false,"template":"","format":"standard","meta":[],"categories":[7],"tags":[107,3571,300],"_links":{"self":[{"href":"https:\/\/www.infokuryr.cz\/n\/wp-json\/wp\/v2\/posts\/18671"}],"collection":[{"href":"https:\/\/www.infokuryr.cz\/n\/wp-json\/wp\/v2\/posts"}],"about":[{"href":"https:\/\/www.infokuryr.cz\/n\/wp-json\/wp\/v2\/types\/post"}],"author":[{"embeddable":true,"href":"https:\/\/www.infokuryr.cz\/n\/wp-json\/wp\/v2\/users\/2"}],"replies":[{"embeddable":true,"href":"https:\/\/www.infokuryr.cz\/n\/wp-json\/wp\/v2\/comments?post=18671"}],"version-history":[{"count":0,"href":"https:\/\/www.infokuryr.cz\/n\/wp-json\/wp\/v2\/posts\/18671\/revisions"}],"wp:featuredmedia":[{"embeddable":true,"href":"https:\/\/www.infokuryr.cz\/n\/wp-json\/wp\/v2\/media\/18672"}],"wp:attachment":[{"href":"https:\/\/www.infokuryr.cz\/n\/wp-json\/wp\/v2\/media?parent=18671"}],"wp:term":[{"taxonomy":"category","embeddable":true,"href":"https:\/\/www.infokuryr.cz\/n\/wp-json\/wp\/v2\/categories?post=18671"},{"taxonomy":"post_tag","embeddable":true,"href":"https:\/\/www.infokuryr.cz\/n\/wp-json\/wp\/v2\/tags?post=18671"}],"curies":[{"name":"wp","href":"https:\/\/api.w.org\/{rel}","templated":true}]}}