{"id":18667,"date":"2022-11-23T15:43:48","date_gmt":"2022-11-23T14:43:48","guid":{"rendered":"http:\/\/www.infokuryr.cz\/n\/?p=18667"},"modified":"2022-11-23T15:43:48","modified_gmt":"2022-11-23T14:43:48","slug":"anglicti-fanousci-obleceni-jako-krizaci-zpusobili-v-kataru-pozdvizeni","status":"publish","type":"post","link":"https:\/\/www.infokuryr.cz\/n\/2022\/11\/23\/anglicti-fanousci-obleceni-jako-krizaci-zpusobili-v-kataru-pozdvizeni\/","title":{"rendered":"Angli\u010dt\u00ed fanou\u0161ci oble\u010den\u00ed jako k\u0159i\u017e\u00e1ci zp\u016fsobili v Kataru pozdvi\u017een\u00ed"},"content":{"rendered":"<div id=\"fb-root\"><\/div>\n<p>Zat\u00edmco katar\u0161t\u00ed vl\u00e1dci maj\u00ed zcela nepokryt\u011b v \u00famyslu konvertovat co nejv\u00edc fanou\u0161k\u016f z nemuslimsk\u00fdch zem\u00ed, n\u011bkte\u0159\u00ed z t\u011bchto k\u00e1fir\u016f jim jasn\u011b d\u00e1vaj\u00ed najevo, \u017ee jejich pozice \u201ena opa\u010dn\u00ed stran\u011b\u201c je neot\u0159esiteln\u00e1.<\/p>\n<p>Angli\u010dt\u00ed fanou\u0161ci oble\u010den\u00ed jako k\u0159es\u0165an\u0161t\u00ed k\u0159i\u017e\u00e1ci zp\u016fsobili v Kataru rozruch, jeden z nich dokonce v p\u0159\u00edm\u00e9m televizn\u00edm p\u0159enosu odsoudil muslimsk\u00fd re\u017eim za to, jak zach\u00e1z\u00ed s fanou\u0161ky.<\/p>\n<p>Zd\u00e1 se, \u017ee n\u011bkte\u0159\u00ed obyvatel\u00e9 Dauh\u00e1 byli volbou oble\u010den\u00ed rozru\u0161eni, vzhledem k tomu, \u017ee n\u00e1bo\u017eensk\u00e9 v\u00e1lky v letech 1095 a\u017e 1291 byly zam\u011b\u0159eny na p\u0159evzet\u00ed svat\u00fdch zem\u00ed a m\u00edst z isl\u00e1msk\u00e9 kontroly.<\/p>\n<p>K\u0159i\u017e\u00e1ci a fanou\u0161ci v dresech svat\u00e9ho Ji\u0159\u00ed se v pr\u016fb\u011bhu let stali zn\u00e1m\u00fdm koloritem stadion\u016f p\u0159i z\u00e1pasech Anglie, ale p\u0159evleky byly na prvn\u00edm mistrovstv\u00ed sv\u011bta, kter\u00e9 se kdy konalo v muslimsk\u00e9m chal\u00edf\u00e1tu pod pr\u00e1vem \u0161ar\u00eda, mnohem kontroverzn\u011bj\u0161\u00ed.<\/p>\n<div class=\"twitter-tweet twitter-tweet-rendered\"><iframe id=\"twitter-widget-0\" class=\"\" title=\"Twitter Tweet\" src=\"https:\/\/platform.twitter.com\/embed\/Tweet.html?dnt=true&amp;embedId=twitter-widget-0&amp;features=eyJ0ZndfdGltZWxpbmVfbGlzdCI6eyJidWNrZXQiOlsibGlua3RyLmVlIiwidHIuZWUiLCJ0ZXJyYS5jb20uYnIiLCJ3d3cubGlua3RyLmVlIiwid3d3LnRyLmVlIiwid3d3LnRlcnJhLmNvbS5iciJdLCJ2ZXJzaW9uIjpudWxsfSwidGZ3X2hvcml6b25fdGltZWxpbmVfMTIwMzQiOnsiYnVja2V0IjoidHJlYXRtZW50IiwidmVyc2lvbiI6bnVsbH0sInRmd190d2VldF9lZGl0X2JhY2tlbmQiOnsiYnVja2V0Ijoib24iLCJ2ZXJzaW9uIjpudWxsfSwidGZ3X3JlZnNyY19zZXNzaW9uIjp7ImJ1Y2tldCI6Im9uIiwidmVyc2lvbiI6bnVsbH0sInRmd19jaGluX3BpbGxzXzE0NzQxIjp7ImJ1Y2tldCI6ImNvbG9yX2ljb25zIiwidmVyc2lvbiI6bnVsbH0sInRmd190d2VldF9yZXN1bHRfbWlncmF0aW9uXzEzOTc5Ijp7ImJ1Y2tldCI6InR3ZWV0X3Jlc3VsdCIsInZlcnNpb24iOm51bGx9LCJ0Zndfc2Vuc2l0aXZlX21lZGlhX2ludGVyc3RpdGlhbF8xMzk2MyI6eyJidWNrZXQiOiJpbnRlcnN0aXRpYWwiLCJ2ZXJzaW9uIjpudWxsfSwidGZ3X2V4cGVyaW1lbnRzX2Nvb2tpZV9leHBpcmF0aW9uIjp7ImJ1Y2tldCI6MTIwOTYwMCwidmVyc2lvbiI6bnVsbH0sInRmd19kdXBsaWNhdGVfc2NyaWJlc190b19zZXR0aW5ncyI6eyJidWNrZXQiOiJvbiIsInZlcnNpb24iOm51bGx9LCJ0ZndfdmlkZW9faGxzX2R5bmFtaWNfbWFuaWZlc3RzXzE1MDgyIjp7ImJ1Y2tldCI6InRydWVfYml0cmF0ZSIsInZlcnNpb24iOm51bGx9LCJ0Zndfc2hvd19ibHVlX3ZlcmlmaWVkX2JhZGdlIjp7ImJ1Y2tldCI6Im9uIiwidmVyc2lvbiI6bnVsbH0sInRmd190d2VldF9lZGl0X2Zyb250ZW5kIjp7ImJ1Y2tldCI6Im9uIiwidmVyc2lvbiI6bnVsbH19&amp;frame=false&amp;hideCard=false&amp;hideThread=false&amp;id=1595365587940954114&amp;lang=cs&amp;origin=https%3A%2F%2Fnecenzurovanapravda.cz%2F2022%2F11%2Fanglicti-fanousci-obleceni-jako-krizaci-zpusobili-v-kataru-pozdvizeni-video%2F&amp;sessionId=b4cdb097626358a3fad673819903808cb97ce774&amp;theme=light&amp;widgetsVersion=a3525f077c700%3A1667415560940&amp;width=550px\" frameborder=\"0\" scrolling=\"no\" allowfullscreen=\"allowfullscreen\" data-tweet-id=\"1595365587940954114\" data-mce-fragment=\"1\"><\/iframe><\/div>\n<p><a href=\"https:\/\/www.dailymail.co.uk\/news\/article-11457525\/World-Cup-Qatar-England-fans-dressed-Christian-crusaders-causes-stir.html\">Z\u00e1b\u011bry z<\/a>\u00a0Kataru p\u0159ed a po v\u010derej\u0161\u00edm z\u00e1pase v Anglii uk\u00e1zaly, jak skupina zp\u00edv\u00e1 God Save the King a \u00fato\u010d\u00ed na schody ve ve\u0159ejn\u00e9 doprav\u011b. N\u011bkte\u0159\u00ed obyvatel\u00e9 byli \u0161okov\u00e1ni v\u00fdb\u011brem oble\u010den\u00ed \u2013 jin\u00ed je po\u017e\u00e1dali, aby zap\u00f3zovali pro selfie.<\/p>\n<p>V jednu chv\u00edli byla skupina vysl\u00fdch\u00e1na ochrankou p\u0159ed mezin\u00e1rodn\u00edm stadionem Khalifa. N\u011bkte\u0159\u00ed na soci\u00e1ln\u00edch s\u00edt\u00edch tvrdili, \u017ee byli dokonce odm\u00edtnuti nebo zadr\u017eeni.<\/p>\n<p><img decoding=\"async\" loading=\"lazy\" class=\"alignleft\" src=\"https:\/\/i.dailymail.co.uk\/1s\/2022\/11\/22\/15\/64822857-11457525-image-m-64_1669132215992.jpg\" alt=\"V jednu chv\u00edli skupina s p\u011bnov\u00fdmi me\u010di a oble\u010den\u00e1 v \u0159et\u011bzov\u00e9 po\u0161t\u011b a templ\u00e1\u0159sk\u00e9m rouchu ozna\u010den\u00e9m k\u0159\u00ed\u017eem svat\u00e9ho Ji\u0159\u00ed mluvila ochranka v Dauh\u00e1 p\u0159ed stadionem. N\u011bkte\u0159\u00ed na soci\u00e1ln\u00edch s\u00edt\u00edch tvrdili, \u017ee byli dokonce odm\u00edtnuti nebo zadr\u017eeni.\" width=\"197\" height=\"298\" \/><\/p>\n<p>Jeden z k\u0159i\u017e\u00e1k\u016f promluvil pro Talk TV po v\u010derej\u0161\u00ed v\u00fdh\u0159e Anglie 6:2 nad \u00cdr\u00e1nem. Mu\u017e, kter\u00fd nebyl jmenov\u00e1n, \u0159ekl: \u201eProbl\u00e9m je v m\u00edstech, jako je Katar, fanou\u0161ci jsou podstatou hry. My jsme to, co d\u011bl\u00e1 hru. Nejsou to firmy, ty pom\u00e1haj\u00ed finan\u010dn\u011b v pozad\u00ed, jsme to my, fanou\u0161ci, kdo d\u011bl\u00e1 fotbal a my jsme fotbal.\u201c \u0158ekl, \u017ee z\u016fstali ve fanparku, kde zaplatili 250 liber za noc.<\/p>\n<p>Jeden kritik \u0159ekl: \u201eJe absolutn\u011b mimo obvi\u0148ovat Katar z ignorantstv\u00ed, tady, na Bl\u00edzk\u00e9m v\u00fdchod\u011b, nem\u016f\u017ee b\u00fdt p\u0159evle\u010den\u00fd za k\u0159i\u017e\u00e1ka.\u201c Jin\u00fd napsal: \u201eObl\u00e9knout se na Bl\u00edzk\u00e9m v\u00fdchod\u011b jako k\u0159i\u017e\u00e1k a zavolat do katarsk\u00e9 televize pravd\u011bpodobn\u011b nevypad\u00e1 jako dobr\u00e9 rozhodnut\u00ed.\u201c<\/p>\n<p>Stalo se tak uprost\u0159ed nap\u011bt\u00ed pot\u00e9, co p\u0159edt\u00edm ochranka stadionu za\u010dala po\u017eadovat, aby jin\u00ed fanou\u0161ci svl\u00e9kli duhov\u00e9 oble\u010den\u00ed na podporu LGBT komunity ve st\u00e1t\u011b Persk\u00e9ho z\u00e1livu, kde jsou vztahy mezi osobami stejn\u00e9ho pohlav\u00ed nez\u00e1konn\u00e9. N\u00e1v\u0161t\u011bvn\u00edci byli po\u017e\u00e1d\u00e1ni, aby respektovali konzervativn\u00ed spole\u010dnost a zvyky, v\u010detn\u011b cudn\u00e9ho obl\u00e9k\u00e1n\u00ed.<\/p>\n<div class=\"wp-video\">\n<div id=\"mep_0\" class=\"mejs-container mejs-container-keyboard-inactive wp-video-shortcode mejs-video\" tabindex=\"0\" role=\"application\" aria-label=\"Video p\u0159ehr\u00e1va\u010d\">\n<div class=\"mejs-inner\">\n<div class=\"mejs-time mejs-duration-container\"><\/div>\n<div class=\"mejs-controls\">\n<div class=\"mejs-button mejs-volume-button mejs-mute\"><\/div>\n<div class=\"mejs-button mejs-fullscreen-button\"><\/div>\n<\/div>\n<\/div>\n<\/div>\n<\/div>\n<div><\/div>\n<div><\/div>\n<div>\n<div style=\"width: 636px;\" class=\"wp-video\"><!--[if lt IE 9]><script>document.createElement('video');<\/script><![endif]-->\n<video class=\"wp-video-shortcode\" id=\"video-18667-1\" width=\"636\" height=\"356\" preload=\"metadata\" controls=\"controls\"><source type=\"video\/mp4\" src=\"http:\/\/www.infokuryr.cz\/n\/wp-content\/uploads\/2022\/11\/katar-video.mp4?_=1\" \/><a href=\"http:\/\/www.infokuryr.cz\/n\/wp-content\/uploads\/2022\/11\/katar-video.mp4\">http:\/\/www.infokuryr.cz\/n\/wp-content\/uploads\/2022\/11\/katar-video.mp4<\/a><\/video><\/div>\n<\/div>\n<figure class=\"wp-caption alignnone\"><img decoding=\"async\" loading=\"lazy\" src=\"https:\/\/i.dailymail.co.uk\/1s\/2022\/11\/22\/09\/64798225-11456257-Former_Wales_captain_Laura_McAllister_was_among_female_football_-a-8_1669110059336.jpg\" alt=\"B\u00fdval\u00e1 kapit\u00e1nka Walesu Laura McAllisterov\u00e1 byla mezi fanynkami, kter\u00fdm bylo na katarsk\u00e9m stadionu p\u0159ed prvn\u00edm z\u00e1pasem Drak\u016f s USA &quot;\u0159e\u010deno, aby si sundaly sv\u00e9 duhov\u00e9 \u010depice&quot;\" width=\"962\" height=\"542\" \/><figcaption class=\"wp-caption-text\">tak\u00e9 duhov\u00e9 klobou\u010dky, v nich\u017e n\u011bkolik lid\u00ed zam\u00ed\u0159ilo na stadion, musely z hlavy dol\u016f<\/figcaption><\/figure>\n<figure class=\"wp-caption alignnone\" style=\"width: 554px;\"><img decoding=\"async\" loading=\"lazy\" class=\"\" src=\"https:\/\/i.dailymail.co.uk\/1s\/2022\/11\/22\/09\/64802841-11456257-US_sports_journalist_Grant_Wahl_pictured_was_initially_refused_e-a-10_1669110059339.jpg\" alt=\"Americk\u00e9mu sportovn\u00edmu novin\u00e1\u0159i Grantu Wahlovi byl p\u016fvodn\u011b odep\u0159en vstup na z\u00e1pas Sv\u011btov\u00e9ho poh\u00e1ru v katarsk\u00e9m Dauh\u00e1 a ochranka &quot;agresivn\u011b po\u017eadovala&quot;, aby si sundal duhov\u00fd dres. Bylo mu \u0159e\u010deno, \u017ee je to pro jeho vlastn\u00ed bezpe\u010dnost\" width=\"554\" height=\"742\" \/><figcaption class=\"wp-caption-text\">na stadion nebyl vpu\u0161t\u011bn ani sportovn\u00ed novin\u00e1\u0159, kter\u00fd se pokusil p\u0159ij\u00edt v duhov\u00e9m tri\u010dku<\/figcaption><\/figure>\n<p>Tak\u00e9 tyto fanynky s odkryt\u00fdm b\u0159ichem pr\u00fd byly po\u017e\u00e1d\u00e1ny, aby se obl\u00e9kly cudn\u011bji:<\/p>\n<p><img decoding=\"async\" loading=\"lazy\" class=\"\" src=\"https:\/\/i.dailymail.co.uk\/1s\/2022\/11\/22\/09\/64809283-11456257-image-a-34_1669110571321.jpg\" width=\"341\" height=\"449\" \/><img decoding=\"async\" loading=\"lazy\" class=\"\" src=\"https:\/\/i.dailymail.co.uk\/1s\/2022\/11\/22\/09\/64809979-11456257-image-m-33_1669110568767.jpg\" width=\"343\" height=\"452\" \/><\/p>\n<p><a href=\"https:\/\/www.dailymail.co.uk\/news\/article-11457525\/World-Cup-Qatar-England-fans-dressed-Christian-crusaders-causes-stir.html\">ZDROJ<\/a><\/p>\n<p>&nbsp;<\/p>\n","protected":false},"excerpt":{"rendered":"<p>Zat\u00edmco katar\u0161t\u00ed vl\u00e1dci maj\u00ed zcela nepokryt\u011b v \u00famyslu konvertovat co nejv\u00edc fanou\u0161k\u016f z nemuslimsk\u00fdch zem\u00ed,&#8230;<\/p>\n","protected":false},"author":2,"featured_media":18669,"comment_status":"closed","ping_status":"closed","sticky":false,"template":"","format":"standard","meta":[],"categories":[7],"tags":[3876,3199,3877],"_links":{"self":[{"href":"https:\/\/www.infokuryr.cz\/n\/wp-json\/wp\/v2\/posts\/18667"}],"collection":[{"href":"https:\/\/www.infokuryr.cz\/n\/wp-json\/wp\/v2\/posts"}],"about":[{"href":"https:\/\/www.infokuryr.cz\/n\/wp-json\/wp\/v2\/types\/post"}],"author":[{"embeddable":true,"href":"https:\/\/www.infokuryr.cz\/n\/wp-json\/wp\/v2\/users\/2"}],"replies":[{"embeddable":true,"href":"https:\/\/www.infokuryr.cz\/n\/wp-json\/wp\/v2\/comments?post=18667"}],"version-history":[{"count":0,"href":"https:\/\/www.infokuryr.cz\/n\/wp-json\/wp\/v2\/posts\/18667\/revisions"}],"wp:featuredmedia":[{"embeddable":true,"href":"https:\/\/www.infokuryr.cz\/n\/wp-json\/wp\/v2\/media\/18669"}],"wp:attachment":[{"href":"https:\/\/www.infokuryr.cz\/n\/wp-json\/wp\/v2\/media?parent=18667"}],"wp:term":[{"taxonomy":"category","embeddable":true,"href":"https:\/\/www.infokuryr.cz\/n\/wp-json\/wp\/v2\/categories?post=18667"},{"taxonomy":"post_tag","embeddable":true,"href":"https:\/\/www.infokuryr.cz\/n\/wp-json\/wp\/v2\/tags?post=18667"}],"curies":[{"name":"wp","href":"https:\/\/api.w.org\/{rel}","templated":true}]}}