{"id":18632,"date":"2022-11-23T01:01:21","date_gmt":"2022-11-23T00:01:21","guid":{"rendered":"http:\/\/www.infokuryr.cz\/n\/?p=18632"},"modified":"2022-11-22T15:49:51","modified_gmt":"2022-11-22T14:49:51","slug":"italie-salviniho-liga-nabidne-parum-20-000-eur-za-cirkevni-svatbu","status":"publish","type":"post","link":"https:\/\/www.infokuryr.cz\/n\/2022\/11\/23\/italie-salviniho-liga-nabidne-parum-20-000-eur-za-cirkevni-svatbu\/","title":{"rendered":"It\u00e1lie: Salviniho liga nab\u00eddne p\u00e1r\u016fm 20 000 eur za c\u00edrkevn\u00ed svatbu"},"content":{"rendered":"<div id=\"fb-root\"><\/div>\n<p><span style=\"font-size: 18pt;\"><strong>Demografick\u00e1 situace v It\u00e1lii je hrozn\u00e1, ale pom\u016f\u017ee v\u00edce s\u0148atk\u016f tento trend zvr\u00e1tit?<\/strong><\/span><\/p>\n<p><span>Strana Ligy italsk\u00e9ho vicepremi\u00e9ra Mattea Salviniho vrac\u00ed na st\u016fl n\u00e1vrh, aby st\u00e1t dotoval c\u00edrkevn\u00ed svatby, v\u010detn\u011b n\u00e1klad\u016f na svatebn\u00ed \u0161aty, prsteny, ob\u011bd a fotografie ve v\u00fd\u0161i 20 000 eur.<\/span><\/p>\n<p><span>Jedinou podm\u00ednkou je, \u017ee p\u00e1ry mus\u00ed slo\u017eit man\u017eelsk\u00fd slib v kostele.<\/span><\/p>\n<p><span>P\u0159\u00edsp\u011bvek by byl k dispozici p\u00e1r\u016fm, jejich\u017e ro\u010dn\u00ed hrub\u00fd p\u0159\u00edjem nep\u0159esahuje 23 000 EUR a kter\u00e9 jsou italsk\u00fdmi ob\u010dany alespo\u0148 10 let.<\/span><\/p>\n<h2><span>V\u011bt\u0161ina v parlamentu je tentokr\u00e1t zaji\u0161t\u011bna<\/span><\/h2>\n<p><span>Liga ji\u017e p\u0159edlo\u017eila stejn\u00fd n\u00e1vrh v parlamentu v dubnu 2019, ale tehdy nepro\u0161el kv\u016fli vl\u00e1dn\u00ed krizi v roce 2019.\u00a0Nyn\u00ed m\u016f\u017ee Liga jako sou\u010d\u00e1st vl\u00e1dn\u00ed pravicov\u00e9 koalice po\u010d\u00edtat se zaji\u0161t\u011bnou parlamentn\u00ed v\u011bt\u0161inou.\u00a0Podle p\u0159edchoz\u00edho prohl\u00e1\u0161en\u00ed strany m\u00e1 iniciativa zv\u00fd\u0161it po\u010det s\u0148atk\u016f a c\u00edrkevn\u00edch svateb.<\/span><\/p>\n<p><span>Podle nejnov\u011bj\u0161\u00edch \u00fadaj\u016f statistick\u00e9ho \u00fa\u0159adu Istat bylo v roce 2019 uzav\u0159eno n\u011bco m\u00e1lo p\u0159es 184 000 s\u0148atk\u016f, co\u017e je o 6 procent m\u00e9n\u011b ne\u017e o rok d\u0159\u00edve.\u00a0Pod\u00edl c\u00edrkevn\u00edch svateb \u010dinil 47,4 procenta, zat\u00edmco v roce 1990 bylo v\u00edce ne\u017e 82 procent svateb c\u00edrkevn\u00edch.<\/span><\/p>\n<p><span>It\u00e1lie \u010del\u00ed jednomu z nejz\u00e1va\u017en\u011bj\u0161\u00edch\u00a0<\/span><a class=\"ek-link\" href=\"https:\/\/rmx.news\/article\/italy-on-the-road-to-self-extinction-as-demographic-disaster-looms\/\"><span>demografick\u00fdch probl\u00e9m\u016f<\/span><\/a><span>\u00a0na sv\u011bt\u011b kv\u016fli rychle st\u00e1rnouc\u00ed populaci a n\u00edzk\u00e9 porodnosti.\u00a0V roce 2020 pouze 13 procent italsk\u00fdch mu\u017e\u016f a 25 procent \u017een uvedlo, \u017ee cht\u011bj\u00ed m\u00edt d\u011bti, a loni It\u00e1lie zaznamenala historicky nejni\u017e\u0161\u00ed po\u010det porod\u016f.\u00a0Jak uvedl Remix News, dal\u0161\u00edch 40 procent uvedlo, \u017ee nikdy nechce m\u00edt d\u011bti.\u00a0Tyto \u00fadaje se mohou zd\u00e1t \u0161okuj\u00edc\u00ed, ale odborn\u00edci p\u0159edpov\u00eddali takov\u00fd sc\u00e9n\u00e1\u0159 ji\u017e p\u0159ed 30 lety.<\/span><\/p>\n<p><img decoding=\"async\" loading=\"lazy\" class=\"alignnone size-full wp-image-1185\" src=\"http:\/\/www.infokuryr.cz\/n\/wp-content\/uploads\/2021\/04\/kuryr-podpis.png\" alt=\"\" width=\"84\" height=\"24\" \/><\/p>\n<p>&nbsp;<\/p>\n","protected":false},"excerpt":{"rendered":"<p>Demografick\u00e1 situace v It\u00e1lii je hrozn\u00e1, ale pom\u016f\u017ee v\u00edce s\u0148atk\u016f tento trend zvr\u00e1tit? Strana Ligy&#8230;<\/p>\n","protected":false},"author":2,"featured_media":18633,"comment_status":"closed","ping_status":"closed","sticky":false,"template":"","format":"standard","meta":[],"categories":[7],"tags":[45,191,308,1242],"_links":{"self":[{"href":"https:\/\/www.infokuryr.cz\/n\/wp-json\/wp\/v2\/posts\/18632"}],"collection":[{"href":"https:\/\/www.infokuryr.cz\/n\/wp-json\/wp\/v2\/posts"}],"about":[{"href":"https:\/\/www.infokuryr.cz\/n\/wp-json\/wp\/v2\/types\/post"}],"author":[{"embeddable":true,"href":"https:\/\/www.infokuryr.cz\/n\/wp-json\/wp\/v2\/users\/2"}],"replies":[{"embeddable":true,"href":"https:\/\/www.infokuryr.cz\/n\/wp-json\/wp\/v2\/comments?post=18632"}],"version-history":[{"count":0,"href":"https:\/\/www.infokuryr.cz\/n\/wp-json\/wp\/v2\/posts\/18632\/revisions"}],"wp:featuredmedia":[{"embeddable":true,"href":"https:\/\/www.infokuryr.cz\/n\/wp-json\/wp\/v2\/media\/18633"}],"wp:attachment":[{"href":"https:\/\/www.infokuryr.cz\/n\/wp-json\/wp\/v2\/media?parent=18632"}],"wp:term":[{"taxonomy":"category","embeddable":true,"href":"https:\/\/www.infokuryr.cz\/n\/wp-json\/wp\/v2\/categories?post=18632"},{"taxonomy":"post_tag","embeddable":true,"href":"https:\/\/www.infokuryr.cz\/n\/wp-json\/wp\/v2\/tags?post=18632"}],"curies":[{"name":"wp","href":"https:\/\/api.w.org\/{rel}","templated":true}]}}