{"id":18631,"date":"2022-11-23T01:03:34","date_gmt":"2022-11-23T00:03:34","guid":{"rendered":"http:\/\/www.infokuryr.cz\/n\/?p=18631"},"modified":"2022-11-22T15:45:20","modified_gmt":"2022-11-22T14:45:20","slug":"polsko-sdelilo-rusku-ze-neni-dovoleno-vyslat-nejvyssiho-diplomata-na-nadchazejici-zasedani-obse","status":"publish","type":"post","link":"https:\/\/www.infokuryr.cz\/n\/2022\/11\/23\/polsko-sdelilo-rusku-ze-neni-dovoleno-vyslat-nejvyssiho-diplomata-na-nadchazejici-zasedani-obse\/","title":{"rendered":"Polsko sd\u011blilo Rusku, \u017ee nen\u00ed dovoleno vyslat nejvy\u0161\u0161\u00edho diplomata na nadch\u00e1zej\u00edc\u00ed zased\u00e1n\u00ed OBSE"},"content":{"rendered":"<div id=\"fb-root\"><\/div>\n<p><span style=\"font-size: 18pt;\"><strong>Polsko nedovol\u00ed nejvy\u0161\u0161\u00edmu rusk\u00e9mu diplomatovi \u00fa\u010dast na nadch\u00e1zej\u00edc\u00ed sch\u016fzce OBSE<\/strong><\/span><\/p>\n<p><span>Polsko ozn\u00e1milo Rusku, \u017ee bude dodr\u017eovat sankce Evropsk\u00e9 unie a nedovol\u00ed rusk\u00e9mu ministru zahrani\u010d\u00ed\u00a0<\/span><a class=\"ek-link\" href=\"https:\/\/rmx.news\/poland\/kaczynski-accuses-polands-opposition-of-having-supported-russia\/\"><span>Sergeji Lavrovovi<\/span><\/a><span>\u00a0v\u00e9st ruskou delegaci na sch\u016fzce ministr\u016f Organizace pro bezpe\u010dnost a spolupr\u00e1ci v Evrop\u011b (OBSE), kter\u00e1 se m\u00e1 konat v prosinci. ve m\u011bst\u011b Lod\u017e.<\/span><\/p>\n<p><span>Mluv\u010d\u00ed polsk\u00e9ho ministerstva zahrani\u010d\u00ed\u00a0<\/span><a class=\"ek-link\" href=\"https:\/\/rmx.news\/poland\/israeli-ambassador-called-in-to-polish-foreign-ministry-over-his-statement-on-educational-visits\/\"><span>\u0141ukasz Jasina<\/span><\/a><span>\u00a0\u0159ekl, \u017ee ministerstvo vydalo Rus\u016fm diplomatickou n\u00f3tu ohledn\u011b nadch\u00e1zej\u00edc\u00ed sch\u016fzky.<\/span><\/p>\n<p><span>\u201eNeo\u010dek\u00e1v\u00e1me, \u017ee se rusk\u00fd ministr zahrani\u010d\u00ed Sergej Lavrov z\u00fa\u010dastn\u00ed ministersk\u00e9 rady OBSE na za\u010d\u00e1tku prosince v Lod\u017ei.\u00a0Polsk\u00e9 ministerstvo zahrani\u010d\u00ed o tom ruskou stranu informovalo diplomatickou n\u00f3tou,\u201c \u0159ekl Jasina.\u00a0Polsko bude hostitelem setk\u00e1n\u00ed, proto\u017ee\u00a0<\/span><a class=\"ek-link\" href=\"https:\/\/rmx.news\/poland\/poland-formally-demands-1-3-trillion-in-reparations-from-germany-for-wwii-damages\/\"><span>Zbigniew Rau<\/span><\/a><span>\u00a0, polsk\u00fd ministr zahrani\u010d\u00ed, je sou\u010dasn\u00fdm p\u0159edsedou OBSE.<\/span><\/p>\n<p><span>Tiskov\u00e1 agentura AFP v p\u00e1tek uvedla, \u017ee Polsko odm\u00edtlo povolit Lavrovovi vstup do Polska, proto\u017ee o\u010dek\u00e1valo, \u017ee si Rusko vybere svou delegaci v souladu se sou\u010dasn\u00fdmi omezen\u00edmi.\u00a0Vzhledem k tomu, \u017ee Lavrov je jedn\u00edm z lid\u00ed,\u00a0<\/span><a class=\"ek-link\" href=\"https:\/\/rmx.news\/poland\/poland-seizes-russias-gazprom-assets\/\"><span>na kter\u00e9 EU uvalila sankce<\/span><\/a><span>\u00a0, Polsko se domn\u00edv\u00e1, \u017ee nesm\u00ed vstoupit na jeho \u00fazem\u00ed.<\/span><\/p>\n<p><span>Minulou st\u0159edu polsk\u00e9 ministerstvo zahrani\u010d\u00ed uvedlo, \u017ee Polsko odm\u00edtlo ud\u011blit v\u00edza rusk\u00e9 delegaci na setk\u00e1n\u00ed poslanc\u016f OBSE, kter\u00e9 se bude konat koncem listopadu ve Var\u0161av\u011b.\u00a0\u010clenov\u00e9 delegace byli informov\u00e1ni, \u017ee jejich n\u00e1v\u0161t\u011bva by poru\u0161ila z\u00e1sadu solidarity s Ukrajinou.\u00a0<\/span><\/p>\n<p><span>Polsk\u00e9 p\u0159edsednictv\u00ed OBSE potvrdilo, \u017ee obdr\u017eelo protestn\u00ed dopis od rusk\u00e9 delegace.\u00a0Rusk\u00e9 ministerstvo zahrani\u010dn\u00edch v\u011bc\u00ed ozna\u010dilo rozhodnut\u00ed Polska zastavit \u00fa\u010dast Lavrova za \u201ebezprecedentn\u00ed a provokativn\u00ed\u201c a tvrdilo, \u017ee to bylo v rozporu s t\u00edm, co by m\u011blo b\u00fdt zprost\u0159edkovatelskou rol\u00ed b\u011bhem jeho funk\u010dn\u00edho obdob\u00ed ve funkci p\u0159edsedy OBSE.<\/span><\/p>\n<p><img decoding=\"async\" loading=\"lazy\" class=\"alignnone size-full wp-image-1185\" src=\"http:\/\/www.infokuryr.cz\/n\/wp-content\/uploads\/2021\/04\/kuryr-podpis.png\" alt=\"\" width=\"84\" height=\"24\" \/><\/p>\n<p>&nbsp;<\/p>\n","protected":false},"excerpt":{"rendered":"<p>Polsko nedovol\u00ed nejvy\u0161\u0161\u00edmu rusk\u00e9mu diplomatovi \u00fa\u010dast na nadch\u00e1zej\u00edc\u00ed sch\u016fzce OBSE Polsko ozn\u00e1milo Rusku, \u017ee bude&#8230;<\/p>\n","protected":false},"author":2,"featured_media":13194,"comment_status":"closed","ping_status":"closed","sticky":false,"template":"","format":"standard","meta":[],"categories":[7],"tags":[189,368,31],"_links":{"self":[{"href":"https:\/\/www.infokuryr.cz\/n\/wp-json\/wp\/v2\/posts\/18631"}],"collection":[{"href":"https:\/\/www.infokuryr.cz\/n\/wp-json\/wp\/v2\/posts"}],"about":[{"href":"https:\/\/www.infokuryr.cz\/n\/wp-json\/wp\/v2\/types\/post"}],"author":[{"embeddable":true,"href":"https:\/\/www.infokuryr.cz\/n\/wp-json\/wp\/v2\/users\/2"}],"replies":[{"embeddable":true,"href":"https:\/\/www.infokuryr.cz\/n\/wp-json\/wp\/v2\/comments?post=18631"}],"version-history":[{"count":0,"href":"https:\/\/www.infokuryr.cz\/n\/wp-json\/wp\/v2\/posts\/18631\/revisions"}],"wp:featuredmedia":[{"embeddable":true,"href":"https:\/\/www.infokuryr.cz\/n\/wp-json\/wp\/v2\/media\/13194"}],"wp:attachment":[{"href":"https:\/\/www.infokuryr.cz\/n\/wp-json\/wp\/v2\/media?parent=18631"}],"wp:term":[{"taxonomy":"category","embeddable":true,"href":"https:\/\/www.infokuryr.cz\/n\/wp-json\/wp\/v2\/categories?post=18631"},{"taxonomy":"post_tag","embeddable":true,"href":"https:\/\/www.infokuryr.cz\/n\/wp-json\/wp\/v2\/tags?post=18631"}],"curies":[{"name":"wp","href":"https:\/\/api.w.org\/{rel}","templated":true}]}}