{"id":18624,"date":"2022-11-23T00:59:15","date_gmt":"2022-11-22T23:59:15","guid":{"rendered":"http:\/\/www.infokuryr.cz\/n\/?p=18624"},"modified":"2022-11-22T15:31:47","modified_gmt":"2022-11-22T14:31:47","slug":"rozvinute-zeme-by-mely-dodrzet-slovo","status":"publish","type":"post","link":"https:\/\/www.infokuryr.cz\/n\/2022\/11\/23\/rozvinute-zeme-by-mely-dodrzet-slovo\/","title":{"rendered":"Rozvinut\u00e9 zem\u011b by m\u011bly dodr\u017eet slovo"},"content":{"rendered":"<div id=\"fb-root\"><\/div>\n<p><span data-spm-anchor-id=\"C01140752918.Pq1poEUXqS9i.0.i1\">20.\u00a0<\/span>listopadu skon\u010dila v\u00a0Egypt\u011b konference smluvn\u00edch stran R\u00e1mcov\u00e9 \u00famluvy OSN o zm\u011bn\u011b klimatu (COP27) a trvala o 36 hodin d\u00e9le ne\u017e pl\u00e1novan\u00e1 doba. Valn\u00e9 shrom\u00e1\u017ed\u011bn\u00ed p\u0159ijalo des\u00edtky usnesen\u00ed, jejich\u017e nejpozoruhodn\u011bj\u0161\u00edm v\u00fdsledkem je schv\u00e1len\u00ed z\u0159\u00edzen\u00ed fondu na ztr\u00e1ty a \u0161kody na pomoc rozvojov\u00fdm a zraniteln\u00fdm zem\u00edm posti\u017een\u00fdm zm\u011bnou klimatu.<\/p>\n<p>Je to t\u011b\u017ece dosa\u017een\u00fd \u00fasp\u011bch, kter\u00fd reaguje na nal\u00e9hav\u00e9 po\u017eadavky rozvojov\u00fdch zem\u00ed a aktivn\u011b podporuje glob\u00e1ln\u00ed reakci na zm\u011bnu klimatu. N\u011bkter\u00e1 m\u00e9dia uvedla, \u017ee \u201eje to historick\u00fd pokrok\u201c. Gener\u00e1ln\u00ed tajemn\u00edk OSN Ant\u00f3nio Guterres vydal prohl\u00e1\u0161en\u00ed, kter\u00e9 zd\u016fraznilo, \u017ee zased\u00e1n\u00ed u\u010dinilo d\u016fle\u017eit\u00fd krok sm\u011brem ke spravedlnosti. CNN citovala odborn\u00edky na klima, kdy\u017e uvedla, \u017ee tento \u00fasp\u011bch je z velk\u00e9 \u010d\u00e1sti zp\u016fsoben solidaritou rozvojov\u00fdch zem\u00ed a jejich v\u011bt\u0161\u00edm vlivem ne\u017e v posledn\u00edch n\u011bkolika letech.<\/p>\n<p>T\u00e9matem COP27 je \u201eimplementace\u201c, co\u017e zd\u016fraz\u0148uje, \u017ee v\u0161echny strany by m\u011bly jednat, zejm\u00e9na rozvinut\u00e9 zem\u011b by m\u011bly plnit sv\u00e9 z\u00e1vazky. Historicky je glob\u00e1ln\u00ed zm\u011bna klimatu zp\u016fsobena hlavn\u011b rozvinut\u00fdmi zem\u011bmi, ale v\u011bt\u0161inu ztr\u00e1t a \u0161kod, kter\u00e9 zm\u011bny klimatu zp\u016fsobuj\u00ed, nesou rozvojov\u00e9 zem\u011b, co\u017e je nespravedliv\u00e9. Rozvinut\u00e9 zem\u011b by proto m\u011bly n\u00e9st \u201espole\u010dnou, ale odli\u0161nou odpov\u011bdnost\u201c, plnit povinnost p\u0159evz\u00edt veden\u00ed p\u0159i sni\u017eov\u00e1n\u00ed emis\u00ed a poskytnout n\u00e1hradu rozvojov\u00fdm zem\u00edm, kter\u00e9 trp\u00ed \u0161kodami zp\u016fsoben\u00fdmi zm\u011bnou klimatu.<\/p>\n<p>Jako nejv\u011bt\u0161\u00ed rozvojov\u00e1 zem\u011b byla \u010c\u00edna v\u017edy aktivistou a \u010dinitelem v reakci na zm\u011bnu klimatu. Od roku 2012 do roku 2021 \u010c\u00edna zaznamenala pr\u016fm\u011brn\u00fd ekonomick\u00fd r\u016fst 6,5 procenta s pr\u016fm\u011brnou ro\u010dn\u00ed rychlost\u00ed r\u016fstu spot\u0159eby energie 3 procenta. \u010c\u00ednsk\u00e9 emise oxidu uhli\u010dit\u00e9ho na jednotku HDP se v\u00a0roce 2021 sn\u00ed\u017eily v porovn\u00e1n\u00ed s rokem 2012 asi o 34,4 procenta, co\u017e odpov\u00edd\u00e1 sn\u00ed\u017een\u00ed emis\u00ed oxidu uhli\u010dit\u00e9ho o 3,7 miliardy tun. \u010c\u00ednsk\u00e9 kumulativn\u00ed investice do obnoviteln\u00fdch zdroj\u016f energie dos\u00e1hly 380 miliard americk\u00fdch dolar\u016f, \u010d\u00edm\u017e \u010c\u00edna zaujala prvn\u00ed m\u00edsto v t\u00e9to oblasti na sv\u011bt\u011b.<\/p>\n<p>Na konferenci COP27 se \u010d\u00ednsk\u00e1 delegace komplexn\u00edm a hloubkov\u00fdm zp\u016fsobem \u00fa\u010dastnila konzultac\u00ed v r\u00e1mci t\u00e9m\u011b\u0159 sta t\u00e9mat, pevn\u011b chr\u00e1nila spole\u010dn\u00e9 z\u00e1jmy rozvojov\u00fdch zem\u00ed a v\u00fdznamn\u011b p\u0159isp\u011bla k bal\u00ed\u010dku pozitivn\u00edch v\u00fdsledk\u016f jedn\u00e1n\u00ed. Zvl\u00e1\u0161t\u011b cenn\u00e9 je, \u017ee kdy\u017e jsou n\u011bkter\u00e9 zem\u011b posti\u017eeny geopolitick\u00fdmi konflikty a energetickou kriz\u00ed a zpomaluj\u00ed nebo dokonce obracej\u00ed sv\u00e9 \u010dinnosti v reakci na zm\u011bnu klimatu, \u010c\u00edna nad\u00e1le podporuje sni\u017eov\u00e1n\u00ed emis\u00ed. Wall Street Journal uvedl, \u201e\u010c\u00ednsk\u00e1 opat\u0159en\u00ed na \u0159e\u0161en\u00ed zm\u011bny klimatu p\u0159ekro\u010dila jej\u00ed z\u00e1vazky.\u201c<\/p>\n<p><span data-spm-anchor-id=\"C01140752918.Pq1poEUXqS9i.0.i2\">\u201eNa\u0161e planeta je st\u00e1le v pohotovosti.\u201c Hodnocen\u00ed gener\u00e1ln\u00edho tajemn\u00edka OSN Ant\u00f3nia Guterrese stoj\u00ed za hlubok\u00e9 zamy\u0161len\u00ed. Dosa\u017een\u00ed c\u00edl\u016f Pa\u0159\u00ed\u017esk\u00e9 dohody nez\u00e1vis\u00ed na heslech, ale na akc\u00edch. Pro COP27 nen\u00ed snadn\u00e9 dos\u00e1hnout v\u00fdsledk\u016f, ale opat\u0159en\u00ed v oblasti klimatu st\u00e1le \u010del\u00ed mnoha v\u00fdzv\u00e1m a st\u00e1le je t\u0159eba vykonat mnoho pr\u00e1ce v n\u00e1sledn\u00fdch opat\u0159en\u00edch. Kl\u00ed\u010dov\u00e9 je, aby rozvinut\u00e9 zem\u011b dodr\u017eely sv\u00e9 sliby a praktick\u00fdmi \u010diny plnily sv\u00e9 z\u00e1vazky.<\/span><\/p>\n<p><img decoding=\"async\" loading=\"lazy\" class=\"alignnone size-full wp-image-1185\" src=\"http:\/\/www.infokuryr.cz\/n\/wp-content\/uploads\/2021\/04\/kuryr-podpis.png\" alt=\"\" width=\"84\" height=\"24\" \/><\/p>\n<p>&nbsp;<\/p>\n","protected":false},"excerpt":{"rendered":"<p>20.\u00a0listopadu skon\u010dila v\u00a0Egypt\u011b konference smluvn\u00edch stran R\u00e1mcov\u00e9 \u00famluvy OSN o zm\u011bn\u011b klimatu (COP27) a trvala&#8230;<\/p>\n","protected":false},"author":2,"featured_media":18626,"comment_status":"closed","ping_status":"closed","sticky":false,"template":"","format":"standard","meta":[],"categories":[7],"tags":[30,3245,873,2169],"_links":{"self":[{"href":"https:\/\/www.infokuryr.cz\/n\/wp-json\/wp\/v2\/posts\/18624"}],"collection":[{"href":"https:\/\/www.infokuryr.cz\/n\/wp-json\/wp\/v2\/posts"}],"about":[{"href":"https:\/\/www.infokuryr.cz\/n\/wp-json\/wp\/v2\/types\/post"}],"author":[{"embeddable":true,"href":"https:\/\/www.infokuryr.cz\/n\/wp-json\/wp\/v2\/users\/2"}],"replies":[{"embeddable":true,"href":"https:\/\/www.infokuryr.cz\/n\/wp-json\/wp\/v2\/comments?post=18624"}],"version-history":[{"count":1,"href":"https:\/\/www.infokuryr.cz\/n\/wp-json\/wp\/v2\/posts\/18624\/revisions"}],"predecessor-version":[{"id":18627,"href":"https:\/\/www.infokuryr.cz\/n\/wp-json\/wp\/v2\/posts\/18624\/revisions\/18627"}],"wp:featuredmedia":[{"embeddable":true,"href":"https:\/\/www.infokuryr.cz\/n\/wp-json\/wp\/v2\/media\/18626"}],"wp:attachment":[{"href":"https:\/\/www.infokuryr.cz\/n\/wp-json\/wp\/v2\/media?parent=18624"}],"wp:term":[{"taxonomy":"category","embeddable":true,"href":"https:\/\/www.infokuryr.cz\/n\/wp-json\/wp\/v2\/categories?post=18624"},{"taxonomy":"post_tag","embeddable":true,"href":"https:\/\/www.infokuryr.cz\/n\/wp-json\/wp\/v2\/tags?post=18624"}],"curies":[{"name":"wp","href":"https:\/\/api.w.org\/{rel}","templated":true}]}}