{"id":18623,"date":"2022-11-23T01:00:44","date_gmt":"2022-11-23T00:00:44","guid":{"rendered":"http:\/\/www.infokuryr.cz\/n\/?p=18623"},"modified":"2022-11-22T15:27:19","modified_gmt":"2022-11-22T14:27:19","slug":"nedelnik-adama-b-bartose-110-zamysleni-nad-17-listopadem","status":"publish","type":"post","link":"https:\/\/www.infokuryr.cz\/n\/2022\/11\/23\/nedelnik-adama-b-bartose-110-zamysleni-nad-17-listopadem\/","title":{"rendered":"NED\u011aLN\u00cdK ADAMA B. BARTO\u0160E (110) ZAMY\u0160LEN\u00cd NAD 17. LISTOPADEM"},"content":{"rendered":"<div id=\"fb-root\"><\/div>\n<p align=\"JUSTIFY\">K 17. listopadu m\u00e1m ambivalentn\u00ed vztah. Jako mlad\u00fd jsem v\u011b\u0159il tomu, \u017ee si generace na\u0161ich rodi\u010d\u016f n\u011bco \u201evycinkala\u201c (mn\u011b bylo v t\u00e9 dob\u011b 9 let). Kdy\u017e jsem byl politicky vzd\u011blan\u011bj\u0161\u00ed a m\u011bl za sebou texty jako Dolej\u0161\u00edho Anal\u00fdzu 17. listopadu, poc\u00edtil jsem k tomuto datu odpor. Jako novin\u00e1\u0159 jsem psal proti \u201epravdol\u00e1ska\u0159\u016fm\u201c a tento sv\u00e1tek pro mne byl v\u017edy jejich \u201esabatem\u201c \u2013 sletem \u010darod\u011bjnic a bl\u00e1zn\u016f, co oslavuj\u00ed n\u011bco, \u010demu ani sami nerozum\u011bj\u00ed.<span id=\"more-13301\"><\/span><\/p>\n<p align=\"JUSTIFY\">V roce 2014, kdy\u017e jsme zalo\u017eili N\u00e1rodn\u00ed demokracii, jsme si je\u0161t\u011b 17. listopad p\u0159ipomn\u011bli pr\u00e1v\u011b provokac\u00ed v\u016f\u010di liber\u00e1l\u016fm. Nic \u201elep\u0161\u00edho\u201c jsme na pr\u00e1ci nem\u011bli. Ve skupince do dvou des\u00edtek lid\u00ed jsme post\u00e1vali nad kon\u011bm u muzea a na transparentech hl\u00e1sali, \u017ee to byl \u201epodvod tajn\u00fdch slu\u017eeb\u201c apod. Tehdy poprv\u00e9 jsem ve sv\u00e9m projevu \u0159ekl (inspirov\u00e1n Orb\u00e1nem), \u017ee liber\u00e1ln\u00ed demokracie mus\u00ed skon\u010dit. Ale byla to komorn\u00ed akce, asi tak, jako kdy\u017e letos u muzea \u201ePeczinsk\u00fd a spol.\u201c prudili s vlajkami NATO, aby na\u0161tvali vlastence, kte\u0159\u00ed zaplnili V\u00e1clav\u00e1k\u2026<\/p>\n<p align=\"JUSTIFY\">O rok pozd\u011bji byl ale 17. listopad u\u017e o n\u011b\u010dem \u00fapln\u011b jin\u00e9m. To jsme mobilizovali a 17. listopad \u201ebyl n\u00e1\u0161\u201c (tj. vlastenc\u016f). S\u00edlila migra\u010dn\u00ed krize a n\u011bkolika organiz\u00e1tor\u016fm demonstrac\u00ed (my m\u011bli demonstraci na n\u00e1m\u011bst\u00ed Republiky) se poda\u0159ilo po skon\u010den\u00ed jejich akc\u00ed uspo\u0159\u00e1dat spole\u010dn\u00fd pochod p\u0159ed s\u00eddlo vl\u00e1dy. Byly n\u00e1s tehdy tis\u00edce (asi deset tis\u00edc), pochod byl dlouh\u00fd a p\u0159ed s\u00eddlem vl\u00e1dy n\u00e1s vytla\u010dili t\u011b\u017ekood\u011bnci, tak\u017ee byl i adrenalin. I kdy\u017e se n\u00e1m ni\u010deho doc\u00edlit nepoda\u0159ilo, za\u017e\u00edvali jsme pocit jednoty (my z r\u016fzn\u00fdch n\u00e1rodn\u00edch stran, spolk\u016f a nov\u011b probuzen\u00ed lid\u00e9, kter\u00fdm jsme \u0159\u00edkali \u201enovovlastenci\u201c). Havlist\u00e9 byli ten rok v \u00fatlumu, na nic se nezmohli.<\/p>\n<p align=\"JUSTIFY\">O rok pozd\u011bji se ale to sam\u00e9 u\u017e zopakovat nepoda\u0159ilo. V\u011bt\u0161\u00ed akce na Letn\u00e9 a pak pochod dol\u016f z Letn\u00e9 do centra m\u011bsta, jenom\u017ee jednota se u\u017e za\u010dala pov\u00e1\u017eliv\u011b drolit a n\u011bkolik men\u0161\u00edch akc\u00ed se nakonec v jednu velkou spojit nepovedlo. I proto, \u017ee policie op\u011bt \u201evzorov\u011b konala\u201c (to mysl\u00edm ironicky) a br\u00e1nila n\u00e1m v pochodu r\u016fzn\u00fdmi ulicemi, kde jsme se m\u011bli sej\u00edt v jeden v\u011bt\u0161\u00ed dav\u2026<\/p>\n<p align=\"JUSTIFY\">P\u0159izn\u00e1m se, \u017ee 17. listopad dal\u0161\u00edho roku si u\u017e nevybavuji \u2013 takto z hlavy si u\u017e nevzpomenu, zda jsme n\u011bco d\u011blali, ale v\u00edm, \u017ee brzy se listopadov\u00e1 n\u00e1rodoveck\u00e1 jednota umocn\u011bn\u00e1 nebezpe\u010d\u00edm migrace rozpadla tot\u00e1ln\u011b a jeden rok \u2013 a\u017e na sp\u00ed\u0161e symbolick\u00e9 aktivistick\u00e9 v\u00fdstupy jednotlivc\u016f \u2013 se nekonala \u017e\u00e1dn\u00e1 ve\u0159ejn\u00e1 akce. Ulice zase ovl\u00e1dli havlist\u00e9 a du\u0161evn\u011b onanovali nad port\u00e9ty Havla a p\u0159i t\u00f3nech modlitby za Martu. Op\u011bt mne zaplnil hnus z onoho pokrytectv\u00ed\u2026<\/p>\n<p align=\"JUSTIFY\">V roce 2018 byl 17. listopad rovn\u011b\u017e bez vlasteneck\u00e9 akce. V\u011bt\u0161ina z n\u00e1s z\u016fstala doma, jen m\u00e1lokdo m\u011bl \u017ealudek na \u201eperformance\u201c na N\u00e1rodn\u00ed a na nekone\u010dn\u00e9 koncerty polistopadov\u00fdch anga\u017eovan\u00fdch a \u201ezaslou\u017eil\u00fdch\u201c um\u011blc\u016f. Ten den tak\u00e9 zem\u0159el n\u00e1\u0161 kamar\u00e1d, kolega a u\u010ditel, Jan Sk\u00e1cel. N\u00e1rodoveck\u00fd politik, jeho\u017e rodina poch\u00e1zela z prvorepublikov\u00e9 N\u00e1rodn\u00ed demokracie. Kdy\u017e jsme si o p\u00e1r dn\u00ed pozd\u011bji jeho smrt v\u0161ichni p\u0159ipom\u00ednali ve velk\u00e9m s\u00e1le krematoria ve Stra\u0161nic\u00edch, byli jsme na p\u00e1r hodin zase v\u0161ichni jednotn\u00ed. Byli tam v\u0161ichni ti, co Honzu znali a se\u0161li jsme se tam nap\u0159\u00ed\u010d stranami, stranick\u00fdmi frakcemi, navzdory d\u0159\u00edv\u011bj\u0161\u00edm rozpor\u016fm apod. Ve sv\u00e9m smute\u010dn\u00edm projevu jsme zm\u00ednil, \u017ee Sk\u00e1celova smrt v toto v\u00fdro\u010d\u00ed (dne boje za svobodu) je v\u00edce ne\u017e symbolick\u00e1, \u017ee op\u011bt d\u00e1v\u00e1 17. listopadu ztracen\u00fd smysl a \u017ee se v\u017edy budeme sch\u00e1zet u jeho hrobu, \u010d\u00edm\u017e jsme zalo\u017eili novou tradici.<\/p>\n<p align=\"JUSTIFY\">O dva roky pozd\u011bji byla vlasteneck\u00e1 a n\u00e1rodoveck\u00e1 ve\u0159ejnost op\u011bt \u201ena koni\u201c. Ale na u kon\u011b, jako sp\u00ed\u0161e u Husa (na Starom\u00e1ku). Proti covidu se konaly velk\u00e9 demonstrace. 17. listopadu byla jedna takov\u00e1 \u2013 a byla tak velk\u00e1, \u017ee jsem ani po p\u016flhodin\u011b \u00faporn\u00e9 snahy prodrat se davem k jednomu m\u00edstu, kde jsem m\u011bl sch\u016fzku s jedn\u00edm kolegou, nepochodil. Lid\u00e9 byli nama\u010dkan\u00ed na sebe (covid necovid) tak, \u017ee to prost\u011b ne\u0161lo.<\/p>\n<p align=\"JUSTIFY\">A letos? P\u0159izn\u00e1m se, \u017ee z rodinn\u00fdch d\u016fvod\u016f jsem letos 17. listopadu nikde nebyl (Sk\u00e1cela si p\u0159ipomeneme tuto sobotu), ale kdo z v\u00e1s ano, ten v\u00ed, \u017ee demonstrace p\u0159ed \u010cT m\u011bla gr\u00e1dy, a to i p\u0159esto, \u017ee \u0161lo u\u017e o \u010dtvrtou velkou demonstraci proti vl\u00e1d\u011b za tento podzim. Tak\u017ee ano \u2013 lid\u00e9 maj\u00ed op\u011bt d\u016fvod demonstrovat proti n\u011b\u010demu. 17. listopad u\u017e d\u00e1vno nen\u00ed jen dnem orgi\u00ed pravdol\u00e1ska\u0159\u016f, jak jsem si d\u0159\u00edve mysl\u00edval, ale \u017eene do ulic i n\u00e1s, kte\u0159\u00ed jsme v tomto re\u017eimu z r\u016fzn\u00fdch d\u016fvod\u016f nespokojeni. A to i p\u0159esto, \u017ee to, proti \u010demu protestujeme, t\u011bmito demonstracemi \u201espravit\u201c neum\u00edme. Tak jako jsme nezastavili migraci, nezastavili jsme ani covidovou totalitu a nezastav\u00edme nejsp\u00ed\u0161e ani drahotu a v\u00e1lku. Nalijme si \u010dist\u00e9ho v\u00edna \u2013 nejsme ti, kdo rozhoduj\u00ed o tom, kdy v\u0161emo\u017en\u00e9 psychologick\u00e9 operace (a\u0165 u\u017e se to\u010d\u00ed kolem migrace, covidu \u010di energetick\u00e9 krize) skon\u010d\u00ed. Jsou v re\u017eii n\u011bkoho \u00fapln\u011b jin\u00e9ho, kter\u00fd jimi sleduje sv\u00e9 z\u00e1jmy a na\u0161e demonstrov\u00e1n\u00ed mu v tom \u010d\u00e1ru p\u0159es rozpo\u010det neud\u011bl\u00e1. Maxim\u00e1ln\u011b tak provedeme du\u0161evn\u00ed o\u010distu, vyk\u0159i\u010d\u00edme se z na\u0161eho vzteku, zaujmeme ten spr\u00e1vn\u00fd postoj, abychom se za sebe nemuseli p\u0159ed na\u0161imi d\u011btmi styd\u011bt, ale nic t\u00edm nezm\u011bn\u00edme. Ne\u0159\u00edk\u00e1m to proto, abychom demonstrovat p\u0159estali, ale proto, \u017ee jsme poznali, \u017ee se to\u010d\u00edme v kruhu. P\u0159ed \u010dasem jsem k tomu dosp\u011bl j\u00e1, m\u00e1m pocit, \u017ee letos k tomu dosp\u011bli sou\u010dasn\u00ed organiz\u00e1to\u0159i protest\u016f. Prost\u011b klidn\u00fdmi protesty se ni\u010deho nedos\u00e1hne a na n\u00e1siln\u00e9 protesty nejsme v \u010cech\u00e1ch, na Morav\u011b a ve Slezsku zvykl\u00ed. Jsme mist\u0159i na p\u0159evraty bez v\u00fdst\u0159elu, bez mrtv\u00fdch, maxim\u00e1ln\u011b s n\u011bjakou sehranou mrtvolou a l\u00e1 student \u0160m\u00edd. Proto ten samet. Sametem v\u0161ak vl\u00e1du nezastav\u00edme\u2026<\/p>\n<p align=\"JUSTIFY\">Rozpaky nad 17. listopadem se mi v\u017edy nakonec da\u0159ilo p\u0159ekonat jen z toho d\u016fvodu, kter\u00fd je nav\u00edc v\u011bt\u0161in\u011b t\u011bch, kdo ten den demonstruj\u00ed \u201ena druh\u00e9 stran\u011b\u201c (tedy havlist\u00e9 a sou\u010dasn\u00fd establishment), sp\u00ed\u0161e nezn\u00e1m\u00fd. Ve\u0159ejn\u00ed \u010dinitel\u00e9 je\u0161t\u011b v\u011bd\u00ed, \u017ee se n\u011bco stalo roku 1939, ale mlad\u00ed lid\u00e9 coby produkt polistopadov\u00e9ho \u0161kolstv\u00ed maj\u00ed v hlav\u00e1ch \u00fapln\u011b vymet\u00fdno, ti u\u017e takto do historie ani nedok\u00e1\u017e\u00ed dohl\u00e9dnout.<\/p>\n<p align=\"JUSTIFY\">Kdy\u017e na to p\u0159ijde, v\u011bt\u0161inou n\u011bkdo p\u0159ipomene studenta Jana Opletala, kter\u00fd zem\u0159el na n\u00e1sledky st\u0159eln\u00fdch zran\u011bn\u00ed, kter\u00e9 utr\u017eil p\u0159i poty\u010dce vlasteneck\u00fdch demonstrant\u016f s nacistickou polici\u00ed. To se ale ud\u00e1lo 28. \u0159\u00edjna 1939. N\u00e1sledk\u016fm zran\u011bn\u00ed podlehl 11. listopadu. Dne 15. listopadu se konal klasick\u00fd venkovsk\u00fd poh\u0159eb ve Lhot\u011b nad Moravou, odkud Opletal poch\u00e1zel. To teprve otev\u0159elo cestu k 17. listopadu 1939: v\u011bt\u0161ina student\u016f, kte\u0159\u00ed se vr\u00e1tili do Prahy z poh\u0159bu, byla zat\u010dena, ale to hlavn\u00ed m\u011blo p\u0159ij\u00edt: uzav\u0159en\u00ed \u010desk\u00fdch vysok\u00fdch \u0161kol 17. listopadu 1939 na popud \u0159\u00ed\u0161sk\u00e9ho protektora K. von Neuratha. P\u0159es dvan\u00e1ct stovek student\u016f bylo p\u0159evezeno do koncentra\u010dn\u00edho t\u00e1bora a dev\u011bt student\u016f \u2013 funkcion\u00e1\u0159\u016f studentsk\u00fdch organizac\u00ed \u2013 bylo popraveno. Jednalo se o Josefa Adamce, Jana \u010cern\u00e9ho, Marka Frauwirtha, Jaroslava Kl\u00edmu, Bed\u0159icha Koulu, Josefa Matou\u0161ka, Franti\u0161ka Skorkovsk\u00e9ho, V\u00e1clava \u0160affr\u00e1nka a\u00a0Jana Weinerta.<\/p>\n<p align=\"JUSTIFY\">A tady se dost\u00e1v\u00e1me k podstat\u011b v\u011bci: kdo sleduje na\u0161e str\u00e1nky u\u017e n\u011bjak\u00fd ten rok, v\u00ed, \u017ee te\u010f neprozrad\u00edm nic nov\u00e9ho, proto\u017ee posledn\u00ed roky se to sna\u017e\u00edm p\u0159ipom\u00ednat pravideln\u011b, ale stoj\u00ed za to, zopakovat to i letos: a\u017e na jednu v\u00fdjimku (slovensk\u00fd \u017did Marek Frauwirth, kter\u00fd byl \u010dlenem pokrokov\u00fdch levicov\u00fdch spolk\u016f), bylo v\u0161ech zbyl\u00fdch osm student\u016f n\u00e1rodovecky orientov\u00e1no, byli to \u010dlenov\u00e9 N\u00e1rodn\u00ed demokracie, p\u0159\u00edpadn\u011b pozd\u011bj\u0161\u00edho N\u00e1rodn\u00ed sjednocen\u00ed nebo \u010dlenov\u00e9 jejich ml\u00e1de\u017enick\u00fdch organizac\u00ed \u2013 n\u00e1rodn\u011b demokratick\u00e9 Mlad\u00e9 generace nebo dokonce \u0161lo i o Vlajka\u0159e:<\/p>\n<p align=\"JUSTIFY\">Jan \u010cern\u00fd (1914-1939) (\u010dlen Vlajky)<\/p>\n<p align=\"JUSTIFY\">Josef Adamec (1909-1939) (\u010dlen N\u00e1rodn\u00ed demokracie)<\/p>\n<p align=\"JUSTIFY\">Franti\u0161ek Skorkovsk\u00fd (1909-1939) (\u010dlen N\u00e1rodn\u00edho sjednocen\u00ed)<\/p>\n<p align=\"JUSTIFY\">Jaroslav Kl\u00edma (1913-1939) (\u010dlen n\u00e1rodn\u011b-demokratick\u00e9 ml\u00e1de\u017ee)<\/p>\n<p align=\"JUSTIFY\">Bed\u0159ich Koula (1913-1939) (\u010dlen n\u00e1rodn\u011b-demokratick\u00e9 ml\u00e1de\u017ee)<\/p>\n<p align=\"JUSTIFY\">Jan Weinert (1914-1939) (\u010dlen ml\u00e1de\u017ee N\u00e1rodn\u00edho sjednocen\u00ed)<\/p>\n<p align=\"JUSTIFY\">Josef Matou\u0161ek (1906-1939) (\u010dlen N\u00e1rodn\u00ed demokracie)<\/p>\n<p align=\"JUSTIFY\">V\u00e1clav \u0160affr\u00e1nek (1920-1939) (\u010dlen katolick\u00e9ho studentsk\u00e9ho hnut\u00ed)<\/p>\n<p align=\"JUSTIFY\">Od prezidenta Milo\u0161e Zemana je p\u011bkn\u00e9, \u017ee tuto skupinu n\u00e1rodovc\u016f vyznamenal, kdy\u017e jim letos p\u0159i ud\u00edlen\u00ed cen ud\u011blil Medaili Za hrdinstv\u00ed. Prezidenta Milo\u0161e Zemana od jist\u00e9 doby nepodporuji a nesouhlas\u00edm s n\u00edm. Sta\u010d\u00ed p\u0159ipomenout u\u017e jen fakt, \u017ee v t\u00fd\u017e den vyznamenal i ukrajinsk\u00e9ho komika Zelensk\u00e9ho. To vyznamen\u00e1n\u00ed popraven\u00fdch student\u016f pon\u011bkud kaz\u00ed.<\/p>\n<p align=\"JUSTIFY\">Ale bu\u010fme r\u00e1di alespo\u0148 za to, \u017ee jejich pam\u00e1tka byla t\u00edmto letos znovu p\u0159ipomenuta\u2026<\/p>\n<p align=\"JUSTIFY\">A kdy\u017e u\u017e jsem tu vzpom\u00ednal na\u0161eho mil\u00e9ho Jendu Sk\u00e1cela (1934-2018), cht\u011bl jsem na n\u011bj letos zavzpom\u00ednat vedle polo\u017een\u00ed kv\u011btiny a zap\u00e1len\u00ed sv\u00ed\u010dky i\u00a0<a href=\"http:\/\/knihyabb.cz\/domu\/5153-jan-skacel-dotaznik-vychazi-v-listopadu.html\" target=\"_blank\" rel=\"noopener\"><em><strong>vyd\u00e1n\u00edm t\u00e9to mal\u00e9 kapesn\u00ed bro\u017eurky<\/strong><\/em><\/a>, kter\u00e1 obsahuje jeden obs\u00e1hlej\u0161\u00ed rozhovor nerozhovor. Je to sp\u00ed\u0161e dotazn\u00edk (proto ten n\u00e1zev), ve kter\u00e9m Sk\u00e1cel odpov\u00eddal asi na \u0161edes\u00e1t ot\u00e1zek \u2013 od sv\u00e9ho d\u011btstv\u00ed a rodiny, p\u0159es z\u00e1\u017eitky z komunistick\u00e9ho pron\u00e1sledov\u00e1n\u00ed a\u017e po jeho n\u00e1zory na v\u0161emo\u017en\u00e1 politick\u00e1 a spole\u010densk\u00e1 t\u00e9mata. Tato kn\u00ed\u017ee\u010dka by m\u011bla ud\u011blat radost v\u0161em, kte\u0159\u00ed Honzu Sk\u00e1cela znali\u2026<\/p>\n<p align=\"JUSTIFY\">Vlasti zdar!<br \/>\nAdam B. Barto\u0161<br \/>\np\u0159edseda N\u00e1rodn\u00ed demokracie<\/p>\n<p align=\"JUSTIFY\">PS Jak jsem psal, k hrobu Jana Sk\u00e1cela pojedeme tuto sobotu (26. listopadu) dopoledne. Do Bene\u0161ova. Kdo by se cht\u011bl p\u0159idat, napi\u0161te mi pro bli\u017e\u0161\u00ed informace. Po vzpom\u00ednce budeme na Honzu vzpom\u00ednat \u2013 jak jinak ne\u017e \u2013 u piva\u2026<\/p>\n<p align=\"JUSTIFY\"><img decoding=\"async\" loading=\"lazy\" class=\"alignnone size-full wp-image-678\" src=\"http:\/\/www.infokuryr.cz\/n\/wp-content\/uploads\/2021\/04\/narodni_demokracie_logo.jpg\" alt=\"\" width=\"300\" height=\"85\" \/><\/p>\n<p align=\"JUSTIFY\">\n","protected":false},"excerpt":{"rendered":"<p>K 17. listopadu m\u00e1m ambivalentn\u00ed vztah. Jako mlad\u00fd jsem v\u011b\u0159il tomu, \u017ee si generace na\u0161ich&#8230;<\/p>\n","protected":false},"author":2,"featured_media":679,"comment_status":"closed","ping_status":"closed","sticky":false,"template":"","format":"standard","meta":[],"categories":[6],"tags":[367,29,85,122],"_links":{"self":[{"href":"https:\/\/www.infokuryr.cz\/n\/wp-json\/wp\/v2\/posts\/18623"}],"collection":[{"href":"https:\/\/www.infokuryr.cz\/n\/wp-json\/wp\/v2\/posts"}],"about":[{"href":"https:\/\/www.infokuryr.cz\/n\/wp-json\/wp\/v2\/types\/post"}],"author":[{"embeddable":true,"href":"https:\/\/www.infokuryr.cz\/n\/wp-json\/wp\/v2\/users\/2"}],"replies":[{"embeddable":true,"href":"https:\/\/www.infokuryr.cz\/n\/wp-json\/wp\/v2\/comments?post=18623"}],"version-history":[{"count":0,"href":"https:\/\/www.infokuryr.cz\/n\/wp-json\/wp\/v2\/posts\/18623\/revisions"}],"wp:featuredmedia":[{"embeddable":true,"href":"https:\/\/www.infokuryr.cz\/n\/wp-json\/wp\/v2\/media\/679"}],"wp:attachment":[{"href":"https:\/\/www.infokuryr.cz\/n\/wp-json\/wp\/v2\/media?parent=18623"}],"wp:term":[{"taxonomy":"category","embeddable":true,"href":"https:\/\/www.infokuryr.cz\/n\/wp-json\/wp\/v2\/categories?post=18623"},{"taxonomy":"post_tag","embeddable":true,"href":"https:\/\/www.infokuryr.cz\/n\/wp-json\/wp\/v2\/tags?post=18623"}],"curies":[{"name":"wp","href":"https:\/\/api.w.org\/{rel}","templated":true}]}}