{"id":18621,"date":"2022-11-22T14:56:50","date_gmt":"2022-11-22T13:56:50","guid":{"rendered":"http:\/\/www.infokuryr.cz\/n\/?p=18621"},"modified":"2022-11-22T14:56:50","modified_gmt":"2022-11-22T13:56:50","slug":"turecko-zautocilo-na-americke-velitelstvi-v-syrii","status":"publish","type":"post","link":"https:\/\/www.infokuryr.cz\/n\/2022\/11\/22\/turecko-zautocilo-na-americke-velitelstvi-v-syrii\/","title":{"rendered":"Turecko za\u00fato\u010dilo na americk\u00e9 velitelstv\u00ed v S\u00fdrii"},"content":{"rendered":"<div id=\"fb-root\"><\/div>\n<p class=\"lead\"><span>Tureck\u00e9 ozbrojen\u00e9 s\u00edly za\u00fato\u010dily na velitelstv\u00ed americk\u00fdch sil v syrsk\u00e9 Hasace.\u00a0Informovala o tom \u00edr\u00e1nsk\u00e1 tiskov\u00e1 agentura (IRNA) s odvol\u00e1n\u00edm na tureck\u00e1 m\u00e9dia.\u00a0Podle zdroj\u016f za\u00fato\u010dily st\u00edha\u010dky tureck\u00e9 arm\u00e1dy na velitelstv\u00ed americk\u00fdch jednotek v Hasace.\u00a0Americk\u00e9 s\u00edly jsou \u00fadajn\u011b odpov\u011bdn\u00e9 za v\u00fdcvik voj\u00e1k\u016f Kurdsk\u00e9 strany pracuj\u00edc\u00edch (PKK) v oblasti.<\/span><\/p>\n<p><span>Jak\u00a0<\/span><strong><span>uvedl EADaily<\/span><\/strong><span>\u00a0, na ot\u00e1zku, zda Turecko upozornilo Rusko a Spojen\u00e9 st\u00e1ty na vojenskou operaci, tureck\u00fd v\u016fdce\u00a0<\/span><strong><span>Recep Tayyip Erdogan<\/span><\/strong><span>\u00a0\u0159ekl: \u201eNem\u011bli jsme o tom \u017e\u00e1dn\u00e9 rozhovory s (prezidentem USA\u00a0Joem\u00a0<\/span><strong><span>)<\/span><\/strong><span>\u00a0Bidenem\u00a0<\/span><strong><span>nebo<\/span><\/strong><span>\u00a0(rusk\u00fdm prezidentem\u00a0<\/span><strong><span>Vladimirem<\/span><\/strong><span>\u00a0)\u00a0<\/span><strong><span>Putinem<\/span><\/strong><span> . Jak Biden, tak Putin v\u0161ak ji\u017e v\u011bd\u00ed, \u017ee\u00a0<\/span><a href=\"https:\/\/eadaily.com\/ru\/news\/2022\/11\/21\/erdogan-rossiya-i-ssha-znayut-chto-my-delaem-to-chto-zahotim-i-gde-zahotim\" target=\"_blank\" rel=\"noopener\"><span>takov\u00e9 v\u011bci m\u016f\u017eeme v tomto regionu d\u011blat kdykoli<\/span><\/a><span>\u00a0.<\/span><\/p>\n<p><span>Nav\u00edc vedouc\u00ed odd\u011blen\u00ed komunikace tureck\u00e9 prezidentsk\u00e9 administrativy\u00a0<\/span><strong><span>Fahrettin Altun<\/span><\/strong><span>\u00a0obvinil Z\u00e1pad ze snahy destabilizovat Turecko\u00a0<\/span><a href=\"https:\/\/eadaily.com\/ru\/news\/2022\/11\/21\/drug-okazalsya-vdrug-turciya-obvinila-zapad-v-podderzhke-terroristov-v-sirii\" target=\"_blank\" rel=\"noopener\"><span>podporou teroristick\u00fdch organizac\u00ed<\/span><\/a><span>\u00a0.<\/span><\/p>\n<p><img decoding=\"async\" loading=\"lazy\" class=\"alignnone size-full wp-image-1185\" src=\"http:\/\/www.infokuryr.cz\/n\/wp-content\/uploads\/2021\/04\/kuryr-podpis.png\" alt=\"\" width=\"84\" height=\"24\" \/><\/p>\n<p>&nbsp;<\/p>\n","protected":false},"excerpt":{"rendered":"<p>Tureck\u00e9 ozbrojen\u00e9 s\u00edly za\u00fato\u010dily na velitelstv\u00ed americk\u00fdch sil v syrsk\u00e9 Hasace.\u00a0Informovala o tom \u00edr\u00e1nsk\u00e1 tiskov\u00e1&#8230;<\/p>\n","protected":false},"author":2,"featured_media":18622,"comment_status":"closed","ping_status":"closed","sticky":false,"template":"","format":"standard","meta":[],"categories":[7],"tags":[147,55,37,723,1210],"_links":{"self":[{"href":"https:\/\/www.infokuryr.cz\/n\/wp-json\/wp\/v2\/posts\/18621"}],"collection":[{"href":"https:\/\/www.infokuryr.cz\/n\/wp-json\/wp\/v2\/posts"}],"about":[{"href":"https:\/\/www.infokuryr.cz\/n\/wp-json\/wp\/v2\/types\/post"}],"author":[{"embeddable":true,"href":"https:\/\/www.infokuryr.cz\/n\/wp-json\/wp\/v2\/users\/2"}],"replies":[{"embeddable":true,"href":"https:\/\/www.infokuryr.cz\/n\/wp-json\/wp\/v2\/comments?post=18621"}],"version-history":[{"count":0,"href":"https:\/\/www.infokuryr.cz\/n\/wp-json\/wp\/v2\/posts\/18621\/revisions"}],"wp:featuredmedia":[{"embeddable":true,"href":"https:\/\/www.infokuryr.cz\/n\/wp-json\/wp\/v2\/media\/18622"}],"wp:attachment":[{"href":"https:\/\/www.infokuryr.cz\/n\/wp-json\/wp\/v2\/media?parent=18621"}],"wp:term":[{"taxonomy":"category","embeddable":true,"href":"https:\/\/www.infokuryr.cz\/n\/wp-json\/wp\/v2\/categories?post=18621"},{"taxonomy":"post_tag","embeddable":true,"href":"https:\/\/www.infokuryr.cz\/n\/wp-json\/wp\/v2\/tags?post=18621"}],"curies":[{"name":"wp","href":"https:\/\/api.w.org\/{rel}","templated":true}]}}