{"id":1860,"date":"2021-05-21T04:37:23","date_gmt":"2021-05-21T02:37:23","guid":{"rendered":"http:\/\/www.infokuryr.cz\/n\/?p=1860"},"modified":"2021-05-21T04:37:23","modified_gmt":"2021-05-21T02:37:23","slug":"usa-odvolaly-sankce-proti-nord-streamu","status":"publish","type":"post","link":"https:\/\/www.infokuryr.cz\/n\/2021\/05\/21\/usa-odvolaly-sankce-proti-nord-streamu\/","title":{"rendered":"USA odvolaly sankce proti Nord Streamu"},"content":{"rendered":"<div id=\"fb-root\"><\/div>\n<p><strong>Na setk\u00e1n\u00ed ministr\u016f zahrani\u010d\u00ed USA a Ruska, Blinkena a Lavrova, v islandsk\u00e9m Rejkjav\u00edku USA odvolaly sankce proti n\u011bmecko-rusk\u00e9mu plynovodu Nord Stream. USA to od\u016fvodnily t\u00edm, \u017ee cht\u011bj\u00ed m\u00edt dobr\u00e9 vztahy s Evropou po\u010d\u00ednaje N\u011bmeckem, kde ji\u017e poslanci hrozili odvetn\u00fdmi sankcemi proti USA.<\/strong><\/p>\n<p>N\u011bkte\u0159\u00ed kongresmani ozna\u010dili rozhodnut\u00ed USA za chybu. Nicm\u00e9n\u011b USA stejn\u011b jako Evropa sezn\u00e1vaj\u00ed, \u017ee v posledn\u00ed dob\u011b, u\u017e to nen\u00ed co to b\u00fdvalo, nebo\u0165 jejich vlastn\u00ed sankce proti Rusku \u010d\u00edm d\u00e1l v\u00edce postihuj\u00ed i je samotn\u00e9 a mus\u00ed za n\u011b draze platit, \u010cR nevyj\u00edmaje.<\/p>\n<p><a href=\"https:\/\/www.abc.es\/internacional\/abci-eeuu-levanta-sanciones-rusia-primer-encuentro-entre-blinken-y-lavrov-202105200208_noticia.html\">ZDROJ<\/a><\/p>\n<p>&nbsp;<\/p>\n","protected":false},"excerpt":{"rendered":"<p>Na setk\u00e1n\u00ed ministr\u016f zahrani\u010d\u00ed USA a Ruska, Blinkena a Lavrova, v islandsk\u00e9m Rejkjav\u00edku USA odvolaly&#8230;<\/p>\n","protected":false},"author":2,"featured_media":1861,"comment_status":"closed","ping_status":"closed","sticky":false,"template":"","format":"standard","meta":[],"categories":[7],"tags":[415,22,37],"_links":{"self":[{"href":"https:\/\/www.infokuryr.cz\/n\/wp-json\/wp\/v2\/posts\/1860"}],"collection":[{"href":"https:\/\/www.infokuryr.cz\/n\/wp-json\/wp\/v2\/posts"}],"about":[{"href":"https:\/\/www.infokuryr.cz\/n\/wp-json\/wp\/v2\/types\/post"}],"author":[{"embeddable":true,"href":"https:\/\/www.infokuryr.cz\/n\/wp-json\/wp\/v2\/users\/2"}],"replies":[{"embeddable":true,"href":"https:\/\/www.infokuryr.cz\/n\/wp-json\/wp\/v2\/comments?post=1860"}],"version-history":[{"count":0,"href":"https:\/\/www.infokuryr.cz\/n\/wp-json\/wp\/v2\/posts\/1860\/revisions"}],"wp:featuredmedia":[{"embeddable":true,"href":"https:\/\/www.infokuryr.cz\/n\/wp-json\/wp\/v2\/media\/1861"}],"wp:attachment":[{"href":"https:\/\/www.infokuryr.cz\/n\/wp-json\/wp\/v2\/media?parent=1860"}],"wp:term":[{"taxonomy":"category","embeddable":true,"href":"https:\/\/www.infokuryr.cz\/n\/wp-json\/wp\/v2\/categories?post=1860"},{"taxonomy":"post_tag","embeddable":true,"href":"https:\/\/www.infokuryr.cz\/n\/wp-json\/wp\/v2\/tags?post=1860"}],"curies":[{"name":"wp","href":"https:\/\/api.w.org\/{rel}","templated":true}]}}