{"id":18577,"date":"2022-11-22T01:07:34","date_gmt":"2022-11-22T00:07:34","guid":{"rendered":"http:\/\/www.infokuryr.cz\/n\/?p=18577"},"modified":"2022-11-21T15:16:51","modified_gmt":"2022-11-21T14:16:51","slug":"pro-fialy-a-vaclavy-moravce-je-lid-vodpad-pritom-si-pozvou-perverzni-pussy-riot-jako-nebeskou-manu-na-zvraceni","status":"publish","type":"post","link":"https:\/\/www.infokuryr.cz\/n\/2022\/11\/22\/pro-fialy-a-vaclavy-moravce-je-lid-vodpad-pritom-si-pozvou-perverzni-pussy-riot-jako-nebeskou-manu-na-zvraceni\/","title":{"rendered":"Pro Fialy a V\u00e1clavy Moravce je lid &#8222;vodpad&#8220;. P\u0159itom si pozvou perverzn\u00ed Pussy Riot jako nebeskou manu. Na zvracen\u00ed&#8230;"},"content":{"rendered":"<div id=\"fb-root\"><\/div>\n<div class=\"introtext\">\n<p><strong>Ku\u0159e v pochv\u011b, soulo\u017e t\u011bhotn\u00fdch na ve\u0159ejnosti, porno\u0161t\u011btky v\u0159\u00edskaj\u00edc\u00ed v kostele a kdo k nim pat\u0159\u00ed? Petr Fiala, gay Manipul\u00e1tor Cemper, \u010cernochov\u00e1, Pekarov\u00e1, na V\u00e1clavsk\u00e9m n\u00e1m\u011bst\u00ed promluvil V\u00e1clav Moravec. Prost\u011b oslavy 17.11. ve stylu Evropsk\u00fdch hodnot&#8230;<\/strong><\/p>\n<\/div>\n<p>&nbsp;<\/p>\n<div style=\"width: 640px;\" class=\"wp-video\"><!--[if lt IE 9]><script>document.createElement('video');<\/script><![endif]-->\n<video class=\"wp-video-shortcode\" id=\"video-18577-1\" width=\"640\" height=\"360\" preload=\"metadata\" controls=\"controls\"><source type=\"video\/mp4\" src=\"http:\/\/www.infokuryr.cz\/n\/wp-content\/uploads\/2022\/11\/puesy-rot.mp4?_=1\" \/><a href=\"http:\/\/www.infokuryr.cz\/n\/wp-content\/uploads\/2022\/11\/puesy-rot.mp4\">http:\/\/www.infokuryr.cz\/n\/wp-content\/uploads\/2022\/11\/puesy-rot.mp4<\/a><\/video><\/div>\n<p>&nbsp;<\/p>\n<div class=\"fulltext\">\n<p>A tahle spole\u010dnost ur\u00e1\u017e\u00ed n\u00e1rod slovy spodina, l\u016fza, l\u016fz\u0159i \u010di dezol\u00e1ti?<\/p>\n<p><span style=\"font-size: 18pt;\"><strong>Pussy Riot m\u00e1 b\u00fdt idol na\u0161ich d\u011bt\u00ed. Z\u00e1padn\u00ed kultura.<\/strong><\/span><\/p>\n<p>Neuv\u011b\u0159iteln\u00e1 doba, kdy Caligulova perverze je d\u00e1v\u00e1na za vzor a slu\u0161n\u00ed lid\u00e9, vychov\u00e1vaj\u00edc\u00ed d\u011bti,\u00a0 jsou pro n\u011b l\u016fz\u0159i a dezol\u00e1ti!<\/p>\n<p>Paradoxn\u011b i pro Cempera, Moravce, Pekarovou \u010di \u010cernochovou, Raku\u0161ana \u010di Fialu. Toto je jejich bo\u017esk\u00fd sv\u011bt a jejich svoboda. Nikoliv na\u0161e.<\/p>\n<p><strong>V\u011bdci a vzd\u011blan\u00e1 elita v\u010detn\u011b sportovc\u016f z Ruska sem nesm\u00ed,<\/strong>\u00a0zat\u00edmco perverzn\u00ed dno rusk\u00e9 spole\u010dnosti je zde\u00a0 br\u00e1no jako Raku\u0161anova a Fialova elita! A kdo dal\u0161\u00ed je jejich spole\u010dn\u00fd jmenovatel?<\/p>\n<p><span style=\"font-size: 18pt;\"><strong>Um\u011blec z Ruska v akci nazvan\u00e9 \u201eFixace\u201d: uct\u00edvan\u00fd na z\u00e1pad\u011b. Pro\u010d? Pat\u0159\u00ed pr\u00fd k Evropsk\u00fdm hodnot\u00e1m.<\/strong><\/span><\/p>\n<p><span class=\"c_bU\">Pavlenskij si demonstrativn\u011b se\u0161il rty, aby protestoval proti odsouzen\u00ed skupiny Pussy Riot za v\u0159\u00edsk\u00e1n\u00ed v moskevsk\u00e9m kostele, jako ozv\u011bnu \u010din\u016f Je\u017e\u00ed\u0161e Krista&#8220;. U\u0159\u00edzl si kus ucha a pak se\u00a0objevil nah\u00fd na centr\u00e1ln\u00edm n\u00e1m\u011bst\u00ed rusk\u00e9 metropole a p\u0159ibil si \u0161ourek k dla\u017eb\u011b. Protest &#8211; um\u011bn\u00ed z\u00e1padem ocen\u011bn\u00e9.<br \/>\n<\/span><\/p>\n<p><img decoding=\"async\" class=\"aligncenter\" src=\"https:\/\/www.skrytapravda.cz\/images\/blogy\/2951\/2022\/11listopad\/pavlenskij_e7237.webp\" alt=\"pavlenskij e7237\" \/><\/p>\n<p>V\u00e1\u017en\u011b je Pavlenskij a Pussy Riot takov\u00e1 ztr\u00e1ta pro Rusko a pro n\u00e1s v\u00edt\u011bzstv\u00ed?<\/p>\n<p>Pak\u00a0<strong>uprchl z Ruska, z\u00edskal politick\u00fd azyl ve Francii<\/strong>\u00a0na podzim 2017 a&#8230;<\/p>\n<p>A zap\u00e1lil vstupn\u00ed dve\u0159e francouzsk\u00e9 n\u00e1rodn\u00ed banky.<\/p>\n<p>Podporoval t\u00edm Pussy Riot a Evropsk\u00e9 hodnoty.<\/p>\n<p>Petr Pavlenskij n\u00e1sledn\u011b vyzval francouzsk\u00e9 \u00fa\u0159ady, aby banku Francie\u00a0p\u0159est\u011bhovaly z n\u00e1m\u011bst\u00ed Bastily jinam&#8230;<\/p>\n<p>Banku Pavlenskij zap\u00e1lil spole\u010dn\u011b se svou tehdej\u0161\u00ed dru\u017ekou Oxanou \u0160alyginovou, aby t\u00edm,\u00a0 jak \u0159ekl,\u00a0<strong>za\u017eehl revolu\u010dn\u00ed po\u017e\u00e1r po cel\u00e9m sv\u011bt\u011b.<\/strong><\/p>\n<p><strong>Byl 17.listopad 2022 a tato spole\u010dnost na pozv\u00e1n\u00ed<\/strong>\u00a0n\u011bkoho z okol\u00ed Petra Fialy, \u010cernochov\u00e9, Pekarov\u00e9, Cempera, V\u00e1clava Moravce, H\u0159iba a Jure\u010dky<strong>\u00a0ovl\u00e1dla V\u00e1clavsk\u00e9 n\u00e1m\u011bst\u00ed.<\/strong><\/p>\n<p>Nikoliv Pink Floyd, ale v\u0159\u00edskaj\u00edc\u00ed, perverzn\u00ed Pussy Riot. Pr\u00fd oslava student\u016f z roku 1939.<\/p>\n<p><span style=\"font-size: 18pt;\"><strong>Nakonec ve\u0159ejnopr\u00e1vn\u00ed V\u00e1clav Moravec z podia promluvil jako kazatel, \u017ee toto je ona spr\u00e1vn\u00e1 cesta k napraven\u00ed h\u0159\u00edch\u016f. \u00dasudek si ud\u011blejte sami&#8230;<\/strong><\/span><\/p>\n<\/div>\n<p><a href=\"https:\/\/www.skrytapravda.cz\/z-domova\/911-pro-fialy-a-vaclavy-moravce-je-lid-vodpad-pritom-si-pozvou-perverzni-pussy-riot-jako-nebeskou-manu-na-zvraceni\">Petr Pokorn\u00fd<\/a><\/p>\n<p>&nbsp;<\/p>\n","protected":false},"excerpt":{"rendered":"<p>Ku\u0159e v pochv\u011b, soulo\u017e t\u011bhotn\u00fdch na ve\u0159ejnosti, porno\u0161t\u011btky v\u0159\u00edskaj\u00edc\u00ed v kostele a kdo k nim&#8230;<\/p>\n","protected":false},"author":2,"featured_media":18579,"comment_status":"closed","ping_status":"closed","sticky":false,"template":"","format":"standard","meta":[],"categories":[6],"tags":[1481,274,535,3235,2737],"_links":{"self":[{"href":"https:\/\/www.infokuryr.cz\/n\/wp-json\/wp\/v2\/posts\/18577"}],"collection":[{"href":"https:\/\/www.infokuryr.cz\/n\/wp-json\/wp\/v2\/posts"}],"about":[{"href":"https:\/\/www.infokuryr.cz\/n\/wp-json\/wp\/v2\/types\/post"}],"author":[{"embeddable":true,"href":"https:\/\/www.infokuryr.cz\/n\/wp-json\/wp\/v2\/users\/2"}],"replies":[{"embeddable":true,"href":"https:\/\/www.infokuryr.cz\/n\/wp-json\/wp\/v2\/comments?post=18577"}],"version-history":[{"count":1,"href":"https:\/\/www.infokuryr.cz\/n\/wp-json\/wp\/v2\/posts\/18577\/revisions"}],"predecessor-version":[{"id":18580,"href":"https:\/\/www.infokuryr.cz\/n\/wp-json\/wp\/v2\/posts\/18577\/revisions\/18580"}],"wp:featuredmedia":[{"embeddable":true,"href":"https:\/\/www.infokuryr.cz\/n\/wp-json\/wp\/v2\/media\/18579"}],"wp:attachment":[{"href":"https:\/\/www.infokuryr.cz\/n\/wp-json\/wp\/v2\/media?parent=18577"}],"wp:term":[{"taxonomy":"category","embeddable":true,"href":"https:\/\/www.infokuryr.cz\/n\/wp-json\/wp\/v2\/categories?post=18577"},{"taxonomy":"post_tag","embeddable":true,"href":"https:\/\/www.infokuryr.cz\/n\/wp-json\/wp\/v2\/tags?post=18577"}],"curies":[{"name":"wp","href":"https:\/\/api.w.org\/{rel}","templated":true}]}}