{"id":18559,"date":"2022-11-21T06:01:57","date_gmt":"2022-11-21T05:01:57","guid":{"rendered":"http:\/\/www.infokuryr.cz\/n\/?p=18559"},"modified":"2022-11-21T06:33:02","modified_gmt":"2022-11-21T05:33:02","slug":"dan-z-ditete-asocialni-vlady-ceska-a-slovenska-mysli-jen-jak-by-lidem-jeste-vice-skodily","status":"publish","type":"post","link":"https:\/\/www.infokuryr.cz\/n\/2022\/11\/21\/dan-z-ditete-asocialni-vlady-ceska-a-slovenska-mysli-jen-jak-by-lidem-jeste-vice-skodily\/","title":{"rendered":"Da\u0148 z d\u00edt\u011bte! Asoci\u00e1ln\u00ed vl\u00e1dy \u010ceska a Slovenska mysl\u00ed jen, jak by lidem je\u0161t\u011b v\u00edce \u0161kodily!"},"content":{"rendered":"<div id=\"fb-root\"><\/div>\n<p><strong>\u010cesk\u00e1 vl\u00e1da Petra Fialy je spolkem bezcitn\u00fdch a nena\u017eran\u00fdch asoci\u00e1l\u016f. Dnes V\u00e1m vysv\u011btl\u00edme, pro\u010d!<\/strong><\/p>\n<p><a href=\"https:\/\/www.ansa.it\/sito\/notizie\/economia\/2022\/11\/20\/prezzi-alle-stelle-perugia-al-top-per-i-rincari-di-luce-e-gas_f55d4ff4-98d2-47c6-86ff-4349f4c41a7f.html\">P\u0159ed p\u00e1r dny italsk\u00e1 Unie Nazionale Consumatori spo\u010d\u00edtala<\/a>, \u017ee d\u00edky leto\u0161n\u00edmu zdra\u017een\u00ed cen potravin v It\u00e1lii o 13,5% bude muset Ital zaplatit o 761 EUR (19 025 CZK) za j\u00eddlo v\u00edce ne\u017e loni. A italsk\u00e1 vl\u00e1da, aby Ital\u016fm pomohla drahotu p\u0159e\u017e\u00edt, ozn\u00e1mila, \u017ee zru\u0161\u00ed v\u00fdb\u011br dan\u011b DPH z potravin! It\u00e1lie dosud vyb\u00edrala z potravin DPH ve v\u00fd\u0161i pouh\u00e1 4%!<\/p>\n<p><a href=\"https:\/\/www.e15.cz\/byznys\/potraviny\/ceny-potravin-prehledne-zdrazovani-zasahuje-vsechny-nejvic-si-priplati-milovnici-margarinu-1394181\">V \u010cesku letos potraviny zat\u00edm zdra\u017eily o 22%<\/a>!\u00a0<a href=\"https:\/\/www.kupnisila.cz\/sazby-dph\/\">Da\u0148 DPH na potraviny je v \u010cesku 15%<\/a>, o 11% vy\u0161\u0161\u00ed ne\u017e v It\u00e1lii! (<a href=\"https:\/\/demagog.cz\/vyrok\/21840\">Slovensko vyb\u00edr\u00e1 10%<\/a>!) Lidojed Fiala ov\u0161em ozn\u00e1mil, \u017ee da\u0148 na potraviny jeho vl\u00e1da sni\u017eovat v \u017e\u00e1dn\u00e9m p\u0159\u00edpad\u011b nebude! Ka\u017ed\u00e9 \u010desk\u00e9 d\u00edt\u011b tak m\u00e1 nad\u00e1le \u010desk\u00e9 vl\u00e1d\u011b ze sv\u00e9ho j\u00eddla platit nejvy\u0161\u0161\u00ed v\u00fdpaln\u00e9 v Evrop\u011b! Aby bylo na v\u00e1lku na Ukrajin\u011b. Aby bylo na zbrojn\u00ed programy madam \u010cernochov\u00e9.\u00a0<a href=\"https:\/\/www.parlamentnilisty.cz\/arena\/monitor\/Snemovna-schvalila-Bartosovu-agenturu-Mezitim-uz-bezi-piratske-vyberko-na-reditele-720956\">A aby m\u011bl Barto\u0161 na 140 tis\u00edcov\u00e9 platy pro sv\u00e9 nov\u00e9 \u00fa\u0159edn\u00edky-\u0161pehy- Pir\u00e1ty, kter\u00e9 voli\u010di vykrou\u017ekovali, aby se nedostali do Parlamentu<\/a>. (Podrobn\u011b o Barto\u0161ov\u011b pl\u00e1nu na \u00fa\u0159edn\u00edky-\u0161pehy s platem 123 tis\u00edc m\u011bs\u00ed\u010dn\u011b jsme informovali\u00a0<a href=\"https:\/\/www.michalapetr.com\/mip-154-mrazive-varovani-mezinarodni-energeticke-agentury-bankeri-sikelovi-a-eurokratum-shromazdenym-v-praze-putin-nabidl-evrope-zachranu\/\">u\u017e 13. \u0159\u00edjna v anal\u00fdze MIP 154<\/a>) Celkem za nov\u00e9 \u00fa\u0159edn\u00ed \u0161pehy hodl\u00e1 ministr Barto\u0161 utr\u00e1cet 1 miliardu ro\u010dn\u011b \u2013 tedy \u010d\u00e1stku, kterou p\u0159edstavuje ro\u010dn\u00ed v\u00fdpaln\u00e9 za z\u00e1kladn\u00ed potraviny vy\u017ed\u00edman\u00e9 Pir\u00e1ty a spol. od p\u016fl milionu \u010desk\u00fdch d\u011bt\u00ed!<\/p>\n<p><a href=\"https:\/\/www.soldioggi.it\/aliquote-iva-16579.html\">It\u00e1lie dokonce vyb\u00edr\u00e1 jen 4% DPH z nov\u00fdch byt\u016f, a z rekonstrukc\u00ed byt\u016f<\/a>! Fiala se ne\u0161t\u00edt\u00ed v dob\u011b, kdy zdra\u017euj\u00ed hypot\u00e9ky, a prvn\u00ed ne\u0161\u0165astn\u00edci u\u017e padaj\u00ed do dluhov\u00e9 pasti, proto\u017ee maj\u00ed probl\u00e9my se spl\u00e1cen\u00edm, a v dob\u011b, kdy lid\u00e9 nemaj\u00ed na bydlen\u00ed,\u00a0\u00a0<a href=\"https:\/\/www.centrumvytapeni.cz\/faq\/kdy-je-mozne-uplatnit-snizenou-sazbu-15-dph\/\">vyb\u00edrat 15% z ceny bytu nebo 20% za jeho rekonstrukci<\/a>! Hlavn\u011b, \u017ee<a href=\"https:\/\/www.idnes.cz\/zpravy\/domaci\/pirati-start-volebni-kampane-komunalni-volby-senat.A180520_123250_domaci_kop\">\u00a0Koala p\u0159ed volbami slibovala sn\u00ed\u017een\u00ed dan\u00ed na bydlen\u00ed<\/a>! Po volb\u00e1ch je v\u0161echno jinak, a m\u00edsto sn\u00ed\u017een\u00ed dan\u00ed bude Koala z v\u00fdpaln\u00e9ho na nov\u00e9 byty a rekonstrukce star\u00fdch byt\u016f\u00a0\u00a0<a href=\"https:\/\/www.seznamzpravy.cz\/clanek\/domaci-cesko-otevre-novy-urad-na-vychode-ukrajiny-kvuli-valecnym-zakazkam-214613\">rekonstruovat Ukrajinu\u00a0<\/a>a\u00a0<a href=\"https:\/\/www.seznamzpravy.cz\/clanek\/domaci-cesko-otevre-novy-urad-na-vychode-ukrajiny-kvuli-valecnym-zakazkam-214613\">platit nov\u00e9 \u00fa\u0159edn\u00edky<\/a>, kter\u00e9 se tam u\u017e chyst\u00e1 vyslat! Sumy jsou to astronomick\u00e9 \u2013 It\u00e1lie vybere od kupc\u016f z ka\u017ed\u00e9ho 1 milionu ceny postaven\u00e9ho bytu 40 000, ale Fiala 150 tis\u00edc! U rekonstrukce za milion Fiala kas\u00edruje dokonce 200 tis\u00edc! To v\u0161echno je vlastn\u011b v\u00fdpaln\u00e9 z d\u011bt\u00ed, proto\u017ee hlavn\u011b mlad\u00ed lid\u00e9 tou\u017e\u00edc\u00ed zalo\u017eit si rodinu pot\u0159ebuj\u00ed nal\u00e9hav\u011b koupit nov\u00fd byt, a nebo rekonstruovat star\u00fd byt! Fiala tak kas\u00edruje des\u00edtky miliard ro\u010dn\u011b z prodeje a rekonstrukc\u00ed byt\u016f, zdra\u017euje svou rekordn\u00ed inflac\u00ed hypot\u00e9ky, energie a potraviny. \u010c\u00edm v\u011bt\u0161\u00ed Drahota, t\u00edm v\u011bt\u0161\u00ed v\u00fdpaln\u00e9 ODS, Pir\u00e1ti, KD\u00da-\u010cSL a TOP-09 vyb\u00edraj\u00ed. \u0158e\u0161en\u00edm je proto sn\u00ed\u017eit dan\u011b, a osekat zbyte\u010dn\u00e9 st\u00e1tn\u00ed v\u00fddaje! Jedin\u011b tak rodiny s d\u011btmi p\u0159e\u017eij\u00ed sou\u010dasnou krizi.<\/p>\n<p>Od sou\u010dasn\u00e9 \u010desk\u00e9 vl\u00e1dy nem\u016f\u017eete \u010dekat sn\u00ed\u017een\u00ed dan\u011b z byt\u016f a z rekonstrukc\u00ed byt\u016f. Byl to toti\u017e Kalousek (TOP-09),\u00a0<a href=\"https:\/\/www.tzb-info.cz\/4621-osud-dph-u-stavebnich-praci-rozhodla-vladni-reforma\">kdo v \u010cesku dan\u011b za byty a rekonstrukce byt\u016f zv\u00fd\u0161il z p\u016fvodn\u00edch 5%<\/a>. Tehdy v roce 2008 Kalousek mazan\u011b vysv\u011btloval lidem, \u017ee se to mus\u00ed ud\u011blat, proto\u017ee v EU je zak\u00e1z\u00e1no m\u00edt na byty a rekonstrukce byt\u016f ni\u017e\u0161\u00ed sazbu DPH 5%! Jak vid\u00edte, op\u011bt plat\u00ed ok\u0159\u00eddlen\u00e9 heslo Bruxelae: Co je na v\u00fdchod\u011b EU zak\u00e1z\u00e1no, je na z\u00e1pad\u011b EU (v It\u00e1lii) dovoleno (4%DPH), kdy\u017e se to Z\u00e1padu vyplat\u00ed!<\/p>\n<p>Ka\u017ed\u00e9 \u010desk\u00e9 d\u00edt\u011b mus\u00ed nav\u00edc nena\u017eran\u00e9mu lidojedovi Fialovi ro\u010dn\u011b zaplatit v\u00fdpaln\u00e9 nejen za bydlen\u00ed, za energie, ale i za z\u00e1kladn\u00ed potraviny, to je za v\u00fdrobky z masa, ml\u00e9ka, brambor a mouky, kter\u00e9 nutn\u011b pot\u0159ebuje, aby mohlo vyr\u016fst! Ka\u017ed\u00e9 \u010desk\u00e9 d\u00edt\u011b tak ro\u010dn\u011b plat\u00ed Fialovi v\u00fdpaln\u00e9 za potraviny ve v\u00fd\u0161i 2000 CZK, a to d\u00edky 15% DPH, kter\u00e9 Fiala z t\u011bchto potravin vyb\u00edr\u00e1. Celkov\u011b tak z t\u011bchto z\u00e1kladn\u00edch potravin Fiala ro\u010dn\u011b vybere 21 miliard korun ode v\u0161ech \u010cech\u016f!<\/p>\n<p>A to se to potom cel\u00e9 fialov\u00e9 koale rozhazuje! T\u0159eba za jedin\u00fd den 31.\u0159\u00edjna, kdy koala juchala v Kyjev\u011b,\u00a0<a href=\"https:\/\/www.vlada.cz\/assets\/media-centrum\/aktualne\/Joint_Statement_UA-CZ.pdf\">tam vylet\u011blo na Ukrajinu z \u010desk\u00e9 st\u00e1tn\u00ed kasy 1,5 miliardy korun<\/a>!\u00a0<a href=\"https:\/\/www.denik.cz\/ekonomika\/petr-fiala-zastropovani-cen-potravin-20220930.html\">U\u017e 30. z\u00e1\u0159\u00ed Fiala ozn\u00e1mil \u010cech\u016fm<\/a>,\u00a0<em>\u017ee nebude ru\u0161it vyb\u00edr\u00e1n\u00ed DPH z potravin, proto\u017ee by to znamenalo men\u0161\u00ed p\u0159\u00edjmy do st\u00e1tn\u00edho rozpo\u010dtu, a tak by byla omezena mo\u017enost vl\u00e1dy pom\u00e1hat<\/em>! Tedy jak vysv\u011btli Fiala bez v\u00fdpaln\u00e9ho od d\u011bt\u00ed, by nebylo dost na kyjevsk\u00e9 juch\u00e1n\u00ed!<\/p>\n<p>Podle Fialova vysv\u011btlen\u00ed, tak mus\u00ed \u010desk\u00e9 d\u011bti platit ro\u010dn\u011b 2000 korun za da\u0148 DPH uvalenou na z\u00e1kladn\u00ed potraviny, proto\u017ee bez t\u00e9to dan\u011b by \u010desk\u00e1 vl\u00e1da nemohla nikomu pom\u00e1hat! Proto\u017ee stejn\u00e9 v\u00fdpaln\u00e9 ze z\u00e1kladn\u00edch potravin plat\u00ed v\u0161ichni \u010ce\u0161i \u2013 d\u016fchodci, invalid\u00e9, nezam\u011bstnan\u00ed, matky samo\u017eivitelky, a proto\u017ee z\u00e1kladn\u00ed potraviny konzumuj\u00ed hlavn\u011b chud\u0161\u00ed lid\u00e9, je tak jasn\u00e9, komu chce cel\u00e1 Fialov\u00e1 koala vyb\u00edr\u00e1n\u00edm v\u00fdpaln\u00e9ho z potravin pom\u00e1hat, a komu chce \u0161kodit!<\/p>\n<p><a href=\"https:\/\/www.parlamentnilisty.cz\/arena\/monitor\/Zbytky-ze-Snemovny-dejte-chudym-Pekarova-naridila-720346\">Zbytky ze sn\u011bmovn\u00edch hostin odneste chud\u00fdm, na\u0159\u00eddila parlamentn\u00edm kucha\u0159\u016fm<\/a>\u00a0Mark\u00e9ta Pekarov\u00e1-Adamov\u00e1, stejn\u011b jako sta\u0159\u00ed feud\u00e1lov\u00e9 h\u00e1zeli zbytky ze sv\u00fdch opulentn\u00edch \u017eranic \u0161a\u0161k\u016fm a ps\u016fm, aby se pobavili, jak spolu o j\u00eddlo z\u00e1pas\u00ed. \u017de by chud\u00fdm pomohla, t\u00edm \u017ee od nich p\u0159estane vyb\u00edrat v\u00fdpaln\u00e9 15 % z ceny z\u00e1kladn\u00edch potravin, ji ani nenapadne, proto\u017ee by u\u017e asi nezbylo ani na parlamentn\u00ed hostiny!<\/p>\n<p><a href=\"https:\/\/www.parlamentnilisty.cz\/politika\/politici-volicum\/Peksa-Pirati-Odmitame-snahy-Petra-Fialy-priblizit-ceskou-vladu-neofasisticke-vlade-Italie-719857\">Hlavn\u00ed \u010desk\u00fd Pir\u00e1t p\u0159ezd\u00edvan\u00fd \u201cPelme\u0148\u201d p\u0159ed p\u00e1r dny varoval Petra Fialu<\/a>, aby se nepokou\u0161el s novou italskou vl\u00e1dou Giorgie Meloni spolupracovat, proto\u017ee jsou to fa\u0161ist\u00e9, a proto\u017ee u\u017e te\u010f je (Pelme\u0148ovi a Pir\u00e1t\u016fm) jasn\u00e9, \u017ee Brat\u0159i It\u00e1lie premi\u00e9rky Giorgie Meloni maj\u00ed v pl\u00e1nu za ka\u017edou cenu podkop\u00e1vat evropsk\u00e9 hodnoty. Zru\u0161en\u00ed DPH na z\u00e1kladn\u00ed potraviny, kter\u00e9 zlevn\u00ed nezbytnou z\u00e1kladn\u00ed stravu pro chud\u0161\u00ed \u010cechy, a rodiny s d\u011btmi jsou typicky chud\u0161\u00ed \u010cechov\u00e9, je tak podle Pir\u00e1t\u016f fa\u0161istick\u00e1 politika, kter\u00e1 podkop\u00e1v\u00e1 evropsk\u00e9 hodnoty. No nedivte se potom, \u017ee Fiala odm\u00edt\u00e1 toto v\u00fdpaln\u00e9 ze \u017eivota \u010desk\u00fdch d\u011bt\u00ed zru\u0161it.<\/p>\n<p>\u010cesko m\u00e1 nejvy\u0161\u0161\u00ed DPH na z\u00e1kladn\u00ed potraviny (15%) v EU. It\u00e1lie ho pl\u00e1nuje ze 4% sn\u00ed\u017eit na 0%. Polsko tak\u00e9 m\u00e1 0% na z\u00e1kladn\u00ed potraviny. A dokonce i N\u011bmci maj\u00ed jen 7% na z\u00e1kladn\u00ed potraviny.\u00a0<a href=\"https:\/\/www.kurzy.cz\/zpravy\/667614-vlada-mela-usporny-tarif-zacilit--a-mohla-za-stejne-penize-jeste-navic-snizit-dph-na-potraviny\/#:~:text=Vl%C3%A1da%20by%20tak%20u%C5%A1et%C5%99ila%20p%C5%99es,sn%C3%AD%C5%BEen%C3%AD%20kone%C4%8Dn%C3%BDch%20cen%20v%20obchodech.\">Sn\u00ed\u017een\u00edm DPH u z\u00e1kladn\u00edch potravin na 0% pom\u016f\u017ee hlavn\u011b nejchud\u0161\u00edm lidem<\/a>. Je jednoduch\u00e9 na byrokracii. A jak uv\u00e1d\u00ed ekonomov\u00e9, tak\u00e9 pom\u016f\u017ee \u010desk\u00fdm zem\u011bd\u011blc\u016fm a v\u00fdrobc\u016fm potravin, proto\u017ee zv\u00fd\u0161\u00ed spot\u0159ebu dom\u00e1c\u00edch potravin. Pokud chce vl\u00e1da podporovat Ukrajinu, a\u0165 p\u0159estane nejd\u0159\u00edv vyb\u00edrat v\u00fdpaln\u00e9 ze \u017eivota \u010desk\u00fdch d\u011bt\u00ed. To je p\u0159ece jasn\u00e9!<\/p>\n<p><a href=\"https:\/\/www.soldioggi.it\/aliquote-iva-16579.html\">It\u00e1lie vyb\u00edr\u00e1 4% DPH nejen ze z\u00e1kladn\u00edch potravin<\/a>, v\u010detn\u011b ovoce a zeleniny, ale tak\u00e9 za j\u00eddlo v restaurac\u00edch a j\u00eddeln\u00e1ch, a hlavn\u011b za nov\u00fd byt nebo d\u016fm, pokud je postaven \u201cna venkov\u011b\u201d, a nebo pokud jde o \u201cprvn\u00ed koupi nemovitosti za \u017eivot\u201d. Fiala d\u0159e z lid\u00ed 15%! \u010ce\u0161i se pak div\u00ed pro\u010d maj\u00ed drah\u00e9 potraviny i byty! It\u00e1lie dokonce vyb\u00edr\u00e1 4% DPH tak\u00e9 z hnojiv a z krmiv pro zv\u00ed\u0159ata. \u010ce\u0161i mohou jen z\u00e1vid\u011bt, maj\u00ed ni\u017e\u0161\u00ed platy a vy\u0161\u0161\u00ed dan\u011b. \u0160koda, \u017ee politika nen\u00ed fotbal, vym\u011bnit Pekarovou-Adamovou za Meloni, by byl p\u0159estup roku, a \u010ce\u0161i by zase po letech mohli hr\u00e1t prvn\u00ed sv\u011btovou ligu, jako tomu bylo po v\u011bt\u0161inu minul\u00e9ho stolet\u00ed. Jen bychom se museli o Meloni nejsp\u00ed\u0161 porvat se Slov\u00e1ky, proto\u017ee ti by mohli na v\u00fdm\u011bnu nab\u00eddnout svoji prezidentku. A to je je\u0161t\u011b \u201ct\u011b\u017e\u0161\u00ed bruselsk\u00e1 v\u00e1ha\u201d.<\/p>\n<p><img decoding=\"async\" loading=\"lazy\" class=\"wp-image-1979 aligncenter\" src=\"https:\/\/www.michalapetr.com\/wp-content\/uploads\/2022\/11\/photo_2022-11-12_18-13-20.jpg\" sizes=\"(max-width: 600px) 100vw, 600px\" srcset=\"https:\/\/www.michalapetr.com\/wp-content\/uploads\/2022\/11\/photo_2022-11-12_18-13-20.jpg 600w, https:\/\/www.michalapetr.com\/wp-content\/uploads\/2022\/11\/photo_2022-11-12_18-13-20-212x300.jpg 212w, https:\/\/www.michalapetr.com\/wp-content\/uploads\/2022\/11\/photo_2022-11-12_18-13-20-498x705.jpg 498w, https:\/\/www.michalapetr.com\/wp-content\/uploads\/2022\/11\/photo_2022-11-12_18-13-20-450x637.jpg 450w\" alt=\"\" width=\"582\" height=\"824\" \/><\/p>\n<p>Rychlej\u0161\u00ed v\u0161ak je p\u0159ij\u00edt na demonstraci 26. listopadu, a po\u017eadovat sn\u00ed\u017een\u00ed DPH na z\u00e1kladn\u00ed potraviny, a na koupi prvn\u00edho bytu, a nebo na jeho rekonstrukci, a to na 5%! A t\u0159eba se najde i n\u011bjak\u00fd politik, kter\u00fd pochop\u00ed, \u017ee mlad\u00ed lid\u00e9 pot\u0159ebuj\u00ed byty, aby mohli m\u00edt d\u011bti! Politik, kter\u00fd sn\u00ed\u017een\u00ed t\u011bchto dan\u00ed bran\u00ed, ur\u010dit\u011b nem\u00e1 r\u00e1d d\u011bti! A takov\u00e9ho politika je lep\u0161\u00ed nevolit, proto\u017ee ten m\u00e1 r\u00e1d jenom sebe!<\/p>\n<p><img decoding=\"async\" loading=\"lazy\" class=\"wp-image-2059 aligncenter\" src=\"https:\/\/www.michalapetr.com\/wp-content\/uploads\/2022\/11\/photo_2022-11-19_09-08-18.jpg\" sizes=\"(max-width: 1280px) 100vw, 1280px\" srcset=\"https:\/\/www.michalapetr.com\/wp-content\/uploads\/2022\/11\/photo_2022-11-19_09-08-18.jpg 1280w, https:\/\/www.michalapetr.com\/wp-content\/uploads\/2022\/11\/photo_2022-11-19_09-08-18-300x214.jpg 300w, https:\/\/www.michalapetr.com\/wp-content\/uploads\/2022\/11\/photo_2022-11-19_09-08-18-1030x733.jpg 1030w, https:\/\/www.michalapetr.com\/wp-content\/uploads\/2022\/11\/photo_2022-11-19_09-08-18-768x547.jpg 768w, https:\/\/www.michalapetr.com\/wp-content\/uploads\/2022\/11\/photo_2022-11-19_09-08-18-260x185.jpg 260w, https:\/\/www.michalapetr.com\/wp-content\/uploads\/2022\/11\/photo_2022-11-19_09-08-18-705x502.jpg 705w, https:\/\/www.michalapetr.com\/wp-content\/uploads\/2022\/11\/photo_2022-11-19_09-08-18-450x320.jpg 450w\" alt=\"\" width=\"844\" height=\"601\" \/><\/p>\n<p>(K map\u011b) Ukrajina pr\u00fd soust\u0159edila p\u0159es 20 tis\u00edc voj\u00e1k\u016f, k ofenz\u00edv\u011b sm\u011brem na Melitopol, aby od\u0159\u00edzla Krym od Don\u011bcka. Tak\u00e9 je mo\u017en\u00e9, \u017ee Kyjev tato vojska soust\u0159edil, aby p\u0159ekazil mo\u017enou ruskou ofenz\u00edvu pod\u00e9l v\u00fdchodn\u00edho b\u0159ehu Dn\u011bpru na sever, proto\u017ee ta by od\u0159\u00edzla hlavn\u00ed ukrajinskou arm\u00e1du od z\u00e1sobov\u00e1n\u00ed. Kdo, co chyst\u00e1, se brzy uvid\u00ed. Rusov\u00e9 brilantn\u00edm \u00fastupem za Dn\u011bpr dok\u00e1zali, \u017ee maj\u00ed situaci na boji\u0161ti pod kontrolou. Ukrajinci prop\u00e1sli nejv\u011bt\u0161\u00ed p\u0159\u00edle\u017eitost v\u00e1lky \u2013 nahnat ustupuj\u00edc\u00ed Rusy do Dn\u011bpru, a nemaj\u00ed se \u010d\u00edm chlubit. Rusov\u00e9 rychlou p\u0159epravou 20 tis\u00edc voj\u00e1k\u016f s technikou p\u0159es velkou \u0159eku prakticky za jedinou noc, a beze ztr\u00e1t, dok\u00e1zali, \u017ee maj\u00ed dostate\u010dn\u00e9 p\u0159epravn\u00ed kapacity, aby Dn\u011bpr op\u011bt p\u0159ekro\u010dili zp\u011bt. Rusov\u00e9 pravd\u011bpodobn\u011b vyklidili Cherson z prost\u00e9ho d\u016fvodu \u2013 Putin u\u017e nechce \u017e\u00e1dn\u00fd dal\u0161\u00ed bitvou zni\u010den\u00fd Mariupol, proto\u017ee obnova zni\u010den\u00e9ho velkom\u011bsta stoj\u00ed stovky miliard. Bojovat a ni\u010dit p\u0159itom infrastrukturu, tak budou Rusov\u00e9 cht\u00edt z\u0159ejm\u011b hlavn\u011b na \u00fazem\u00ed, kter\u00e9 po v\u00e1lce nep\u0159ipadne Rusku. V\u00e1lka tak bude pro Ukrajinu je\u0161t\u011b v\u00edce ni\u010div\u011bj\u0161\u00ed.<\/p>\n<p>U\u017e p\u00e1r dn\u00ed zm\u00edt\u00e1 Rusko i Ukrajinu velk\u00fd skand\u00e1l. Nejprve se Ukrajinci pochlubili z\u00e1b\u011bry dronu, kter\u00e9 ukazovaly skupinu zabit\u00fdch rusk\u00fdch voj\u00e1k\u016f, kte\u0159\u00ed le\u017eeli s rukama za hlavou t\u011bsn\u011b vedle sebe.\u00a0<a href=\"https:\/\/twitter.com\/ArthurM40330824\/status\/1593522303714959361\">Jen\u017ee p\u0159ed dv\u011bma dny se objevilo ukrajinsk\u00e9 video<\/a>, kter\u00e9 nat\u00e1\u010deli sami voj\u00e1ci Ukrajiny, kte\u0159\u00ed voj\u00e1ky Ruska zajali, a na\u0159\u00eddili jim, aby si vedle sebe lehli, a dali si ruce za hlavu. A pak se ozve st\u0159elba! Kyjev nejnov\u011bji tvrd\u00ed, \u017ee le\u017e\u00edc\u00ed Rusov\u00e9 zajet\u00ed jen p\u0159edst\u00edrali,\u00a0<a href=\"https:\/\/www.novinky.cz\/clanek\/valka-na-ukrajine-ukrajinci-maji-rozkaz-brat-zajatce-kyjev-vysetruje-zabery-udajne-popravy-rusu-40415009\">a chystali se na Ukrajince za\u00fato\u010dit<\/a>! Inu, jak z historie zn\u00e1mo, i nacist\u00e9 po v\u00e1lce u soud\u016f tvrdili, \u017ee zajatce nepopravili, ale zast\u0159elili na \u00fat\u011bku!<\/p>\n<p><a href=\"https:\/\/www.michalapetr.com\/map-1515-dan-z-ditete-asocialni-vlady-ceska-a-slovenska-mysli-jen-jak-by-lidem-jeste-vice-skodily\/\">Michael Svato\u0161<\/a><\/p>\n<p>&nbsp;<\/p>\n","protected":false},"excerpt":{"rendered":"<p>\u010cesk\u00e1 vl\u00e1da Petra Fialy je spolkem bezcitn\u00fdch a nena\u017eran\u00fdch asoci\u00e1l\u016f. Dnes V\u00e1m vysv\u011btl\u00edme, pro\u010d! P\u0159ed&#8230;<\/p>\n","protected":false},"author":2,"featured_media":6914,"comment_status":"closed","ping_status":"closed","sticky":false,"template":"","format":"standard","meta":[],"categories":[6],"tags":[1042,236,245,29,371,99],"_links":{"self":[{"href":"https:\/\/www.infokuryr.cz\/n\/wp-json\/wp\/v2\/posts\/18559"}],"collection":[{"href":"https:\/\/www.infokuryr.cz\/n\/wp-json\/wp\/v2\/posts"}],"about":[{"href":"https:\/\/www.infokuryr.cz\/n\/wp-json\/wp\/v2\/types\/post"}],"author":[{"embeddable":true,"href":"https:\/\/www.infokuryr.cz\/n\/wp-json\/wp\/v2\/users\/2"}],"replies":[{"embeddable":true,"href":"https:\/\/www.infokuryr.cz\/n\/wp-json\/wp\/v2\/comments?post=18559"}],"version-history":[{"count":0,"href":"https:\/\/www.infokuryr.cz\/n\/wp-json\/wp\/v2\/posts\/18559\/revisions"}],"wp:featuredmedia":[{"embeddable":true,"href":"https:\/\/www.infokuryr.cz\/n\/wp-json\/wp\/v2\/media\/6914"}],"wp:attachment":[{"href":"https:\/\/www.infokuryr.cz\/n\/wp-json\/wp\/v2\/media?parent=18559"}],"wp:term":[{"taxonomy":"category","embeddable":true,"href":"https:\/\/www.infokuryr.cz\/n\/wp-json\/wp\/v2\/categories?post=18559"},{"taxonomy":"post_tag","embeddable":true,"href":"https:\/\/www.infokuryr.cz\/n\/wp-json\/wp\/v2\/tags?post=18559"}],"curies":[{"name":"wp","href":"https:\/\/api.w.org\/{rel}","templated":true}]}}