{"id":1853,"date":"2021-05-21T04:06:07","date_gmt":"2021-05-21T02:06:07","guid":{"rendered":"http:\/\/www.infokuryr.cz\/n\/?p=1853"},"modified":"2021-05-21T04:06:07","modified_gmt":"2021-05-21T02:06:07","slug":"prezident-cerne-hory-nekteri-lide-maji-spatne-umysly","status":"publish","type":"post","link":"https:\/\/www.infokuryr.cz\/n\/2021\/05\/21\/prezident-cerne-hory-nekteri-lide-maji-spatne-umysly\/","title":{"rendered":"Prezident \u010cern\u00e9 Hory: N\u011bkte\u0159\u00ed lid\u00e9 maj\u00ed \u0161patn\u00e9 \u00famysly"},"content":{"rendered":"<div id=\"fb-root\"><\/div>\n<p><strong>Prezident \u010cern\u00e9 Hory Milo Djukanovic na v\u00fdro\u010dn\u00ed tiskov\u00e9 konferenci kter\u00e1 se konala 19. kv\u011btna v Cetinji v \u010cern\u00e9 Ho\u0159e, ve\u0159ejn\u011b vyvr\u00e1til argument, \u017ee \u201e\u010c\u00edna vyu\u017e\u00edv\u00e1 p\u016fj\u010dky k roz\u0161\u00ed\u0159en\u00ed geopolitick\u00e9ho vlivu\u201c.<\/strong><\/p>\n<p>Pouk\u00e1zal na to, \u017ee b\u00fdval\u00e1 vl\u00e1da \u010cern\u00e9 Hory po\u017e\u00e1dala V\u00fdvozn\u011b-dovozn\u00ed banku \u010c\u00edny o \u00fav\u011bry na vybudov\u00e1n\u00ed prvn\u00ed rychlostn\u00ed silnice v zemi, co\u017e bylo v\u00fdsledkem pe\u010dliv\u00e9ho zv\u00e1\u017een\u00ed. Podm\u00ednky p\u016fj\u010dky V\u00fdvozn\u011b-dovozn\u00ed banky \u010c\u00edny byly v t\u00e9 dob\u011b lep\u0161\u00ed ne\u017e jin\u00e9 alternativy.<\/p>\n<p>\u201eMohu zodpov\u011bdn\u011b \u0159\u00edci, \u017ee jsme si vybrali \u00fav\u011br od V\u00fdvozn\u011b-dovozn\u00ed banky \u010c\u00edny ne kv\u016fli jemn\u00fdm v\u00fdhod\u00e1m, ale proto, \u017ee byla v mnoha ohledech nejlep\u0161\u00ed volbou pro \u010cernou Horu.\u201c<\/p>\n<p>Prezident Djukanovic dodal,<\/p>\n<p>\u201eN\u011bkte\u0159\u00ed lid\u00e9 maj\u00ed \u0161patn\u00e9 \u00famysly a jednaj\u00ed v rozporu s \u0159\u00e1dem. M\u00e1me d\u016fvod pochybovat o tom, zda to d\u011blaj\u00ed pro dobro \u010cern\u00e9 Hory, nebo cht\u011bj\u00ed, aby \u010cern\u00e1 Hora vypadala jako neudr\u017eiteln\u00fd ekonomick\u00fd syst\u00e9m, sna\u017e\u00ed se ot\u0159\u00e1st z\u00e1kladem ekonomiky \u010cern\u00e9 Hory, nebo dokonce cht\u011bj\u00ed zemi pod\u0159\u00eddit jin\u00fdm?\u201c<\/p>\n<p>Evropsk\u00fd parlament ned\u00e1vno p\u0159ijal zpr\u00e1vu o \u010cern\u00e9 Ho\u0159e, v n\u00ed\u017e se uv\u00e1d\u00ed, \u017ee za \u010d\u00ednsk\u00e9 p\u016fj\u010dky na d\u00e1lnice by m\u011bla odpov\u00eddat politick\u00e1 \u00farove\u0148 \u010cern\u00e9 Hory. Z\u00e1konod\u00e1rci EU uvedli, \u017ee kv\u016fli n\u00e1r\u016fstu ve\u0159ejn\u00e9ho dluhu \u010cern\u00e9 Hory, zejm\u00e9na kv\u016fli \u010d\u00ednsk\u00fdm p\u016fj\u010dk\u00e1m, je zem\u011b st\u00e1le k\u0159eh\u010d\u00ed. Podle zpr\u00e1vy \u201eza vysoce kontroverzn\u00ed \u010d\u00ednskou p\u016fj\u010dku na d\u00e1lnici by m\u011bl b\u00fdt zodpov\u011bdn\u00e1 politick\u00e1 \u00farove\u0148 \u010cern\u00e9 Hory.\u201c<\/p>\n<p><img decoding=\"async\" loading=\"lazy\" class=\"alignnone size-full wp-image-1185\" src=\"http:\/\/www.infokuryr.cz\/n\/wp-content\/uploads\/2021\/04\/kuryr-podpis.png\" alt=\"\" width=\"84\" height=\"24\" \/><\/p>\n<p>&nbsp;<\/p>\n","protected":false},"excerpt":{"rendered":"<p>Prezident \u010cern\u00e9 Hory Milo Djukanovic na v\u00fdro\u010dn\u00ed tiskov\u00e9 konferenci kter\u00e1 se konala 19. kv\u011btna v&#8230;<\/p>\n","protected":false},"author":2,"featured_media":1854,"comment_status":"closed","ping_status":"closed","sticky":false,"template":"","format":"standard","meta":[],"categories":[7],"tags":[413,30,59],"_links":{"self":[{"href":"https:\/\/www.infokuryr.cz\/n\/wp-json\/wp\/v2\/posts\/1853"}],"collection":[{"href":"https:\/\/www.infokuryr.cz\/n\/wp-json\/wp\/v2\/posts"}],"about":[{"href":"https:\/\/www.infokuryr.cz\/n\/wp-json\/wp\/v2\/types\/post"}],"author":[{"embeddable":true,"href":"https:\/\/www.infokuryr.cz\/n\/wp-json\/wp\/v2\/users\/2"}],"replies":[{"embeddable":true,"href":"https:\/\/www.infokuryr.cz\/n\/wp-json\/wp\/v2\/comments?post=1853"}],"version-history":[{"count":0,"href":"https:\/\/www.infokuryr.cz\/n\/wp-json\/wp\/v2\/posts\/1853\/revisions"}],"wp:featuredmedia":[{"embeddable":true,"href":"https:\/\/www.infokuryr.cz\/n\/wp-json\/wp\/v2\/media\/1854"}],"wp:attachment":[{"href":"https:\/\/www.infokuryr.cz\/n\/wp-json\/wp\/v2\/media?parent=1853"}],"wp:term":[{"taxonomy":"category","embeddable":true,"href":"https:\/\/www.infokuryr.cz\/n\/wp-json\/wp\/v2\/categories?post=1853"},{"taxonomy":"post_tag","embeddable":true,"href":"https:\/\/www.infokuryr.cz\/n\/wp-json\/wp\/v2\/tags?post=1853"}],"curies":[{"name":"wp","href":"https:\/\/api.w.org\/{rel}","templated":true}]}}