{"id":18479,"date":"2022-11-20T01:01:45","date_gmt":"2022-11-20T00:01:45","guid":{"rendered":"http:\/\/www.infokuryr.cz\/n\/?p=18479"},"modified":"2022-11-19T15:46:42","modified_gmt":"2022-11-19T14:46:42","slug":"i-predavani-verejne-dostupnych-informaci-je-v-nemecku-spionaz","status":"publish","type":"post","link":"https:\/\/www.infokuryr.cz\/n\/2022\/11\/20\/i-predavani-verejne-dostupnych-informaci-je-v-nemecku-spionaz\/","title":{"rendered":"I p\u0159ed\u00e1v\u00e1n\u00ed ve\u0159ejn\u011b dostupn\u00fdch informac\u00ed je v N\u011bmecku \u0161pion\u00e1\u017e"},"content":{"rendered":"<div id=\"fb-root\"><\/div>\n<div><span style=\"font-size: 18pt;\"><strong>N\u011bmeck\u00e1 m\u00e9dia uv\u00e1d\u011bj\u00ed, \u017ee z\u00e1lo\u017en\u00ed d\u016fstojn\u00edk Bundeswehru byl podm\u00edn\u011bn\u011b odsouzen za \u0161pion\u00e1\u017e pro Rusko.\u00a0O co \u0161lo a pro\u010d jde o politicky motivovan\u00fd rozsudek.<\/strong><\/span><\/div>\n<div class=\"article__content\">\n<p><span>Der Spiegel informuje v \u010dl\u00e1nku s titulkem \u201e\u00a0<\/span><a href=\"https:\/\/www.spiegel.de\/politik\/deutschland\/spionage-fuer-russland-gericht-verhaengt-bewaehrungsstrafe-gegen-reserveoffizier-der-bundeswehr-a-c70a877f-e1f1-4a46-b343-c43a9e7da065\" target=\"_blank\" rel=\"noreferrer noopener\"><span>\u0160pion\u00e1\u017e pro Rusko \u2013 soud uvaluje podm\u00edn\u011bn\u00fd trest z\u00e1lo\u017en\u00edmu d\u016fstojn\u00edkovi Bundeswehru<\/span><\/a><span>\u00a0\u201c o odsouzen\u00ed \u201erusk\u00e9ho \u0161pi\u00f3na\u201c.\u00a0\u010cl\u00e1nek Spiegelu je v\u0161ak pom\u011brn\u011b kr\u00e1tk\u00fd a neobsahuje t\u00e9m\u011b\u0159 \u017e\u00e1dn\u00e9 informace o p\u0159\u00edpadu.\u00a0V \u00favodu \u010dl\u00e1nku se \u010dten\u00e1\u0159 dozv\u00ed:<\/span><\/p>\n<p><em><strong>\u201e\u0160esta\u0161edes\u00e1tilet\u00fd b\u00fdval\u00fd z\u00e1lo\u017en\u00edk pr\u00fd roky p\u0159ed\u00e1val Rusku informace \u2013 o z\u00e1lo\u017e\u00e1c\u00edch, sankc\u00edch EU a kybernetick\u00e9m sektoru.\u00a0Nyn\u00ed byl odsouzen na 21 m\u011bs\u00edc\u016f podm\u00edn\u011bn\u011b.&#8220;<\/strong><\/em><\/p>\n<p><span>Samoz\u0159ejm\u011b to zn\u00ed jako solidn\u00ed p\u0159\u00edpad \u0161pion\u00e1\u017ee, zvl\u00e1\u0161t\u011b kdy\u017e \u010dl\u00e1nek Spiegel tak\u00e9 odhaluje:<\/span><\/p>\n<p><em><strong>\u201eMu\u017e z Erkrath u D\u00fcsseldorfu, kter\u00fd byl mezit\u00edm propu\u0161t\u011bn, roky poskytoval rusk\u00e9 tajn\u00e9 slu\u017eb\u011b GRU informace \u2013 mimo jin\u00e9 o z\u00e1lo\u017en\u00edc\u00edch Bundeswehru, dopadech sankc\u00ed EU proti Rusku a kybernetick\u00e9m sektoru.<br \/>\n<\/strong><\/em><br \/>\n<em><strong>Vedl ho \u201eextr\u00e9mn\u011b prorusk\u00fd postoj a touha st\u00e1t se popul\u00e1rn\u00edm a d\u016fle\u017eit\u00fdm mezi rusk\u00fdm vojensk\u00fdm person\u00e1lem,\u201c uvedl p\u0159edsedaj\u00edc\u00ed soudce.\u00a0T\u00edm souhlasil s po\u0161kozov\u00e1n\u00edm z\u00e1jm\u016f Spolkov\u00e9 republiky a USA.\u201c<\/strong><\/em><\/p>\n<p><span>Poskytov\u00e1n\u00ed informac\u00ed \u201e\u00a0<\/span><em><span>o z\u00e1lo\u017en\u00edm syst\u00e9mu Bundeswehru<\/span><\/em><span>\u00a0\u201c az \u201e\u00a0<\/span><em><span>kybernetick\u00e9 oblasti<\/span><\/em><span>\u00a0\u201c do jin\u00e9 zem\u011b je skute\u010dn\u011b \u0161pion\u00e1\u017e, pokud se jedn\u00e1 o utajovan\u00e9 informace.\u00a0To, \u017ee \u201e\u0161pion\u201c z\u00e1m\u011brn\u011b akceptoval po\u0161kozov\u00e1n\u00ed z\u00e1jm\u016f Spolkov\u00e9 republiky N\u011bmecko a USA, je v dne\u0161n\u00ed dob\u011b tak\u00e9 neodpustiteln\u00e9.\u00a0\u010cten\u00e1\u0159 Spiegelu se pr\u00e1vem zlob\u00ed, kdy\u017e n\u011bco takov\u00e9ho \u010dte.<\/span><\/p>\n<h3><span style=\"font-size: 18pt;\">Co se skute\u010dn\u011b stalo<\/span><\/h3>\n<p><span>O co vlastn\u011b jde, se \u010dten\u00e1\u0159 Spiegelu dozv\u00ed a\u017e v posledn\u00edm odstavci \u010dl\u00e1nku.\u00a0Toto je obl\u00edben\u00e9 za\u0159\u00edzen\u00ed Spiegelu, proto\u017ee Spiegel nejprve podn\u011bcuje po\u017eadovan\u00e9 vypr\u00e1v\u011bn\u00ed \u2013 v tomto p\u0159\u00edpad\u011b \u0161lo o rusk\u00e9ho \u0161pi\u00f3na \u2013 aby v posledn\u00edm odstavci odhalil alespo\u0148 trochu pravdy.\u00a0Posledn\u00ed odstavec \u010dl\u00e1nku Spiegel zn\u00ed:<\/span><\/p>\n<p><em><strong>\u201eN\u011bmeck\u00fd obh\u00e1jce po\u017eadoval zpro\u0161t\u011bn\u00ed ob\u017ealoby.\u00a0\u017d\u00e1dn\u00e1 z p\u0159ed\u00e1van\u00fdch informac\u00ed nebyla tajn\u00e1, ale v\u0161e bylo ve\u0159ejn\u011b dostupn\u00e9.\u00a0Ob\u017ealovan\u00fd pln\u011b p\u0159ipustil, \u017ee dokumenty byly zasl\u00e1ny rusk\u00e9mu vojensk\u00e9mu ata\u0161\u00e9.<\/strong><\/em><\/p>\n<p><span>Jednodu\u0161e \u0159e\u010deno: \u201ezlo\u010din\u201c odsouzen\u00e9ho spo\u010d\u00edv\u00e1 v p\u0159ed\u00e1n\u00ed ve\u0159ejn\u011b dostupn\u00fdch informac\u00ed pracovn\u00edkovi rusk\u00e9 ambas\u00e1dy.\u00a0Nic, co mu\u017e p\u0159edal, nebylo tajn\u00e9!<\/span><\/p>\n<p><span>Tak\u017ee v o\u010d\u00edch tohoto n\u011bmeck\u00e9ho soudu u\u017e je zlo\u010dinn\u00e1 \u0161pion\u00e1\u017e, kdy\u017e n\u011bco najdete na internetu a po\u0161lete to emailem zam\u011bstnanci rusk\u00e9 ambas\u00e1dy.\u00a0A pokud m\u00e1te tak\u00e9 &#8220;\u00a0<\/span><em><span>extr\u00e9mn\u011b prorusk\u00fd postoj<\/span><\/em><span>\u00a0&#8222;, jste jednou nohou ve v\u011bzen\u00ed.<\/span><\/p>\n<h3><span style=\"font-size: 18pt;\">Co \u010dten\u00e1\u0159i Spiegelu neza\u017eij\u00ed<\/span><\/h3>\n<p><span>Proto\u017ee \u010dl\u00e1nek Spiegel neobsahuje \u017e\u00e1dn\u00e9 dal\u0161\u00ed informace, mus\u00edte znovu zkontrolovat RT-DE.\u00a0RT-DE se p\u0159\u00edpadem zab\u00fdvala podrobn\u011bji, p\u0159i\u010dem\u017e\u00a0<\/span><a href=\"https:\/\/deutsch.rt.com\/inland\/154867-extrem-russlandfreundliche-einstellung-vertiebsleiter-us-firma-wegen-spionage-verurteilt\/\" target=\"_blank\" rel=\"noreferrer noopener\"><span>\u010dl\u00e1nek RT-DE<\/span><\/a><span>\u00a0potvrzuje v\u0161e, co Der Spiegel uv\u00e1d\u00ed.\u00a0\u201eRu\u0161t\u00ed propagandist\u00e9\u201c tedy \u0159\u00edkaj\u00ed pravdu, ale zve\u0159ej\u0148uj\u00ed dal\u0161\u00ed podrobnosti.\u00a0Je pochopiteln\u00e9, \u017ee to Der Spiegel neud\u011blal, proto\u017ee podrobnosti ukazuj\u00ed, \u017ee odsouzen\u00ed je je\u0161t\u011b absurdn\u011bj\u0161\u00ed.<\/span><\/p>\n<p><span>O tom, jak se nyn\u00ed odsouzen\u00fd mu\u017e dostal do kontaktu s ruskou ambas\u00e1dou, p\u00ed\u0161e RT-DE:<\/span><\/p>\n<p><strong><em>\u201eBundeswehr umo\u017enil nav\u00e1z\u00e1n\u00ed kontaktu pozv\u00e1n\u00edm vojensk\u00e9ho ata\u0161\u00e9, kter\u00fd je podle feder\u00e1ln\u00ed prokuratury tajn\u00fdm agentem GRU, na \u201eples vzdu\u0161n\u00fdch sil\u201c v \u200b\u200b\u00fanoru 2014.\u00a0Tam se oba mu\u017ei setkali.\u00a0N\u00e1sledovaly roky sd\u00edlen\u00ed informac\u00ed, v\u011bt\u0161inou prost\u0159ednictv\u00edm e-mailu.\u201c<\/em><\/strong><\/p>\n<p><span>Nev\u00edme, jestli je Rus agentem GRU, je to jen tvrzen\u00ed st\u00e1tn\u00edho zastupitelstv\u00ed.\u00a0Je to ale docela dob\u0159e mo\u017en\u00e9, v\u017edy\u0165 vojen\u0161t\u00ed p\u0159id\u011blenci na n\u011bmeck\u00fdch ambas\u00e1d\u00e1ch v zahrani\u010d\u00ed jsou minim\u00e1ln\u011b ve velmi \u00fazk\u00e9m kontaktu s n\u011bmeckou tajnou slu\u017ebou, co\u017e pr\u00e1ce vojensk\u00e9ho p\u0159id\u011blence obn\u00e1\u0161\u00ed.\u00a0To plat\u00ed pro vojensk\u00e9 ata\u0161\u00e9 v\u0161ech zem\u00ed \u2013 v\u0161ichni maj\u00ed \u00fazk\u00e9 vazby na tajn\u00e9 slu\u017eby sv\u00fdch zem\u00ed.\u00a0\u010clov\u011bk by si m\u011bl polo\u017eit ot\u00e1zku, je-li to pro n\u011bmeck\u00e9 z\u00e1jmy tak zavr\u017een\u00edhodn\u00e9 a nebezpe\u010dn\u00e9, pro\u010d Bundeswehr pozval na \u201eples letectva\u201c rusk\u00e9ho agenta.<\/span><\/p>\n<p><span>Odsouzen\u00fd pot\u00e9 za\u010dal e-mailem pos\u00edlat rusk\u00e9mu vojensk\u00e9mu ata\u0161\u00e9 informace, kter\u00e9 \u2013 opakuji, pro jistotu \u2013 byly ve\u0159ejn\u011b dostupn\u00e9.\u00a0Jak m\u016f\u017eete vid\u011bt nap\u0159\u00edklad z publikac\u00ed rusk\u00e9ho ministerstva zahrani\u010dn\u00edch v\u011bc\u00ed, Rusko m\u00e1 vynikaj\u00edc\u00ed analytiky, kte\u0159\u00ed jsou si v\u011bdomi ve\u0159ejn\u011b dostupn\u00fdch informac\u00ed, kter\u00e9 m\u011b znovu a znovu p\u0159ekvapuj\u00ed.\u00a0D\u00e1 se tedy p\u0159edpokl\u00e1dat, \u017ee to, co odsouzen\u00fd poslal na ruskou ambas\u00e1du, v\u011bd\u011bli u\u017e v Moskv\u011b.\u00a0Z DT-DE se dozv\u00edd\u00e1me, \u017ee tomu tak mohlo b\u00fdt ve skute\u010dnosti:<\/span><\/p>\n<p><em><strong>&#8222;Aktivity tajn\u00fdch slu\u017eeb Erkratheru se zastavily ne proto, \u017ee byly odhaleny, ale kv\u016fli nez\u00e1jmu ze strany rusk\u00e9 strany po person\u00e1ln\u00ed zm\u011bn\u011b.&#8220;<\/strong><\/em><\/p>\n<h3><span style=\"font-size: 18pt;\">Co je dnes v N\u011bmecku &#8222;\u0161pion\u00e1\u017e&#8220;<\/span><\/h3>\n<p><span>M\u00e1me tedy p\u0159\u00edpad, kdy n\u011bkdo, kdo je naklon\u011bn\u00fd Rusku, po\u0161le e-mailem zam\u011bstnanci rusk\u00e9 ambas\u00e1dy ve\u0159ejn\u011b dostupn\u00e9 informace, kter\u00e9 jsou v Rusku zjevn\u011b zn\u00e1m\u00e9 a nikoho tedy nezaj\u00edmaj\u00ed.\u00a0V RT-DE sly\u0161\u00edme toto hodnocen\u00ed soudu:<\/span><\/p>\n<p><em><strong>\u201eObh\u00e1jce ob\u017ealovan\u00e9ho \u017e\u00e1dal zpro\u0161t\u011bn\u00ed ob\u017ealoby.\u00a0P\u0159ed\u00e1van\u00e9 informace nebyly tajn\u00e9, ale v\u0161echny ve\u0159ejn\u011b dostupn\u00e9.\u00a0Soud v\u0161ak shledal, \u017ee to na trestn\u00ed odpov\u011bdnosti nic nem\u011bn\u00ed.\u201c<\/strong><\/em><\/p>\n<p><span>Co p\u0159esn\u011b na tom m\u00e1 b\u00fdt trestn\u00e9?\u00a0Podle soudu je odpov\u011b\u010f:<\/span><\/p>\n<p><em><strong>\u201eMu\u017e p\u0159edal pap\u00edry o kybernetick\u00fdch schopnostech Bundeswehru, o plynovodu Nord Stream 2 z Ruska do N\u011bmecka a studii o evropsk\u00e9m zbrojn\u00edm sektoru, a\u010dkoli byl jako z\u00e1lo\u017en\u00ed d\u016fstojn\u00edk ka\u017edoro\u010dn\u011b p\u00edsemn\u011b varov\u00e1n p\u0159ed \u0161pion\u00e1\u017e\u00ed ciz\u00edch zpravodajsk\u00fdch slu\u017eeb. ..<br \/>\n<\/strong><\/em><br \/>\n<em><strong>Jako zam\u011bstnanec americk\u00e9 spole\u010dnosti byl je\u0161t\u011b senzibiln\u011bj\u0161\u00ed.\u00a0P\u0159esto akceptoval po\u0161kozov\u00e1n\u00ed z\u00e1jm\u016f Spolkov\u00e9 republiky a USA.\u201c<\/strong><\/em><\/p>\n<p><span>Byl varov\u00e1n p\u0159ed \u201e\u00a0<\/span><em><span>\u0161pion\u00e1\u017e\u00ed ciz\u00edch zpravodajsk\u00fdch slu\u017eeb<\/span><\/em><span>\u00a0\u201c a proto\u017ee pracoval pro americkou spole\u010dnost, kontakt s Rusem je pr\u00fd je\u0161t\u011b hor\u0161\u00ed.\u00a0Co p\u0159esn\u011b se trest\u00e1?\u00a0\u017de p\u0159ed\u00e1val ve\u0159ejn\u011b dostupn\u00e9 informace, o kter\u00fdch se v Rusku zjevn\u011b v\u011bd\u011blo, jak ukazuje nez\u00e1jem Ruska pokra\u010dovat v kontaktu s odsouzen\u00fdm.<\/span><\/p>\n<h3><span style=\"font-size: 18pt;\">Nemluvte s Rusy!<\/span><\/h3>\n<p><span>Mimochodem, Tagesschau si mysl\u00ed, \u017ee tato v\u011bta je v po\u0159\u00e1dku, jak se tak\u00e9 dozv\u00edd\u00e1me z RT-DE:<\/span><\/p>\n<p><em><strong>Tagesschau zd\u016fraznil, \u017ee ob\u017ealovan\u00fd p\u0159ed\u00e1val informace o ztr\u00e1t\u00e1ch zam\u011bstn\u00e1n\u00ed v d\u016fsledku sankc\u00ed, a citoval tak\u00e9 sv\u011bdectv\u00ed soudce, kter\u00e9 nazna\u010duje, co tento soud ji\u017e pova\u017euje za \u0161pion\u00e1\u017e.<br \/>\n<\/strong><\/em><br \/>\n<em><strong>&#8222;Poskytoval v\u0161ak ur\u010dit\u00fd druh slu\u017eby &#8211; shroma\u017e\u010foval informace, p\u0159isp\u00edval sv\u00fdmi odborn\u00fdmi znalostmi a tak\u00e9 poskytoval n\u00e1zory a osobn\u00ed informace,&#8220; odpov\u011bd\u011bl soudce van Lessen.\u00a0&#8222;Tyto informace byly \u00fadajn\u011b vhodn\u00e9 pro pou\u017eit\u00ed rusk\u00e9mu vys\u00edl\u00e1n\u00ed Russia Today.&#8220;<\/strong><\/em><\/p>\n<p><span>RT-DE pak zcela spr\u00e1vn\u011b poukazuje na to, \u017ee tento rozsudek v\u00fdznamn\u011b roz\u0161\u00ed\u0159il definici toho, co je nyn\u00ed v N\u011bmecku klasifikov\u00e1no jako zlo\u010dinn\u00e1 \u0161pion\u00e1\u017e:<\/span><\/p>\n<p><em><strong>\u201eTak\u017ee v podstat\u011b ka\u017ed\u00e9 intelektu\u00e1ln\u00ed \u00fasil\u00ed, pokud obsahuje kritick\u00e9 n\u00e1zory a mohlo by b\u00fdt zve\u0159ejn\u011bno nap\u0159\u00edklad na webu RT DE, by mohlo b\u00fdt vykl\u00e1d\u00e1no jako \u0161pion\u00e1\u017e.\u00a0Pod tuto definici m\u016f\u017ee spadat i udr\u017eov\u00e1n\u00ed soci\u00e1ln\u00edch kontakt\u016f a v\u00fdm\u011bna informac\u00ed.<\/strong><\/em><\/p>\n<p><span>D\u00e1vejte si proto pozor, s k\u00fdm mluv\u00edte!\u00a0Pokud mluv\u00edte s Rusy, nebo dokonce s n\u011bk\u00fdm, kdo m\u00e1 kontakty s RT-DE, a z\u00e1rove\u0148 mluv\u00edte kriticky o politice n\u011bmeck\u00e9 vl\u00e1dy a vyjad\u0159ujete k n\u00ed sv\u00e9 vlastn\u00ed my\u0161lenky nebo anal\u00fdzy, pak v dne\u0161n\u00edm N\u011bmecku u\u017e jste jednou nohou ve v\u011bzen\u00ed!<\/span><\/p>\n<\/div>\n<p><a href=\"https:\/\/www.anti-spiegel.ru\/2022\/schon-die-weitergabe-von-oeffentlich-zugaenglichen-infos-ist-in-deutschland-spionage\/\">Thomas R\u00f6per<\/a><\/p>\n<p>&nbsp;<\/p>\n","protected":false},"excerpt":{"rendered":"<p>N\u011bmeck\u00e1 m\u00e9dia uv\u00e1d\u011bj\u00ed, \u017ee z\u00e1lo\u017en\u00ed d\u016fstojn\u00edk Bundeswehru byl podm\u00edn\u011bn\u011b odsouzen za \u0161pion\u00e1\u017e pro Rusko.\u00a0O co&#8230;<\/p>\n","protected":false},"author":2,"featured_media":2340,"comment_status":"closed","ping_status":"closed","sticky":false,"template":"","format":"standard","meta":[],"categories":[7],"tags":[3842,520,324,3427],"_links":{"self":[{"href":"https:\/\/www.infokuryr.cz\/n\/wp-json\/wp\/v2\/posts\/18479"}],"collection":[{"href":"https:\/\/www.infokuryr.cz\/n\/wp-json\/wp\/v2\/posts"}],"about":[{"href":"https:\/\/www.infokuryr.cz\/n\/wp-json\/wp\/v2\/types\/post"}],"author":[{"embeddable":true,"href":"https:\/\/www.infokuryr.cz\/n\/wp-json\/wp\/v2\/users\/2"}],"replies":[{"embeddable":true,"href":"https:\/\/www.infokuryr.cz\/n\/wp-json\/wp\/v2\/comments?post=18479"}],"version-history":[{"count":0,"href":"https:\/\/www.infokuryr.cz\/n\/wp-json\/wp\/v2\/posts\/18479\/revisions"}],"wp:featuredmedia":[{"embeddable":true,"href":"https:\/\/www.infokuryr.cz\/n\/wp-json\/wp\/v2\/media\/2340"}],"wp:attachment":[{"href":"https:\/\/www.infokuryr.cz\/n\/wp-json\/wp\/v2\/media?parent=18479"}],"wp:term":[{"taxonomy":"category","embeddable":true,"href":"https:\/\/www.infokuryr.cz\/n\/wp-json\/wp\/v2\/categories?post=18479"},{"taxonomy":"post_tag","embeddable":true,"href":"https:\/\/www.infokuryr.cz\/n\/wp-json\/wp\/v2\/tags?post=18479"}],"curies":[{"name":"wp","href":"https:\/\/api.w.org\/{rel}","templated":true}]}}