{"id":18473,"date":"2022-11-19T06:28:12","date_gmt":"2022-11-19T05:28:12","guid":{"rendered":"http:\/\/www.infokuryr.cz\/n\/?p=18473"},"modified":"2022-11-19T06:28:12","modified_gmt":"2022-11-19T05:28:12","slug":"varsava-navrhla-zelenskemu-prestante-mluvit-o-ruskem-utoku-na-polsko","status":"publish","type":"post","link":"https:\/\/www.infokuryr.cz\/n\/2022\/11\/19\/varsava-navrhla-zelenskemu-prestante-mluvit-o-ruskem-utoku-na-polsko\/","title":{"rendered":"Var\u0161ava navrhla Zelensk\u00e9mu: P\u0159esta\u0148te mluvit o rusk\u00e9m \u00fatoku na Polsko"},"content":{"rendered":"<div id=\"fb-root\"><\/div>\n<p class=\"lead\"><span>Var\u0161ava doporu\u010dila, aby ukrajinsk\u00fd prezident Volodymyr Zelenskyj p\u0159estal obvi\u0148ovat Moskvu z raketov\u00e9ho \u00fatoku na Polsko, proto\u017ee nevina Ruska je ji\u017e ka\u017ed\u00e9mu z\u0159ejm\u00e1.\u00a0Dnes, 18. listopadu, to \u0159ekl rusk\u00fd velvyslanec v Polsku Sergej Andrejev ve vys\u00edl\u00e1n\u00ed televizn\u00edho kan\u00e1lu Rossija-24.<\/span><\/p>\n<p><em><strong>&#8222;V Polsku nyn\u00ed doporu\u010duj\u00ed Zelensk\u00e9mu, aby p\u0159estal vyv\u00edjet tlak na to, \u017ee to (p\u00e1d rakety v Polsku) byl \u00fadajn\u011b rusk\u00fd \u00fatok, proto\u017ee u\u017e je jasn\u00e9, \u017ee tomu tak nen\u00ed,&#8220;<span class=\"after-quote\">\u00a0poznamenal diplomat.<\/span><\/strong><\/em><\/p>\n<p><span>\u0158ekl tak\u00e9, \u017ee nyn\u00ed v Polsku \u010dasto doch\u00e1z\u00ed v bl\u00edzkosti rusk\u00fdch mis\u00ed k r\u016fzn\u00fdm druh\u016fm incident\u016f, ale \u201ejde v\u011bt\u0161inou o drobn\u00e9 epizody\u201c.<\/span><\/p>\n<p><span>P\u0159ipome\u0148me, \u017ee d\u0159\u00edv\u011bj\u0161\u00ed asistent prezidenta Spojen\u00fdch st\u00e1t\u016f pro n\u00e1rodn\u00ed bezpe\u010dnost\u00a0<\/span><strong><span>Jake Sullivan<\/span><\/strong><span>\u00a0doporu\u010doval Zelensk\u00e9mu, aby byl p\u0159i komentov\u00e1n\u00ed \u201eraketov\u00e9ho incidentu\u201c v Polsku opatrn\u011bj\u0161\u00ed.\u00a0Zelenskyj tvrdil, \u017ee raketa, kter\u00e1 spadla v Polsku, byla rusk\u00e1, a incident ozna\u010dil za eskalaci.<\/span><\/p>\n<p><span>V noci na 16. listopadu byl na polsk\u00e9 ministerstvo zahrani\u010dn\u00edch v\u011bc\u00ed p\u0159edvol\u00e1n rusk\u00fd velvyslanec v zemi\u00a0<\/span><strong><span>Sergej Andrejev<\/span><\/strong><span>\u00a0, kter\u00e9mu byla p\u0159ed\u00e1na n\u00f3ta kv\u016fli incidentu s raketou na v\u00fdchod\u011b republiky.\u00a0V n\u00f3t\u011b podle diplomata bylo uvedeno, \u017ee na \u00fazem\u00ed Polska dopadla st\u0159ela rusk\u00e9 v\u00fdroby, a obsahovala po\u017eadavek \u201eposkytnout okam\u017eit\u00e9 vysv\u011btlen\u00ed\u201c.<\/span><\/p>\n<p><span>15. listopadu spadla raketa ve vesnici Przewodow (Lublinsk\u00e9 vojvodstv\u00ed), kter\u00e1 se nach\u00e1z\u00ed ve v\u00fdchodn\u00edm Polsku na hranici s Ukrajinou, a zabila dva lidi.\u00a0Podle polsk\u00e9ho prezidenta\u00a0<\/span><strong><span>Andrzeje Dudy<\/span><\/strong><span>\u00a0ne\u0161lo o \u00famysln\u00fd \u00fatok na jeho zemi.\u00a0Jak bylo zji\u0161t\u011bno ve Var\u0161av\u011b, s nejv\u011bt\u0161\u00ed pravd\u011bpodobnost\u00ed protiletadlov\u00e1 st\u0159ela typu S-300 vyroben\u00e1 v 70. letech 20. stolet\u00ed byla pou\u017e\u00edv\u00e1na ukrajinsk\u00fdmi silami protiraketov\u00e9 obrany \/ PVO.<\/span><\/p>\n<p><span>Rusk\u00e9 ministerstvo obrany ozna\u010dilo prohl\u00e1\u0161en\u00ed polsk\u00fdch m\u00e9di\u00ed a p\u0159edstavitel\u016f o p\u00e1du \u00fadajn\u011b rusk\u00fdch raket za provokaci.\u00a0Vojensk\u00e9 odd\u011blen\u00ed zd\u016fraznilo, \u017ee v bl\u00edzkosti ukrajinsko-polsk\u00e9 hranice nedo\u0161lo k \u017e\u00e1dn\u00fdm \u00fader\u016fm rusk\u00fdch zbran\u00ed.<\/span><\/p>\n<p><img decoding=\"async\" loading=\"lazy\" class=\"alignnone size-full wp-image-1185\" src=\"http:\/\/www.infokuryr.cz\/n\/wp-content\/uploads\/2021\/04\/kuryr-podpis.png\" alt=\"\" width=\"84\" height=\"24\" \/><\/p>\n<p>&nbsp;<\/p>\n","protected":false},"excerpt":{"rendered":"<p>Var\u0161ava doporu\u010dila, aby ukrajinsk\u00fd prezident Volodymyr Zelenskyj p\u0159estal obvi\u0148ovat Moskvu z raketov\u00e9ho \u00fatoku na Polsko,&#8230;<\/p>\n","protected":false},"author":2,"featured_media":18474,"comment_status":"closed","ping_status":"closed","sticky":false,"template":"","format":"standard","meta":[],"categories":[7],"tags":[31,349,22,733,1000],"_links":{"self":[{"href":"https:\/\/www.infokuryr.cz\/n\/wp-json\/wp\/v2\/posts\/18473"}],"collection":[{"href":"https:\/\/www.infokuryr.cz\/n\/wp-json\/wp\/v2\/posts"}],"about":[{"href":"https:\/\/www.infokuryr.cz\/n\/wp-json\/wp\/v2\/types\/post"}],"author":[{"embeddable":true,"href":"https:\/\/www.infokuryr.cz\/n\/wp-json\/wp\/v2\/users\/2"}],"replies":[{"embeddable":true,"href":"https:\/\/www.infokuryr.cz\/n\/wp-json\/wp\/v2\/comments?post=18473"}],"version-history":[{"count":0,"href":"https:\/\/www.infokuryr.cz\/n\/wp-json\/wp\/v2\/posts\/18473\/revisions"}],"wp:featuredmedia":[{"embeddable":true,"href":"https:\/\/www.infokuryr.cz\/n\/wp-json\/wp\/v2\/media\/18474"}],"wp:attachment":[{"href":"https:\/\/www.infokuryr.cz\/n\/wp-json\/wp\/v2\/media?parent=18473"}],"wp:term":[{"taxonomy":"category","embeddable":true,"href":"https:\/\/www.infokuryr.cz\/n\/wp-json\/wp\/v2\/categories?post=18473"},{"taxonomy":"post_tag","embeddable":true,"href":"https:\/\/www.infokuryr.cz\/n\/wp-json\/wp\/v2\/tags?post=18473"}],"curies":[{"name":"wp","href":"https:\/\/api.w.org\/{rel}","templated":true}]}}