{"id":18465,"date":"2022-11-19T05:58:48","date_gmt":"2022-11-19T04:58:48","guid":{"rendered":"http:\/\/www.infokuryr.cz\/n\/?p=18465"},"modified":"2022-11-19T05:58:48","modified_gmt":"2022-11-19T04:58:48","slug":"doktrina-pekarove-adamove-a-pad-zivotni-urovne-na-slovensku-cesi-bude-jeste-hur","status":"publish","type":"post","link":"https:\/\/www.infokuryr.cz\/n\/2022\/11\/19\/doktrina-pekarove-adamove-a-pad-zivotni-urovne-na-slovensku-cesi-bude-jeste-hur\/","title":{"rendered":"Doktr\u00edna Pekarov\u00e9-Adamov\u00e9 a p\u00e1d \u017eivotn\u00ed \u00farovn\u011b na Slovensku! \u010ce\u0161i, bude je\u0161t\u011b h\u016f\u0159!"},"content":{"rendered":"<div id=\"fb-root\"><\/div>\n<p>Jakmile Victor Orb\u00e1n minul\u00fd m\u011bs\u00edc za\u010dal\u00a0 prov\u00e1d\u011bt sv\u016fj pl\u00e1n, podle kter\u00e9ho Ma\u010farsko mus\u00ed p\u0159evz\u00edt do sv\u00e9ho vlastnictv\u00ed \u0159adu Z\u00e1padem v Ma\u010farsku vlastn\u011bn\u00fdch obchodn\u00edch \u0159et\u011bzc\u016f, bank a energetick\u00fdch spole\u010dnost\u00ed, aby zlevnilo \u017eivotn\u00ed n\u00e1klady Ma\u010far\u016f, a zv\u00fd\u0161il dan\u011b na z\u00e1padn\u00ed monopoly, aby zabr\u00e1nil odtoku stovek miliard nezdan\u011bn\u00fdch zisk\u016f z Ma\u010farska na Z\u00e1pad; napadla Mark\u00e9ta Pekarov\u00e1-Adamov\u00e1 14. listopadu Victora Orb\u00e1na v polsk\u00e9m tisku.<\/p>\n<p>\u010cesku p\u0159itom jde o obrovsk\u00e9 pen\u00edze, kter\u00e9 z \u010ceska ka\u017edoro\u010dn\u011b odt\u00e9kaj\u00ed, a na rozd\u00edl od Orb\u00e1novy politiky\u00a0<em>tento odtok zastavit<\/em>, je c\u00edlem politiky Pekarov\u00e9-Adamov\u00e9,\u00a0<em>tento odtok z \u010ceska je\u0161t\u011b v\u00edce usnadnit<\/em>.<\/p>\n<p>Za prvn\u00edch 9 m\u011bs\u00edc\u016f leto\u0161n\u00edho roku z \u010ceska na Z\u00e1pad\u00a0<a href=\"https:\/\/www.novinky.cz\/clanek\/ekonomika-odliv-dividend-trha-rekordy-40414709\">odteklo 266 miliard korun zisk\u016f<\/a>\u00a0z bank, energetick\u00fdch firem, obchodn\u00edch \u0159et\u011bzc\u016f a firem. (Za cel\u00fd rok 2020 to bylo 299 miliard) Tento odtok miliard z \u010ceska ka\u017edoro\u010dn\u011b roste a letos by mohl dos\u00e1hnout rekordn\u00ed v\u00fd\u0161e okolo 350 miliard korun. 350 miliard korun monopolistick\u00fdch zisk\u016f odvezen\u00fdch z \u010ceska p\u0159itom p\u0159edstavuje 67% o\u010dek\u00e1van\u00e9 hodnoty v\u0161ech d\u016fchod\u016f vyplacen\u00fdch v \u010cesku za cel\u00fd rok 2022 (<a href=\"https:\/\/www.byznysnoviny.cz\/2020\/02\/14\/cesko-dojna-krava-evropy-dividendach-vloni-odteklo-zahranici-299-miliard\/\">524 miliard<\/a>). Paradoxn\u011b \u2013 \u010cesk\u00e9 vl\u00e1dy pravideln\u011b\u00a0 lidem oznamuj\u00ed,\u00a0<a href=\"https:\/\/www.seznamzpravy.cz\/clanek\/duchody-ktere-nebudou-jak-vysvetlit-volicum-aby-platili-pojisteni-148912\">\u017ee v budoucnu nebudou m\u00edt na v\u00fdplatu d\u016fchod\u016f<\/a>. A sou\u010dasn\u011b p\u0159edsedkyn\u011b \u010desk\u00e9ho parlamentu Pekarov\u00e1 v Polsku oznamuje, \u017ee \u010desk\u00e1 vl\u00e1da u\u010din\u00ed (zru\u0161en\u00edm \u010cesk\u00e9 koruny) v\u0161e pro to, aby si z\u00e1padn\u00ed globalist\u00e9 mohli z \u010ceska vys\u00e1t v budoucnu dokonce je\u0161t\u011b v\u00edce pen\u011bz, ne\u017e vl\u00e1da bude platit \u010cech\u016fm na d\u016fchodech!<\/p>\n<p><a href=\"https:\/\/www.novinky.cz\/clanek\/ekonomika-problem-ceske-ekonomiky-odliv-kapitalu-je-mimoradne-velky-40014625\">Je\u0161t\u011b v roce 2016 p\u0159itom zpracovala vl\u00e1da \u010cesk\u00e9 republiky<\/a>\u00a0materi\u00e1l, kter\u00fd varoval, \u017ee z\u00e1padn\u00ed kapit\u00e1l drancuje \u010deskou energetiku, neinvestuje do n\u00ed, a to povede v budoucnu k nedostatku energi\u00ed v \u010cesku. Jak letos vid\u00edte \u2013 tehdej\u0161\u00ed vl\u00e1da se nem\u00fdlila, ale nov\u00e1 \u010desk\u00e1 vl\u00e1da chce tento trend drancov\u00e1n\u00ed \u010ceska je\u0161t\u011b v\u00edce urychlit.<\/p>\n<p>Podle vl\u00e1dn\u00edho materi\u00e1lu Sobotka-Babi\u0161 z roku 2016 bylo \u010cesko drancov\u00e1no brut\u00e1ln\u00edm tempem, a materi\u00e1l varoval, \u017ee pokud se tento trend drancov\u00e1n\u00ed zisk\u016f z \u010ceska se nezastav\u00ed, dojde v budoucnu k \u00fapadku \u010desk\u00e9ho pr\u016fmyslu, ke ztr\u00e1t\u011b pracovn\u00edch m\u00edst a k poklesu \u017eivotn\u00ed \u00farovn\u011b. Vl\u00e1dn\u00ed materi\u00e1l dokonce zve\u0159ejnil, \u017ee \u010cesko je ciz\u00edm kapit\u00e1lem drancov\u00e1no n\u011bkolikan\u00e1sobn\u011b v\u00edcekr\u00e1t, ne\u017e je dovoleno drancovat v zem\u00edch z\u00e1padn\u00ed Evropy, a \u017ee drancov\u00e1n\u00ed zisk\u016f ciz\u00edm kapit\u00e1lem se d\u011bje na \u00fakor r\u016fstu \u010desk\u00fdch mezd, a na \u00fakor \u00fadr\u017eby \u010desk\u00e9 infrastruktury \u2013 typicky francouzsk\u00e9 drancov\u00e1n\u00ed \u010desk\u00fdch vod\u00e1ren.<\/p>\n<p>Mark\u00e9ta Adamov\u00e1-Pekarov\u00e1\u00a0<a href=\"https:\/\/www.rp.pl\/polityka\/art37403871-marketa-pekarova-adamova-trybunal-dla-putina-i-innych\">ozn\u00e1mila 14. listopadu v Polsku<\/a>, \u017ee se \u010cesko zbav\u00ed koruny a p\u0159ijme EURO. Proto\u017ee udr\u017eovat \u010deskou korunu p\u0159i \u017eivot\u011b je zbyte\u010dn\u011b drah\u00e9, (zahrani\u010dn\u00edm) firm\u00e1m podnikaj\u00edc\u00edm v \u010cesku je koruna na obt\u00ed\u017e, a nikdo (z Fialov\u00e9 koaly) u\u017e nechce, aby \u010cesko, d\u00edky existenci sv\u00e9 st\u00e1tn\u00ed m\u011bny koruny, bylo spojov\u00e1no se zr\u00e1dn\u00fdm a ostudn\u00fdm Orb\u00e1nem, proto\u017ee ten na existenci forintu trv\u00e1!<\/p>\n<p>Ze slov Mark\u00e9ty Adamov\u00e9-Pekarov\u00e9 tak lehce pochop\u00edte, pro koho pracuje. Existence \u010desk\u00e9 i ma\u010farsk\u00e9 n\u00e1rodn\u00ed m\u011bny toti\u017e vad\u00ed hlavn\u011b z\u00e1padn\u00edmu kapit\u00e1lu, kter\u00fd vyv\u00e1\u017e\u00ed ka\u017edoro\u010dn\u011b z \u010ceska i Ma\u010farska stovky miliard tzv. dividend. Tyto dividendy toti\u017e mus\u00ed z\u00e1padn\u00ed investo\u0159i vym\u011bnit za z\u00e1padn\u00ed m\u011bny. Plat\u00ed tak rovnice \u2013 \u010d\u00edm v\u00edce stovek miliard korun a nebo forint\u016f cht\u011bj\u00ed na Z\u00e1pad vyv\u00e9zt, t\u00edm m\u00e9n\u011b miliard EUR a dolar\u016f za n\u011b dostanou. Existence \u010desk\u00e9 i ma\u010farsk\u00e9 n\u00e1rodn\u00ed m\u011bny tak mimo jin\u00e9 zt\u011b\u017euje v\u00fdvoz stovek miliard zisk\u016f na Z\u00e1pad, a nut\u00ed tak investory, aby rad\u011bji \u010d\u00e1st zisk\u016f reinvestovali do vzniku nov\u00fdch pracovn\u00edch m\u00edst, a nebo do lep\u0161\u00edch technologi\u00ed, ne\u017e aby o n\u011b nen\u00e1vratn\u011b p\u0159i\u0161li v d\u016fsledku m\u011bnov\u00fdch pohyb\u016f, kter\u00e9 sv\u00fdm drancov\u00e1n\u00edm \u010ceska vyvol\u00e1vaj\u00ed.<\/p>\n<p><a href=\"https:\/\/www.politico.eu\/article\/viktor-orban-squeeze-foreign-supermarket-out-hungary\/\">Z \u010din\u016f Viktora Orb\u00e1na tak\u00e9 lehce pochop\u00edte<\/a>, pro koho pracuje.\u00a0Ma\u010farsko na\u0159\u00eddilo, aby velkoobchodn\u00ed \u0159et\u011bzce s tr\u017ebami nad 250 milion\u016f EUR ro\u010dn\u011b p\u0159ed\u00e1valy 48 hodin p\u0159ed skon\u010den\u00edm platnosti doby konzumace potravin, tyto potraviny ma\u010farsk\u00e9 st\u00e1tn\u00ed charit\u011b, kter\u00e1 je potom distribuuje jako pomoc chud\u00fdm ob\u010dan\u016fm. Ma\u010farsko zavedlo cenov\u00e9 stropy na mouku, brambory, vejce, cukr, ku\u0159ec\u00ed prsa a dal\u0161\u00ed z\u00e1kladn\u00ed potraviny, a velkoobchodn\u00ed \u0159et\u011bzce tyto potraviny nesm\u00ed prod\u00e1vat dr\u00e1\u017e, ne\u017e je stanoveno, i kdyby na to m\u011bly prod\u011blat, kdy\u017e je v cizin\u011b draze nakupuj\u00ed, m\u00edsto dom\u00e1c\u00edch potravin. Ma\u010farsko zv\u00fd\u0161ilo mimo\u0159\u00e1dnou da\u0148 z monopolu, kter\u00e1 se uvaluje na velk\u00e9 obchodn\u00ed \u0159et\u011bzce z 2,7% na 4,1%. Tato zvl\u00e1\u0161tn\u00ed da\u0148 je v Ma\u010farsku uvalena na tyto obchodn\u00ed \u0159et\u011bzce: N\u011bmeck\u00e9 \u2013 Aldi a Lidl, francouzsk\u00fd Auchan, irsk\u00fd Penny Market, rakousk\u00fd Spar a britsk\u00e9 Tesco. V d\u016fsledku dan\u011b, u\u017e francouzsk\u00fd Auchan prod\u00e1v\u00e1 sv\u00e9 obchody ma\u010farsk\u00e9mu vlastn\u00edkovi \u2013 tedy odliv dividend do Francie z Auchanu z Ma\u010farska skon\u010d\u00ed, a zisky se budou danit v Ma\u010farsku.<\/p>\n<p>Brusel, kter\u00fd byl p\u0159ed p\u00e1r dny vyzv\u00e1n globalisty, aby proti Ma\u010farsku zas\u00e1hl, ozn\u00e1mil,\u00a0<a href=\"https:\/\/www.politico.eu\/article\/viktor-orban-squeeze-foreign-supermarket-out-hungary\/\"><em>\u017ee nem\u016f\u017ee, proto\u017ee z\u00e1sah Evropsk\u00e9 komise by mohl b\u00fdt vn\u00edm\u00e1n jako n\u00e1tlak byrokracie EU ve prosp\u011bch nadn\u00e1rodn\u00edch obchodn\u00edch \u0159et\u011bzc\u016f v dob\u011b, kdy ob\u010dan\u00e9 bojuj\u00ed s kriz\u00ed \u017eivotn\u00edch n\u00e1klad\u016f, a to by mohlo my\u0161lenky Viktora Orb\u00e1na jenom po Evrop\u011b zbyte\u010dn\u011b roz\u0161\u00ed\u0159it<\/em><\/a>. Nav\u00edc Ma\u010farsko vyhr\u00e1lo mezin\u00e1rodn\u00ed soud s Tesco, kter\u00e9 ho pro mimo\u0159\u00e1dnou da\u0148 \u017ealovalo. (<a href=\"https:\/\/ksiegowosc.infor.pl\/obrot-gospodarczy\/dzialalnosc-gospodarcza\/5449395,Duze-sieci-handlowe-w-Polsce-a-CIT.html\">Obdobn\u00e9 mimo\u0159\u00e1dn\u00e9 dan\u011b plat\u00ed zahrani\u010dn\u00ed prodejn\u00ed \u0159et\u011bzce i ze sv\u00fdch obchod\u016f v Polsku<\/a>. C\u00edlem bylo chr\u00e1nit polsk\u00e9 producenty p\u0159ed dovozem hlavn\u011b potravin. Jak m\u016f\u017eete vid\u011bt v \u010desk\u00e9 televizi \u2013 v Polsku jsou levn\u00e9 potraviny a dan\u011b na zahrani\u010dn\u00ed \u0159et\u011bzce. V \u010cesku jsou drah\u00e9 potraviny a \u017e\u00e1dn\u00e9 dan\u011b na zahrani\u010dn\u00ed \u0159et\u011bzce. \u017de by to bylo t\u00edm,\u00a0<a href=\"https:\/\/de.wikipedia.org\/wiki\/Metro_AG\">\u017ee hlavn\u00ed akcion\u00e1\u0159i<\/a>\u00a0jednoho v\u00fdznamn\u00e9ho zahrani\u010dn\u00edho obchodn\u00edho \u0159et\u011bzce jsou dva \u010de\u0161t\u00ed miliard\u00e1\u0159i? )<\/p>\n<p>Pro\u010d \u010cesko a Slovensko nevypisuj\u00ed dan\u011b na velkoobchodn\u00edky, energo-\u0161mejdy a bank\u00e9\u0159e ve stejn\u00e9m rozsahu a s rychlost\u00ed, jako \u010din\u00ed Ma\u010farsko, je z\u0159ejm\u00e9 \u2013 \u010cesk\u00e1 a Slovensk\u00e1 vl\u00e1da pracuj\u00ed pro Globalisty, Victor Orb\u00e1n pracuje pro Ma\u010fary.<\/p>\n<p>Jak by na \u010cechy dopadnul pl\u00e1n Pekarov\u00e9-Adamov\u00e9 na likvidaci \u010desk\u00e9 koruny a p\u0159ijet\u00ed EURA nen\u00ed t\u011b\u017ek\u00e9 p\u0159edv\u00eddat, sta\u010d\u00ed se jen pod\u00edvat na raketov\u00fd propad r\u016fstu slovensk\u00e9ho HDP a pokles \u017eivotn\u00ed \u00farovn\u011b, ke kter\u00e9mu do\u0161lo po p\u0159ijet\u00ed EURA v roce 2009.<a href=\"https:\/\/www.rp.pl\/polityka\/art37403871-marketa-pekarova-adamova-trybunal-dla-putina-i-innych\">\u00a0Podle polsk\u00fdch novin\u00e1\u0159\u016f bylo Slovensko t\u011bsn\u011b p\u0159ed p\u0159ijet\u00edm EURA zna\u010dn\u011b bohat\u0161\u00ed ne\u017e je dnes, kdy je t\u0159et\u00ed nejhor\u0161\u00ed zem\u00ed EU<\/a>, a zem\u011b jako je Ma\u010farsko i Polsko, kter\u00e9 EURO stejn\u011b jako \u010cesko nep\u0159ijaly, dokonce v HDP, v parit\u011b kupn\u00ed s\u00edly, i v \u017eivotn\u00ed \u00farovni u\u017e Slovensko p\u0159edstihly. \u010cesku tedy Pekarov\u00e1-Adamov\u00e1 chyst\u00e1 osud Slovenska, a \u0159\u00edk\u00e1 k tomu, \u017ee na Slovensku vad\u00ed EURO jen fa\u0161ist\u016fm \u2013 Kotlebovc\u016fm, a v \u010cesku \u010cesk\u00e1 koruna m\u016f\u017ee za vysokou inflaci. Pr\u00fd kdybychom m\u011bli EURO, tak by inflace byla ni\u017e\u0161\u00ed.\u00a0<a href=\"https:\/\/www.statista.com\/statistics\/225698\/monthly-inflation-rate-in-eu-countries\/\">Nejvy\u0161\u0161\u00ed inflaci v EU maj\u00ed p\u0159itom pr\u00e1v\u011b zem\u011b, kter\u00e9 pou\u017e\u00edvaj\u00ed EURO<\/a>\u00a0 \u2013 Estonsko 22,5%, Litva 22,1%, Loty\u0161sko 21,7, dokonce i Holandsko (16,8%) m\u00e1 vy\u0161\u0161\u00ed inflaci ne\u017e \u010cesko (15,5%).<\/p>\n<p>Pokud V\u00e1m toto vysv\u011btlen\u00ed, pro\u010d Pekarov\u00e1-Adamov\u00e1 a spol. cht\u011bj\u00ed ukon\u010dit existenci \u010cesk\u00e9 koruny nesta\u010dilo, je i vysv\u011btlen\u00ed dal\u0161\u00ed. Jakmile bude ukon\u010dena existence \u010cesk\u00e9 koruny, bude ukon\u010dena i existence \u010cesk\u00e9 n\u00e1rodn\u00ed banky jako samostatn\u00e9 st\u00e1tn\u00ed instituce \u010ceska, kter\u00e1 je jako jedin\u00e1 zodpov\u011bdn\u00e1 za m\u011bnovou stabilitu v roli tzv. v\u011b\u0159itele posledn\u00ed instance. (<a href=\"https:\/\/en.wikipedia.org\/wiki\/Lender_of_last_resort\">odborn\u00fd term\u00edn LOLR<\/a>) (<a href=\"https:\/\/en.wikipedia.org\/wiki\/Deutsche_Bundesbank#2001%E2%80%93present\">Viz ztr\u00e1ta role LOLR\u00a0<\/a><span class=\"mw-page-title-main\">Deutsche Bundesbank po p\u0159ijet\u00ed EURA N\u011bmeckem)\u00a0<\/span><a href=\"https:\/\/academic.oup.com\/book\/4221\/chapter-abstract\/146062767?redirectedFrom=fulltext\">T\u00edm p\u00e1dem by roli LOLR<\/a>\u00a0v \u010cesku m\u00edsto \u010cNB vykon\u00e1vala banka ECB se s\u00eddlem v n\u011bmeck\u00e9m Frankfurtu. \u010cNB by j\u00ed byla pod\u0159\u00edzen\u00e1 (ztratila by nez\u00e1vislost) a musela by plnit jej\u00ed p\u0159\u00edkazy. \u010cNB m\u00e1 p\u0159itom,\u00a0<a href=\"https:\/\/archiv.hn.cz\/c1-67135400-jedno-vyroci-a-uspesne-intervence-za-26-miliard-eur\">jak ned\u00e1vno p\u0159iznaly i Bakalo-noviny<\/a>, v sou\u010dasn\u00e9 krizi extr\u00e9mn\u00ed v\u00fdhodu proti \u0159ad\u011b jin\u00fdch ekonomik, a to d\u00edky skute\u010dnosti, \u017ee \u010cNB v letech 2013 a\u017e 2017 natiskla p\u0159es 2 biliony nekryt\u00fdch korun a vyhandlovala je za p\u0159es 76 miliard stejn\u011b nekryt\u00fdch EUR, kter\u00e9 do sv\u011bta chrlila ECB pod \u0159\u00edzen\u00edm Itala Draghiho. T\u011bchto 76 miliard EUR p\u0159edstavuje v\u00edce ne\u017e cel\u00fd \u010desk\u00fd st\u00e1tn\u00ed rozpo\u010det a je majetkem \u010cNB, a tedy \u010cESKA! A \u010cesko tuto astronomickou sumu m\u016f\u017ee ze z\u00e1kona pou\u017e\u00edvat pouze k ochran\u011b \u010cesk\u00e9 koruny. Jakmile ukon\u010den\u00edm existence \u010cesk\u00e9 koruny bude ukon\u010dena role LOLR \u010cNB, bude tento devizov\u00fd pol\u0161t\u00e1\u0159 \u010ceska slou\u017eit v\u00fdhradn\u011b pot\u0159eb\u00e1m Bruselu, a pot\u0159eb\u00e1m m\u011bny EURO, a rozhodovat o tomto majetku bude hlavn\u011b ECB a ne v\u00fdlu\u010dn\u011b \u010cNB, jako je tomu te\u010f. D\u00e1 se tak \u0159\u00edci, \u017ee tu n\u011bkdo chyst\u00e1 tu nejv\u011bt\u0161\u00ed bankovn\u00ed loupe\u017e stolet\u00ed.<\/p>\n<p>Abychom p\u0159ipravovanou loupe\u017e vysv\u011btlili, mus\u00edme se vr\u00e1tit p\u00e1r let zp\u011bt do roku p\u0159edchoz\u00ed krize Lehman-Brothers, do ledna 2012. Tehdy Miroslav Kalousek, kter\u00fd u\u017e p\u00e1r let d\u0159el r\u016fzn\u00fdmi dan\u011bmi a poplatky z ka\u017ed\u00e9ho \u010cecha ka\u017edou korunu, aby naplnil pr\u00e1zdnou st\u00e1tn\u00ed kasu, prosadil, \u017ee \u010cesko levn\u011b p\u016fj\u010d\u00ed z devizov\u00fdch rezerv \u010cNB ekvivalent \u010d\u00e1stky 38 miliard korun washingtonsk\u00e9mu MMF, a ten ten ty pen\u00edze p\u016fj\u010d\u00ed ECB, a ta je p\u016fj\u010d\u00ed zem\u00edm ji\u017en\u00ed Evropy, kter\u00e9 by jinak, kdyby jim Kalousek nep\u016fj\u010dil \u010desk\u00e9 st\u00e1tn\u00ed devizov\u00e9 rezervy, zkrachovaly, proto\u017ee by nemohly splatit dlu\u017en\u00ed \u00fapisy sv\u011btov\u00fdm bank\u00e9\u0159\u016fm! Tehdy v dob\u011b, kdy Kalousek levn\u011b p\u016fj\u010doval bank\u00e9\u0159\u016fm \u010desk\u00e9 st\u00e1tn\u00ed rezervy a sou\u010dasn\u011b d\u0159el \u010cechy z k\u016f\u017ee, m\u011bly devizov\u00e9 rezervy \u010cNB hodnotu pouh\u00fdch 795,629 miliard korun, a sta\u010dily k z\u00e1chran\u011b ji\u017en\u00ed Evropy a EURA p\u0159ed krachem!\u00a0<a href=\"https:\/\/www.cnb.cz\/cs\/statistika\/platebni_bilance_stat\/devizove_rezervy\/drs_rada.htm\">Dnes maj\u00ed hodnotu 3,222.985 bilionu korun<\/a>\u00a0(4.05 kr\u00e1t v\u00edc), a na dal\u0161\u00ed z\u00e1chranu p\u0159ed dal\u0161\u00edm krachem ji\u017en\u00ed Evropy se op\u011bt hod\u00ed, proto\u017ee z mal\u00e9ho krachu se stal zat\u00edm velk\u00fd krach! Rozd\u00edl v situaci bude ale velk\u00fd. V roce 2012 musela s p\u016fj\u010den\u00edm \u010desk\u00fdch miliard souhlasit \u010cNB! Po zru\u0161en\u00ed \u010cesk\u00e9 koruny, bude ale \u010cNB povinna poslechnout p\u0159\u00edkaz ECB z n\u011bmeck\u00e9ho Frankfurtu, a EURO p\u0159ed krachem zp\u016fsoben\u00fdm p\u00e1dem It\u00e1lie, nebo jin\u00e9 zem\u011b, zachra\u0148ovat na \u00fakor \u010desk\u00fdch ob\u010dan\u016f. \u010ce\u0161t\u00ed ob\u010dan\u00e9 tak budou sv\u00fdmi \u017eivoty a majetkem ru\u010dit za EURO, i za to, \u017ee It\u00e1lie bude spl\u00e1cet sv\u00e9 dluhy. ECB a Brusel tiskou miliardy EUR u\u017e cel\u00e9 roky jako zb\u011bsil\u00ed, proto\u017ee It\u00e1lii u\u017e \u017e\u00e1dn\u00fd soudn\u00fd bank\u00e9\u0159 nechce na dluh nic p\u016fj\u010dit, a tak ECB mus\u00ed nakupovat jej\u00ed dluhopisy! A k tomu se devizov\u00e9 rezervy \u010cNB Bruselu ur\u010dit\u011b velmi hod\u00ed. Co na tom, \u017ee Italov\u00e9 maj\u00ed vy\u0161\u0161\u00ed platy i d\u016fchody ne\u017e \u010ce\u0161i! \u010cesk\u00e9 vl\u00e1d\u011b jde o zisky globalist\u016f, ne o \u017eivotn\u00ed \u00farove\u0148 \u010cech\u016f.<\/p>\n<p>Perli\u010dka na z\u00e1v\u011br \u2013<a href=\"https:\/\/eurozpravy.cz\/domaci\/politika\/42533-analytici-kalousku-dluzis-lidem-vysvetleni-ze-je-obiras-o-penize\">\u00a0v dob\u011b Kalouskovy (TOP-09) p\u016fj\u010dky<\/a>\u00a0byl p\u0159edsedou vl\u00e1dy Ne\u010das (ODS) a p\u0159edsedou poslaneck\u00e9ho klubu ODS\u00a0<a href=\"https:\/\/cs.wikipedia.org\/wiki\/Zbyn%C4%9Bk_Stanjura\">sou\u010dasn\u00fd ministr financ\u00ed \u010cR Zbyn\u011bk Stanjura<\/a>\u00a0(ODS), a jeho nyn\u011bj\u0161\u00ed fialov\u00e1 koala Pekarov\u00e1-Adamov\u00e1 (TOP-09) nyn\u00ed v Polsku oznamuje, \u017ee je na \u010dase ukon\u010dit existenci \u010cesk\u00e9 koruny.\u00a0<em>Ostatn\u011b pr\u00e1v\u011b proto soud\u00edm, \u017ee je t\u0159eba zni\u010dit Bruxelae je\u0161t\u011b d\u0159\u00edv, ne\u017e n\u00e1m jeho 5. kolona zni\u010d\u00ed \u010ceskou korunu<\/em>.<\/p>\n<p><a href=\"https:\/\/www.michalapetr.com\/map-1513-doktrina-pekarove-adamove-a-pad-zivotni-urovne-na-slovensku-cesi-bude-jeste-hur\/\">Michael Svato\u0161<\/a><\/p>\n<p>&nbsp;<\/p>\n","protected":false},"excerpt":{"rendered":"<p>Jakmile Victor Orb\u00e1n minul\u00fd m\u011bs\u00edc za\u010dal\u00a0 prov\u00e1d\u011bt sv\u016fj pl\u00e1n, podle kter\u00e9ho Ma\u010farsko mus\u00ed p\u0159evz\u00edt do&#8230;<\/p>\n","protected":false},"author":2,"featured_media":9508,"comment_status":"closed","ping_status":"closed","sticky":false,"template":"","format":"standard","meta":[],"categories":[6],"tags":[29,371,727,122],"_links":{"self":[{"href":"https:\/\/www.infokuryr.cz\/n\/wp-json\/wp\/v2\/posts\/18465"}],"collection":[{"href":"https:\/\/www.infokuryr.cz\/n\/wp-json\/wp\/v2\/posts"}],"about":[{"href":"https:\/\/www.infokuryr.cz\/n\/wp-json\/wp\/v2\/types\/post"}],"author":[{"embeddable":true,"href":"https:\/\/www.infokuryr.cz\/n\/wp-json\/wp\/v2\/users\/2"}],"replies":[{"embeddable":true,"href":"https:\/\/www.infokuryr.cz\/n\/wp-json\/wp\/v2\/comments?post=18465"}],"version-history":[{"count":0,"href":"https:\/\/www.infokuryr.cz\/n\/wp-json\/wp\/v2\/posts\/18465\/revisions"}],"wp:featuredmedia":[{"embeddable":true,"href":"https:\/\/www.infokuryr.cz\/n\/wp-json\/wp\/v2\/media\/9508"}],"wp:attachment":[{"href":"https:\/\/www.infokuryr.cz\/n\/wp-json\/wp\/v2\/media?parent=18465"}],"wp:term":[{"taxonomy":"category","embeddable":true,"href":"https:\/\/www.infokuryr.cz\/n\/wp-json\/wp\/v2\/categories?post=18465"},{"taxonomy":"post_tag","embeddable":true,"href":"https:\/\/www.infokuryr.cz\/n\/wp-json\/wp\/v2\/tags?post=18465"}],"curies":[{"name":"wp","href":"https:\/\/api.w.org\/{rel}","templated":true}]}}