{"id":18463,"date":"2022-11-19T05:56:05","date_gmt":"2022-11-19T04:56:05","guid":{"rendered":"http:\/\/www.infokuryr.cz\/n\/?p=18463"},"modified":"2022-11-19T05:56:05","modified_gmt":"2022-11-19T04:56:05","slug":"zazrak-22-fiala-za-mrize-rakusan-za-mrize-svobodu","status":"publish","type":"post","link":"https:\/\/www.infokuryr.cz\/n\/2022\/11\/19\/zazrak-22-fiala-za-mrize-rakusan-za-mrize-svobodu\/","title":{"rendered":"Z\u00e1zrak &#8217;22: Fiala za m\u0159\u00ed\u017ee! Raku\u0161an za m\u0159\u00ed\u017ee! Svobodu!"},"content":{"rendered":"<div id=\"fb-root\"><\/div>\n<div id=\"ArticleTop\">\n<h2>Podvolen\u00ed na N\u00e1rodn\u00ed \u0161okovan\u011b z\u00edrali na tis\u00edce nepodvolen\u00fdch. V\u00e9\u010dka. Kdy bude televize op\u011bt \u010desk\u00e1? Spoj\u00ed se proudy na Velk\u00e9 fin\u00e1le? JEJICH budoucnost nen\u00ed na\u0161e!<\/h2>\n<p class=\"clkPerex\"><strong><a class=\"clkAutor\" href=\"https:\/\/protiproud.info\/autor\/petr-hajek.htm\">PETR H\u00c1JEK<\/a> p\u0159in\u00e1\u0161\u00ed report\u00e1\u017e z kone\u010dn\u011b smyslupln\u00fdch (nikoli re\u017eimem havlisticky ka\u0161\u00edrovan\u00fdch) &#8222;oslav&#8220; 17. listopadu v Praze a p\u0159ipojuje z\u00e1sadn\u00ed slova jednoho ze skute\u010dn\u00fdch (nikoli havlistick\u00fdm re\u017eimem ka\u0161\u00edrovan\u00fdch) inspir\u00e1tor\u016f studentsk\u00e9 demonstrace &#8217;89, kter\u00fd jako jeden z m\u00e1la z\u016fstal stejn\u00fd &#8211; nepodvolen\u00fd<\/strong><\/p>\n<\/div>\n<div id=\"Article\">\n<p>Mo\u017en\u00e1 si to ka\u017ed\u00fd neuv\u011bdomil. Ale\u00a0<a href=\"https:\/\/www.facebook.com\/RaptorTV.cz\/videos\/2062676684122084\">v\u010dera<\/a>\u00a0pro\u0161la\u00a0<a href=\"https:\/\/www.facebook.com\/RaptorTV.cz\/videos\/834968904488116\">Prahou<\/a>\u00a0&#8211; a nakonec i\u00a0<a href=\"https:\/\/www.facebook.com\/volimtrikoloru\/videos\/1134182307489922\">N\u00e1rodn\u00ed t\u0159\u00eddou<\/a>\u00a0&#8211; prvn\u00ed siln\u00e1 protivl\u00e1dn\u00ed demonstrace p\u0159i p\u0159\u00edle\u017eitosti &#8222;povinn\u00fdch oslav&#8220; p\u0159evratu p\u0159ed t\u0159iat\u0159iceti roky. Ka\u017edoro\u010dn\u00ed ofici\u00e1ln\u00ed sv\u00ed\u010dkom\u00e1nie vl\u00e1dn\u00edch papal\u00e1\u0161\u016f (a jejich podvolen\u00fdch) u podloub\u00ed byla po setm\u011bn\u00ed zar\u00e1mov\u00e1na ostr\u00fdm protestem n\u011bkolika tis\u00edc nepodvolen\u00fdch. Zbytku z desetitis\u00edc\u016f, kte\u0159\u00ed (za veden\u00ed Ladislava Vrabela a jeho zat\u00edm neform\u00e1ln\u00edho hnut\u00ed \u010cesk\u00e1 republika na 1. m\u00edst\u011b) ji\u017e odpoledne vyrazili z Opletalovy ulice.<\/p>\n<p>Ta symbolika byla skv\u011bl\u00e1. Nejen\u017ee zde m\u00e1 s\u00eddlo redakce Protiproudu (haha). Ale \u0161lo o v\u00e1\u017enou p\u0159ipom\u00ednku n\u011bmeck\u00e9ho okupa\u010dn\u00edho \u0159\u00e1d\u011bn\u00ed v roce 1939. Nejprve p\u0159i studentsk\u00e9 demonstraci zast\u0159elili dva z nich &#8211; pak popravili jejich v\u016fdce, a spousty dal\u0161\u00edch odvlekli do koncentr\u00e1ku v Sachsenhausenu. Nikoli &#8222;n\u00e1hodn\u00fdm v\u00fdb\u011brem&#8220;, jak tvrd\u00ed sou\u010dasn\u00e1 korpor\u00e1tn\u00ed propaganda. Eses\u00e1ci tehdy vrazili na koleje, a brali ka\u017ed\u00e9ho, kdo ji\u017e dovr\u0161il osmn\u00e1ct\u00fd rok (n\u011bmeck\u00e1 d\u016fkladnost se nezap\u0159ela). Mlad\u0161\u00ed byli ur\u010deni k podvolen\u00ed a budov\u00e1n\u00ed &#8222;integrovan\u00e9 Evropy&#8220;. Tu sice Hitler u\u017e nesta\u010dil dokon\u010dit, ale jeho &#8222;genossen&#8220; hned po v\u00e1lce p\u0159evzali \u0161tafetu &#8211; a jsme v tom tak, jak zam\u00fd\u0161lel.<\/p>\n<h2>V\u00edc ne\u017e jen symbol<\/h2>\n<p>Z Opletalky \u0161el desetitis\u00edcov\u00fd pr\u016fvod &#8211; rovn\u011b\u017e velmi symbolicky &#8211; ulic\u00ed Politick\u00fdch v\u011bz\u0148\u016f. U Muzea se k n\u011bmu p\u0159ipojila dal\u0161\u00ed podstatn\u00e1 skupina. Byli v n\u00ed z\u00e1stupci\u00a0<a href=\"http:\/\/www.akce-dost.cz\/\">Manifestu D.O.S.T.<\/a>, Trikol\u00f3ry, SPD a mnoz\u00ed &#8222;neza\u0159azen\u00ed&#8220;, kte\u0159\u00ed ned\u00e1vno vytvo\u0159ili v\u00fdbor Zachra\u0148me n\u00e1\u0161 st\u00e1t! Spole\u010dn\u011b\u00a0<a href=\"https:\/\/www.facebook.com\/RaptorTV.cz\/videos\/1470761456735372\">do\u0161li\u00a0<\/a>na (kr)Kav\u010d\u00ed hory p\u0159ed s\u00eddlo medi\u00e1ln\u00ed centr\u00e1ly globalistick\u00e9ho propagandistick\u00e9ho kartelu, jeho\u017e nesl\u00fdchan\u011b rozma\u0159il\u00fd provoz (krom\u011b jin\u00e9ho pen\u011b\u017eenka pro havlistickou &#8222;kulturn\u00ed frontu) plat\u00edme ka\u017ed\u00fd m\u011bs\u00edc povinnou dan\u00ed.<\/p>\n<p><img decoding=\"async\" loading=\"lazy\" class=\"aligncenter\" title=\"pp\" src=\"https:\/\/protiproud.info\/images\/textiky\/demol.JPG\" alt=\"pp\" width=\"546\" height=\"410\" \/><\/p>\n<p style=\"text-align: center;\"><em>Pr\u016fvod nepodvolen\u00fdch zaplnil magistr\u00e1lu p\u0159ed N\u00e1rodn\u00edm muzeem<\/em><\/p>\n<p>Dohromady jim ka\u017edoro\u010dn\u011b odv\u00e1d\u00edme asi 7 miliard. O dal\u0161\u00edch miliard\u00e1ch z na\u0161ich kapes pro jejich &#8222;bratrsk\u00fd ve\u0159ejnopr\u00e1vn\u00ed&#8220; rozhlas ani nemluv\u011b (a to je\u0161t\u011b maj\u00ed tu drzost sku\u010det, \u017ee pro bruselskou a vl\u00e1dn\u00ed propagandu pot\u0159ebuj\u00ed v\u00edce!). O drzosti, s n\u00ed\u017e si nechaj\u00ed \u0159\u00edkat &#8222;\u010cesk\u00e1\/\u00fd&#8220;, je zbyte\u010dn\u00e9 ztratit jedin\u00e9 slovo.<\/p>\n<p>Pr\u00e1v\u011b to v\u0161ak z tribuny p\u0159ed temn\u00fdmi obrovit\u00fdmi budovami perfektn\u011b zachovan\u00e9ho &#8222;skanzenu bol\u0161evismu&#8220; dob\u0159e uchopila Jana Bobo\u0161\u00edkov\u00e1 &#8211; a je\u0161t\u011b l\u00e9pe jej\u00ed kolegyn\u011b Hana Lipovsk\u00e1 (jedin\u00e1 osobnost, kter\u00e1 byla kdy z Rady \u010cT vyhozena). Jejich p\u0159esv\u011bd\u010den\u00ed, \u017ee \u010cT bude jednou znovu pat\u0159it ve\u0159ejnosti &#8211; a pozn\u00e1 se to i podle toho, \u017ee nad n\u00ed op\u011bt zavlaje jen \u010desk\u00e1 vlajka (nikoli jako nyn\u00ed bruselsk\u00e1 a ukrajinsk\u00e1) &#8211; p\u0159ijali demonstranti s nad\u0161en\u00edm. Vl\u00e1dla tu v\u016fbec skv\u011bl\u00e1 atmosf\u00e9ra neohro\u017een\u00e9ho odporu proti totalit\u011b &#8211; tak jak se 17. listopadu slu\u0161\u00ed a pat\u0159\u00ed.<\/p>\n<h2>U\u017easl\u00ed podvolen\u00ed<\/h2>\n<p>Skupina Zachra\u0148me n\u00e1\u0161 st\u00e1t se pozd\u011bji p\u0159esunula na Vy\u0161ehrad, odkud (to je\u0161t\u011b nev\u011bd\u011bli, \u017ee se tam vyd\u00e1 &#8222;mimo program&#8220; tak\u00e9 Vr\u00e1belova \u010cesk\u00e1 republika na 1. m\u00edst\u011b)\u00a0po projevech \u010dlen\u016f V\u00fdboru pokra\u010dovala &#8222;po stop\u00e1ch&#8220; demonstrace z dev\u011btaosmdes\u00e1t\u00e9ho na N\u00e1rodn\u00ed. Magistr\u00e1t jim sice pochod povolil &#8211; ale jen k N\u00e1rodn\u00edmu divadlu, d\u00e1l ani krok!<\/p>\n<p><img decoding=\"async\" loading=\"lazy\" class=\"aligncenter\" title=\"pp\" src=\"https:\/\/protiproud.info\/images\/textiky\/demoros.JPG\" alt=\"pp\" width=\"546\" height=\"410\" \/><\/p>\n<p style=\"text-align: center;\"><em>Nepodvolen\u00ed p\u0159ed budovou \u010cT<\/em><\/p>\n<p>Na podest\u011b (tzv. N\u00e1m\u011bst\u00ed V\u00e1clava Havla) za\u010dalo proto dohadov\u00e1n\u00ed s polici\u00ed, proto\u017ee &#8222;z\u00e1chran\u00e1\u0159i st\u00e1tu&#8220; pochopiteln\u011b cht\u011bli doj\u00edt a\u017e k m\u00edstu, kde mnoh\u00e9 z nich p\u0159ed t\u0159iat\u0159iceti roky zml\u00e1tily \u010derven\u00e9 barety. Budi\u017e \u0159e\u010deno, \u017ee policist\u00e9 m\u011bli pochopen\u00ed. Ostatn\u011b p\u0159edstava, \u017ee by se s pr\u016fvodem nepodvolen\u00fdch (ti byli rozhodnuti doj\u00edt k &#8222;piet\u011b&#8220; tak jako tak) tady za\u010dali pot\u00fdkat, p\u0159i\u0161la n\u011bkomu rozumn\u00e9mu asi pon\u011bkud p\u0159\u00edli\u0161 &#8222;listopadov\u00e1&#8220;.<\/p>\n<p>Proto ve \u0161pal\u00edru policist\u016f za provol\u00e1v\u00e1n\u00ed protivl\u00e1dn\u00edch hesel a skandov\u00e1n\u00ed Svobodu!\u00a0 kr\u00e1\u010deli nepodvolen\u00ed davem podvolen\u00fdch. Ti z nich byli sp\u00ed\u0161e u\u017easl\u00ed, tak\u017ee v\u00fdhr\u016f\u017eek a vulgarit na jejich adresu bylo zat\u00edm sp\u00ed\u0161e m\u00e9n\u011b (o to v\u00edce v\u0161ak pozd\u011bji). A\u017e ke &#8222;sv\u00ed\u010dkov\u00e9&#8220; se v\u0161ak zat\u00edm nedostali. Policist\u00e9 je zastavili o p\u00e1r des\u00edtek metr\u016f d\u0159\u00edve. Proto Michal Sem\u00edn &#8211; jeden ze skute\u010dn\u00fdch inici\u00e1tor\u016f pochodu z roku 89 &#8211; promluvil ji\u017e zde. A popravd\u011b \u0159e\u010deno &#8211; n\u00e1hle mu v u\u017easl\u00e9m zti\u0161en\u00ed naslouchali nejen policist\u00e9, ale i mnoz\u00ed podvolen\u00ed, jejich\u017e rok narozen\u00ed spadal zjevn\u011b a\u017e do doby, kdy se ze st\u00e1tn\u00edho p\u0159evratu organizovan\u00e9ho StB (v gesci CIA a KGB) ud\u011blala mystifika\u010dn\u011b &#8222;Havlova sametov\u00e1 revoluce&#8220;.<\/p>\n<p>A co jim a n\u00e1m Michal Sem\u00edn \u0159ekl?<\/p>\n<h2>Draz\u00ed p\u0159\u00e1tel\u00e9<\/h2>\n<p>hovo\u0159\u00edm k\u00a0v\u00e1m jako b\u00fdval\u00fd vysoko\u0161kolsk\u00fd student, tehdy \u010derstv\u011b vylou\u010den\u00fd za podvracen\u00ed re\u017eimu. Jako ten, kter\u00fd sm\u011bl b\u00fdt u toho, kdy\u017e se p\u0159ipravovala studentsk\u00e1 manifestace k\u00a0uct\u011bn\u00ed Jana Opletala. Nebudu v\u00e1s unavovat detaily, jen v\u00e1m chci po letech prozradit, \u017ee tv\u00e1\u0159e, kter\u00e9 m\u00e1te s\u00a0tehdej\u0161\u00ed studentskou revoltou medi\u00e1ln\u011b spojen\u00e9, nem\u011bly \u2013 a\u017e na nepatrn\u00e9 v\u00fdjimky \u2013 s\u00a0p\u0159\u00edpravou demonstrace nic spole\u010dn\u00e9ho. Vysv\u011btlen\u00ed je jednoduch\u00e9 \u2013 Mejst\u0159\u00edk, Pajerov\u00e1, \u017d\u00e1\u010dek a dal\u0161\u00ed nebyli \u017e\u00e1dn\u00ed disidenti, tedy otev\u0159en\u00ed odp\u016frci tehdej\u0161\u00edho re\u017eimu, ale funkcion\u00e1\u0159i vysoko\u0161kolsk\u00e9ho SSM.<\/p>\n<p>S\u00a0my\u0161lenkou po\u0159\u00e1dat demonstraci p\u0159i\u0161li zcela jin\u00ed studenti a pozv\u00e1nku na pochod, kter\u00fd se m\u011bl p\u016fvodn\u011b konat na m\u00edst\u011b, kde byl Jan Opletal post\u0159elen, jsem psal, ve v\u0161\u00ed skromnosti, j\u00e1.\u00a0 Ne\u0159\u00edk\u00e1m to proto, abych si dodate\u010dn\u011b p\u0159isvojoval z\u00e1sluhy, ale abychom l\u00e9pe porozum\u011bli paradox\u016fm doby, v\u00a0n\u00ed\u017e \u017eijeme.<\/p>\n<p>T\u00edm prvn\u00edm paradoxem, ale sp\u00ed\u0161 jen anekdot\u00e1ln\u00edm, je \u017ee p\u0159ed t\u011bmi 33 lety jsme do\u0161li a\u017e k\u00a0Mikulandsk\u00e9, zat\u00edmco letos jsme byli zastaveni o n\u011bco d\u0159\u00edv. Nicm\u00e9n\u011b oce\u0148uji, a to bez sarkasmu, \u017ee se to tentokr\u00e1t obe\u0161lo bez obu\u0161k\u016f.<\/p>\n<p>S\u00a0t\u011bmi ostatn\u00edmi paradoxy u\u017e to ale tak vesel\u00e9 nen\u00ed. Sametov\u00fd p\u0159evrat jist\u011b p\u0159inesl plody, po kter\u00fdch jsme tehdy tou\u017eili \u2013 svobodu slova, cestov\u00e1n\u00ed, svobodn\u00e9 vzd\u011bl\u00e1v\u00e1n\u00ed, svobodn\u00e9 volby, a hlavn\u011b st\u00e1t, kter\u00fd nen\u00ed nikomu pod\u0159\u00edzen, kter\u00fd n\u00e1m pat\u0159\u00ed. Nebo se n\u00e1m to alespo\u0148 zd\u00e1lo. P\u0159inejmen\u0161\u00edm do doby, ne\u017e jsme vstupem do EU o \u010d\u00e1st sv\u00e9 svrchovanosti p\u0159i\u0161li. Dnes, v\u00a0re\u017eimu Lisabonsk\u00e9 smlouvy, jsme op\u011bt, tak\u0159ka ve v\u0161ech d\u016fle\u017eit\u00fdch ohledech, jako p\u0159ed t\u011bmi 33 a v\u00edce lety, ve vazalsk\u00e9m postaven\u00ed. A v\u011bt\u0161in\u011b na\u0161ich politik\u016f je to \u0161um\u00e1k.<\/p>\n<p>A proto\u017ee u\u017e nejsme p\u00e1ny ve vlastn\u00edm dom\u011b, pomalu ztr\u00e1c\u00edme i ty ostatn\u00ed plody sametov\u00e9ho p\u0159evratu. P\u0159edn\u011b \u2013 u\u017e ne\u017eijeme v\u00a0prost\u00e9 demokracii \u2013 tak, jako m\u011bli p\u0159edlistopadov\u00ed soudruzi svoji demokracii lidovou, tak soudruzi polistopadov\u00ed si vytvo\u0159ili demokracii liber\u00e1ln\u00ed. N\u011bkdo m\u016f\u017ee nam\u00edtnout, \u017ee liber\u00e1ln\u00ed znamen\u00e1 svobodymiln\u00fd, tak to se n\u00e1m p\u0159eci mus\u00ed l\u00edbit, ne? A v\u00a0tom je pr\u00e1v\u011b ten nejv\u011bt\u0161\u00ed paradox \u2013 ve jm\u00e9nu liber\u00e1ln\u00ed demokracie se u\u017e n\u011bjak\u00fd \u010das plete tlust\u00fd bi\u010d na v\u0161echny, kte\u0159\u00ed odm\u00edtaj\u00ed papou\u0161kovat v\u0161echna ta ideologick\u00e1 kli\u0161\u00e9 politruk\u016f nov\u00e9 \u00e9ry. Podvol\u00edme se jim?<\/p>\n<p>Budeme spolu s\u00a0nimi tvrdit, \u017ee rodinu mohou tvo\u0159it dva mu\u017ei a ciz\u00ed \u017eenou, k\u00a0tomu najatou, zplozen\u00e9 d\u00edt\u011b? Nech\u00e1me si nabul\u00edkovat, \u017ee kdo nejde s\u00a0Bruselem, klan\u00ed se Moskv\u011b? Dovol\u00edme soudruhu Raku\u0161anovi, aby jeho nov\u011b vznikaj\u00edc\u00ed politick\u00e1 policie monitorovala zam\u011bstnance st\u00e1tn\u00ed spr\u00e1vy, zda nepodl\u00e9haj\u00ed tzv. antisyst\u00e9mov\u00e9mu sm\u00fd\u0161len\u00ed? Dovol\u00edme Fialov\u011b vl\u00e1d\u011b, aby n\u00e1m vyp\u00ednala weby? Chceme, aby n\u00e1m rudo-zelen\u00e9 technokratick\u00e9 elity diktovaly, co sm\u00edme j\u00edst, \u010d\u00edm a kdy topit, kdy a kam cestovat, prost\u011b jak \u017e\u00edt?<\/p>\n<p>A k\u00a0\u010demu jsou n\u00e1m svobodn\u00e9 volby, kdy\u017e bez ohledu na to, jak dopadnou, je o v\u011bt\u0161in\u011b na\u0161ich z\u00e1kon\u016f p\u0159edem rozhodnuto za hranicemi na\u0161\u00ed zem\u011b? Kdy\u017e o tom, jak budeme \u017e\u00edt, nerozhoduje ani tak n\u00e1mi zvolen\u00e1 politick\u00e1 reprezentace, jako nadn\u00e1rodn\u00ed organizace, mocn\u00e9 korporace, nadn\u00e1rodn\u00ed kapit\u00e1l \u010di s\u00ed\u0165 aktivistick\u00fdch neziskovek, mnohdy tak\u00e9 financovan\u00fdch ze zahrani\u010d\u00ed?<\/p>\n<p>Kdyby v\u00e1m n\u011bkdo v\u00a0listopadu 89 \u0159ekl, \u017ee se z\u00a0de\u0161t\u011b, po n\u011bjak\u00e9 dob\u011b relativn\u011b svobodn\u00e9ho \u017eivota, p\u0159est\u011bhujeme pod okap, nevzali byste si na Letnou o n\u011bco men\u0161\u00ed kl\u00ed\u010de?<\/p>\n<p>17. listopad je den, kdy si m\u00e1me p\u0159ipom\u00ednat zv\u011brstva dvou minul\u00fdch totalit a legitimn\u00ed odpor v\u016f\u010di nim. Odm\u00edt\u00e1m v\u0161ak, aby se tento pam\u00e1tn\u00fd den stal ofici\u00f3zn\u00ed, propagandistickou, tupou oslavou totality nov\u00e9, liber\u00e1ln\u011b-progresivistick\u00e9, totality bruselsk\u00e9.<\/p>\n<p>Pevn\u011b douf\u00e1m, \u017ee na\u0161\u00edm p\u0159i\u010din\u011bn\u00edm \u2013 a s\u00a0pomoc\u00ed Bo\u017e\u00ed \u2013 padne, d\u0159\u00edve \u010di pozd\u011bji, i ona.<\/p>\n<h2>Spojen\u00ed<\/h2>\n<p>Pak u\u017e jsme na mobilech (v p\u0159\u00edm\u00e9m p\u0159enosu state\u010dn\u00e9 TV Raptor) sledovali p\u0159ibli\u017euj\u00edc\u00ed se pochod nepodvolen\u00fdch od \u010cT &#8211; a vyrazili jsme mu vst\u0159\u00edc. A tak nakonec na N\u00e1rodn\u00ed vpochodovaly op\u011bt oba proudy v jednom. Policie p\u0159edt\u00edm &#8222;varovala&#8220; zmanipulovan\u00e9 havlistick\u00e9 ne\u0161\u0165astn\u00edky, kte\u0159\u00ed zde op\u011bt &#8211; jako my v roce 89 &#8211; nic netu\u0161\u00edce tvo\u0159ili pouh\u00e9 &#8222;k\u0159ov\u00ed&#8220; pro mocensk\u00e9 hr\u00e1tky Washingtonu a Bruselu (samoz\u0159ejm\u011b op\u011bvov\u00e1ni &#8222;\u010ceskou&#8220; televiz\u00ed se &#8222;sebeudava\u010dskou&#8220; bruselskou a ukrajinskou vlajkou &#8222;na \u010dele&#8220;).<\/p>\n<p>&#8222;Fiala za m\u0159\u00ed\u017ee!&#8220; Raku\u0161an za m\u0159\u00ed\u017ee!&#8220; &#8222;Demisi!&#8220; To spolu s vol\u00e1n\u00edm po svobod\u011b slova zn\u011blo kone\u010dn\u011b po t\u0159iat\u0159iceti letech op\u011bt na N\u00e1rodn\u00ed. Vykulen\u00ed podvolen\u00ed v\u0161ak u\u017e mezit\u00edm nabrali dech, tak\u017ee zasyp\u00e1vali mohutn\u00fd pr\u016fvod s \u010desk\u00fdmi vlajkami (oni \u017e\u00e1dn\u00e9 takov\u00e9 pochopiteln\u011b nem\u011bli) a vtipn\u00fdmi transparenty na adresu \u010cT p\u0159\u00edzna\u010dn\u00fdmi vulgaritami. N\u011bkte\u0159\u00ed, v domn\u011bn\u00ed, \u017ee rovn\u011b\u017e vtipn\u011b, za\u010dali zvedat prsty do &#8222;havlistick\u00e9ho&#8220; V\u00e9\u010dka. Jen\u017ee to si nab\u011bhli, proto\u017ee jsme jim p\u0159esn\u011b stejn\u00fdm gestem za\u010dali odpov\u00eddat &#8211; a ta jejich V\u00e9\u010dka proto rychle zmizela. Ladislav Vrabel pak po sv\u00e9m posledn\u00edm projevu demonstraci ukon\u010dil.<\/p>\n<p><img decoding=\"async\" loading=\"lazy\" class=\"aligncenter\" title=\"pp\" src=\"https:\/\/protiproud.info\/images\/textiky\/zalaka.jpg\" alt=\"pp\" width=\"546\" height=\"348\" \/><\/p>\n<p style=\"text-align: center;\"><em>P\u0159\u00edznivci iniciativy &#8222;Zachra\u0148me n\u00e1\u0161 st\u00e1t&#8220; se se\u0161li ve ve\u010dern\u00edch hodin\u00e1ch na Vy\u0161ehrad\u011b<\/em><\/p>\n<h2>Jednota v mnohosti<\/h2>\n<p>Vracel jsem se do Opletalky V\u00e1clavsk\u00fdm n\u00e1m\u011bst\u00edm. V jeho spodn\u00ed \u010d\u00e1sti st\u00e1l mohutn\u00fd transparent oslavuj\u00edc\u00ed &#8222;gr\u00fdnd\u00fdl&#8220;. Hlavn\u00ed d\u016fvod, pro\u010d z n\u00e1s Fialov\u00e9 (v protektor\u00e1tn\u00edm zastoupen\u00ed Lejnov\u00fdch a Biden\u016f) pr\u00e1v\u011b \u010din\u00ed o\u017eebra\u010denou &#8222;l\u016fzu&#8220; (oni na to se sv\u00fdmi astronomick\u00fdmi platy, kter\u00e9 si pr\u00e1v\u011b je\u0161t\u011b nav\u00fd\u0161ili, pochopiteln\u011b maj\u00ed), z\u00e1vislou na poni\u017euj\u00edc\u00edch &#8222;soci\u00e1ln\u00edch d\u00e1vk\u00e1ch&#8220; (ostatn\u011b zase z na\u0161ich vyrabovan\u00fdch pen\u011b\u017eenek), vychladl\u00fdch bytech (pokud n\u00e1m je exekuto\u0159i neseberou) a nedostatku z\u00e1kladn\u00edch (absurdn\u011b drah\u00fdch) potravin a v\u0161eho ostatn\u00edho. N\u011bkolik zpitom\u011bl\u00fdch podvolen\u00fdch tomu transparentu tleskalo.<\/p>\n<p>Myslel jsem na to, \u017ee to spojen\u00ed, rozpojen\u00ed a op\u011btovn\u00e9 spojen\u00ed &#8211; kdy\u017e \u0161lo o &#8222;fin\u00e1le&#8220; &#8211; n\u011bkolika proud\u016f nepodvolen\u00fdch, je docela p\u011bkn\u00fdm obrazem toho, po \u010dem mnoz\u00ed tak volaj\u00ed: Jednot\u011b v pestr\u00e9 mnohosti nepodvolen\u00e9 opozice. V mnoh\u00e9m se m\u016f\u017eeme li\u0161it &#8211; to je pr\u00e1v\u011b ta skute\u010dn\u00e1 pluralita &#8211; ale k fin\u00e1le (nap\u0159\u00edklad volebn\u00edmu) bychom se m\u011bli sl\u00edt v jedin\u00fd proud, na kter\u00fd budou u\u017easle \u010du\u010det.<\/p>\n<p>Svat\u00e9ho V\u00e1clava zakr\u00fdvala ob\u0159\u00ed tribuna &#8222;Koncertu pro budoucnost&#8220;. St\u0159\u00eddali se na n\u00ed redakto\u0159i \u010cT s\u00a0 Bakalov\u00fdmi a Luka\u010dovi\u010dov\u00fdmi (Respekt, HN, Seznam atd). A p\u011bla jim k tomu &#8222;feministick\u00e1 skupina&#8220; s n\u00e1zvem Pussy Riot&#8220;. S n\u00e1zvem tak vulg\u00e1rn\u00edm, \u017ee jej op\u011bt nelze na t\u00e9to norm\u00e1ln\u00ed slu\u0161n\u00e9 platform\u011b do \u010de\u0161tiny p\u0159ev\u00e1d\u011bt. T\u00edmhle jejich &#8222;fin\u00e1le&#8220; bylo \u0159e\u010deno v\u0161e.<\/p>\n<p>Pro n\u00e1s &#8211; oby\u010dejn\u00e9, slu\u0161n\u00e9, nepodvolen\u00e9 &#8211; nezp\u00edvaly (lze-li to v\u016fbec nazvat zp\u011bvem). Pro n\u011b tam kv\u00edlely. Pro podvolen\u00e9.<\/p>\n<p>To je jejich &#8222;budoucnost&#8220;.<\/p>\n<\/div>\n<p><a href=\"https:\/\/protiproud.info\/politika\/6831-zazrak-22-fiala-za-mrize-rakusan-za-mrize-svobodu-podvoleni-na-narodni-sokovane-zirali-na-tisice-nepodvolenych-vecka-kdy-bude-televize-opet-ceska-spoji-se-proudy-na-velke-finale-jejich-budoucnost-neni-nase.htm\">PROTIPROUD<\/a><\/p>\n<p>&nbsp;<\/p>\n","protected":false},"excerpt":{"rendered":"<p>Podvolen\u00ed na N\u00e1rodn\u00ed \u0161okovan\u011b z\u00edrali na tis\u00edce nepodvolen\u00fdch. V\u00e9\u010dka. Kdy bude televize op\u011bt \u010desk\u00e1? Spoj\u00ed&#8230;<\/p>\n","protected":false},"author":2,"featured_media":18464,"comment_status":"closed","ping_status":"closed","sticky":false,"template":"","format":"standard","meta":[],"categories":[6],"tags":[243,1497,29,1032,117],"_links":{"self":[{"href":"https:\/\/www.infokuryr.cz\/n\/wp-json\/wp\/v2\/posts\/18463"}],"collection":[{"href":"https:\/\/www.infokuryr.cz\/n\/wp-json\/wp\/v2\/posts"}],"about":[{"href":"https:\/\/www.infokuryr.cz\/n\/wp-json\/wp\/v2\/types\/post"}],"author":[{"embeddable":true,"href":"https:\/\/www.infokuryr.cz\/n\/wp-json\/wp\/v2\/users\/2"}],"replies":[{"embeddable":true,"href":"https:\/\/www.infokuryr.cz\/n\/wp-json\/wp\/v2\/comments?post=18463"}],"version-history":[{"count":0,"href":"https:\/\/www.infokuryr.cz\/n\/wp-json\/wp\/v2\/posts\/18463\/revisions"}],"wp:featuredmedia":[{"embeddable":true,"href":"https:\/\/www.infokuryr.cz\/n\/wp-json\/wp\/v2\/media\/18464"}],"wp:attachment":[{"href":"https:\/\/www.infokuryr.cz\/n\/wp-json\/wp\/v2\/media?parent=18463"}],"wp:term":[{"taxonomy":"category","embeddable":true,"href":"https:\/\/www.infokuryr.cz\/n\/wp-json\/wp\/v2\/categories?post=18463"},{"taxonomy":"post_tag","embeddable":true,"href":"https:\/\/www.infokuryr.cz\/n\/wp-json\/wp\/v2\/tags?post=18463"}],"curies":[{"name":"wp","href":"https:\/\/api.w.org\/{rel}","templated":true}]}}