{"id":18461,"date":"2022-11-19T05:49:38","date_gmt":"2022-11-19T04:49:38","guid":{"rendered":"http:\/\/www.infokuryr.cz\/n\/?p=18461"},"modified":"2022-11-19T05:49:38","modified_gmt":"2022-11-19T04:49:38","slug":"radim-fiala-brusel-chce-definitivne-znicit-nezavislost-narodnich-statu-a-vytvorit-jednu-eurorisi","status":"publish","type":"post","link":"https:\/\/www.infokuryr.cz\/n\/2022\/11\/19\/radim-fiala-brusel-chce-definitivne-znicit-nezavislost-narodnich-statu-a-vytvorit-jednu-eurorisi\/","title":{"rendered":"Radim Fiala: Brusel chce definitivn\u011b zni\u010dit nez\u00e1vislost n\u00e1rodn\u00edch st\u00e1t\u016f a vytvo\u0159it jednu Euro\u0159\u00ed\u0161i"},"content":{"rendered":"<div id=\"fb-root\"><\/div>\n<p>Brusel chce definitivn\u011b zni\u010dit nez\u00e1vislost n\u00e1rodn\u00edch st\u00e1t\u016f a vytvo\u0159it jednu Euro\u0159\u00ed\u0161i. Mus\u00edme z EU vystoupit, nebo n\u00e1s zni\u010d\u00ed. P\u0159edsedkyn\u011b Evropsk\u00e9 komise Ursula von der Leyenov\u00e1 se vyslovila pro zru\u0161en\u00ed jednomysln\u00e9ho rozhodov\u00e1n\u00ed sedmadvac\u00edtky \u010dlensk\u00fdch zem\u00ed v n\u011bkter\u00fdch ot\u00e1zk\u00e1ch, stejn\u011b jako pro spole\u010dnou unijn\u00ed obranu a zdravotnictv\u00ed. Pokud to bude nutn\u00e9, EU by m\u011bla zm\u011bnit sv\u00e9 ustavuj\u00edc\u00ed smlouvy, dodala. Francouzsk\u00fd prezident Emmanuel Macron prohl\u00e1sil, \u017ee je revizi smluv naklon\u011bn. To znamen\u00e1, \u017ee \u010cesk\u00e1 republika m\u016f\u017ee b\u00fdt p\u0159ehlasov\u00e1na a m\u016f\u017ee j\u00ed b\u00fdt vnuceno n\u011bco, co nechce. \u010cR nap\u0159\u00edklad necht\u011bla kv\u00f3ty na migranty. Hnut\u00ed SPD odm\u00edt\u00e1 tento dal\u0161\u00ed krok k evropsk\u00e9mu superst\u00e1tu! To ale nen\u00ed zdaleka v\u0161e, co proti n\u00e1m EU chyst\u00e1!<\/p>\n<p>Cel\u00e9 to m\u011blo vzniknout na z\u00e1klad\u011b \u00fadajn\u00fdch podn\u011bt\u016f od ob\u010dan\u016f na z\u00e1klad\u011b konference o budoucnosti Evropy. Vy v\u00edte, \u017ee by tu n\u011bjak\u00e1 debata existovala? V\u00e1s se n\u011bkdo ptal? Cel\u00e9 to m\u00e1 jen zaml\u017eit jen nedemokratickou podstatu Evropsk\u00e9 unie\u2026<\/p>\n<p>\u201eV\u017edy jsem h\u00e1jila n\u00e1zor, \u017ee jednomyslnost v n\u011bkter\u00fdch kl\u00ed\u010dov\u00fdch ot\u00e1zk\u00e1ch ned\u00e1v\u00e1 smysl, pokud chceme b\u00fdt rychlej\u0161\u00ed,\u201c prohl\u00e1sila von der Leyenov\u00e1, jej\u00ed\u017e komise ji\u017e p\u0159ed \u010dasem za\u010dala hovo\u0159it o v\u011bt\u0161inov\u00e9m rozhodov\u00e1n\u00ed nap\u0159\u00edklad ve v\u011bcech zahrani\u010dn\u00ed politiky. Dodala, \u017ee pokud bude pot\u0159eba zm\u011bnit smlouvy, podpo\u0159\u00ed to.<\/p>\n<p>Francouzsk\u00fd prezident Macron to rovn\u011b\u017e podpo\u0159il. \u201eJe evidentn\u00ed, \u017ee bude pot\u0159eba reformovat na\u0161e texty,\u201c prohl\u00e1sil dnes Macron.<\/p>\n<p>Evropsk\u00fd parlament p\u0159ed \u010dasem tak\u00e9 schv\u00e1lil n\u00e1vrh reformy voleb do Evropsk\u00e9ho parlamentu, jej\u00edm\u017e c\u00edlem je sjednotit zp\u016fsob v\u00fdb\u011bru europoslanc\u016f v jednotliv\u00fdch \u010dlensk\u00fdch st\u00e1tech a zav\u00e9st jeden celoevropsk\u00fd volebn\u00ed obvod. Pos\u00edlily by se tak celoevropsk\u00e9 strany a upozadily strany na n\u00e1rodn\u00edch \u00farovn\u00edch. Smyslem t\u00e9to iniciativy je nastolit jednotn\u00e1 volebn\u00ed pravidla ve \u010dlensk\u00fdch st\u00e1tech a ur\u010dit jednotn\u00e9 datum kon\u00e1n\u00ed evropsk\u00fdch voleb. Ob\u010dan\u00e9 unijn\u00edch st\u00e1t\u016f by pak mohli volit v kter\u00e9mkoliv \u010dlensk\u00e9m st\u00e1t\u011b, a to i koresponden\u010dn\u011b. Na kandid\u00e1tn\u00edch listin\u00e1ch by tak\u00e9, dle rezoluce Evropsk\u00e9ho parlamentu, museli b\u00fdt na z\u00e1klad\u011b genderov\u00e9 ideologie rovn\u00fdm zp\u016fsobem zastoupeni mu\u017ei a \u017eeny. N\u00e1vrh nyn\u00ed bude posuzovat Rada EU, co\u017e je org\u00e1n reprezentuj\u00edc\u00ed vl\u00e1dy \u010dlensk\u00fdch zem\u00ed.<\/p>\n<p>Pro hnut\u00ed SPD jde o naprosto nep\u0159ijatelnou iniciativu a o dal\u0161\u00ed snahu p\u0159ipravit postupn\u011b \u010dlensk\u00e9 st\u00e1ty EU, zejm\u00e9na ty men\u0161\u00ed, o vlastn\u00ed n\u00e1rodn\u00ed reprezentaci v Evropsk\u00e9m parlamentu a o pr\u00e1vo rozhodovat o z\u00e1le\u017eitostech sv\u00fdch st\u00e1tn\u00edch z\u00e1jm\u016f. Je to dal\u0161\u00ed krok k federalizaci Evropsk\u00e9 unie, co\u017e by ve sv\u00fdch d\u016fsledc\u00edch fakticky znamenalo konec zbytk\u016f suverenity a samostatnosti \u010cesk\u00e9 republiky. Hnut\u00ed SPD dlouhodob\u011b prosazuje z\u00e1kon o referendu, v\u010detn\u011b referenda o vystoupen\u00ed z EU, co\u017e n\u00e1m ale sou\u010dasn\u00e1 p\u011btikoalice odm\u00edt\u00e1 za\u0159adit na program sch\u016fze, abychom ho mohli projednat a schv\u00e1lit.<\/p>\n<p>Mus\u00edme z EU vystoupit, nebo n\u00e1s zni\u010d\u00ed!<\/p>\n<figure class=\"wp-block-image size-large\"><img decoding=\"async\" class=\"aligncenter\" src=\"https:\/\/scontent.fprg1-1.fna.fbcdn.net\/v\/t39.30808-6\/314915426_5993185287366895_2894031182564190523_n.jpg?_nc_cat=110&amp;ccb=1-7&amp;_nc_sid=730e14&amp;_nc_ohc=KMTbuf-JSVQAX_9bwFQ&amp;_nc_ht=scontent.fprg1-1.fna&amp;oh=00_AfD2Aiv7nR51yGweucsqme3u5sA2pYQUv0fID_39JOjF3w&amp;oe=637DD390\" alt=\"\" \/><\/figure>\n<p>&nbsp;<\/p>\n<p class=\"dpsp-share-text \"><strong>Radim Fiala: 18.listopad 2022<\/strong><\/p>\n<p>&nbsp;<\/p>\n<p>&nbsp;<\/p>\n","protected":false},"excerpt":{"rendered":"<p>Brusel chce definitivn\u011b zni\u010dit nez\u00e1vislost n\u00e1rodn\u00edch st\u00e1t\u016f a vytvo\u0159it jednu Euro\u0159\u00ed\u0161i. Mus\u00edme z EU vystoupit,&#8230;<\/p>\n","protected":false},"author":2,"featured_media":18462,"comment_status":"closed","ping_status":"closed","sticky":false,"template":"","format":"standard","meta":[],"categories":[6],"tags":[640,41,29,3502],"_links":{"self":[{"href":"https:\/\/www.infokuryr.cz\/n\/wp-json\/wp\/v2\/posts\/18461"}],"collection":[{"href":"https:\/\/www.infokuryr.cz\/n\/wp-json\/wp\/v2\/posts"}],"about":[{"href":"https:\/\/www.infokuryr.cz\/n\/wp-json\/wp\/v2\/types\/post"}],"author":[{"embeddable":true,"href":"https:\/\/www.infokuryr.cz\/n\/wp-json\/wp\/v2\/users\/2"}],"replies":[{"embeddable":true,"href":"https:\/\/www.infokuryr.cz\/n\/wp-json\/wp\/v2\/comments?post=18461"}],"version-history":[{"count":0,"href":"https:\/\/www.infokuryr.cz\/n\/wp-json\/wp\/v2\/posts\/18461\/revisions"}],"wp:featuredmedia":[{"embeddable":true,"href":"https:\/\/www.infokuryr.cz\/n\/wp-json\/wp\/v2\/media\/18462"}],"wp:attachment":[{"href":"https:\/\/www.infokuryr.cz\/n\/wp-json\/wp\/v2\/media?parent=18461"}],"wp:term":[{"taxonomy":"category","embeddable":true,"href":"https:\/\/www.infokuryr.cz\/n\/wp-json\/wp\/v2\/categories?post=18461"},{"taxonomy":"post_tag","embeddable":true,"href":"https:\/\/www.infokuryr.cz\/n\/wp-json\/wp\/v2\/tags?post=18461"}],"curies":[{"name":"wp","href":"https:\/\/api.w.org\/{rel}","templated":true}]}}