{"id":18432,"date":"2022-11-19T01:02:02","date_gmt":"2022-11-19T00:02:02","guid":{"rendered":"http:\/\/www.infokuryr.cz\/n\/?p=18432"},"modified":"2022-11-18T18:52:42","modified_gmt":"2022-11-18T17:52:42","slug":"veri-usa-ve-vitezstvi-ukrajiny","status":"publish","type":"post","link":"https:\/\/www.infokuryr.cz\/n\/2022\/11\/19\/veri-usa-ve-vitezstvi-ukrajiny\/","title":{"rendered":"V\u011b\u0159\u00ed USA ve v\u00edt\u011bzstv\u00ed Ukrajiny?"},"content":{"rendered":"<div id=\"fb-root\"><\/div>\n<div class=\"elementor-element elementor-element-1fb4c2c elementor-widget elementor-widget-theme-post-content\" data-id=\"1fb4c2c\" data-element_type=\"widget\" data-widget_type=\"theme-post-content.default\">\n<div class=\"elementor-widget-container\">\n<p><span>Rozumn\u00fdm krit\u00e9riem pro ukrajinsk\u00e9 v\u00edt\u011bzstv\u00ed by bylo, kdyby Ukrajina dok\u00e1zala zatla\u010dit Rusko zp\u011bt k hranic\u00edm z 24. \u00fanora.\u00a0A rozumn\u00fdm krit\u00e9riem pro \u00fapln\u00e9 ukrajinsk\u00e9 v\u00edt\u011bzstv\u00ed by bylo, kdyby Rusko mohlo b\u00fdt tak\u00e9 vypov\u011bzeno z Donbasu a Krymu.\u00a0Je n\u011bkter\u00fd z t\u011bchto c\u00edl\u016f dosa\u017eiteln\u00fd?<\/span><\/p>\n<p><span>V b\u0159eznu Ukrajina pravd\u011bpodobn\u011b vyhr\u00e1la bitvu o Kyjev, kdy\u017e donutila Rusko st\u00e1hnout se z oblasti kolem sv\u00e9ho hlavn\u00edho m\u011bsta.\u00a0V z\u00e1\u0159\u00ed pak ukrajinsk\u00e9 s\u00edly znovu dobyly asi 10 000 kilometr\u016f \u010dtvere\u010dn\u00edch \u00fazem\u00ed v\u00fdchodn\u011b od Charkova.\u00a0A pr\u00e1v\u011b minul\u00fd t\u00fdden, po dal\u0161\u00edm rusk\u00e9m \u00fastupu, dobyli zp\u011bt velkou oblast na jihoz\u00e1pad\u011b, v\u010detn\u011b m\u011bsta Cherson.<\/span><\/p>\n<p><span>Od za\u010d\u00e1tku dubna je \u010dist\u00e1 zm\u011bna \u00fazem\u00ed p\u0159ev\u00e1\u017en\u011b ve prosp\u011bch Ukrajiny.\u00a0To si v\u0161ak vy\u017e\u00e1dalo vysokou cenu z hlediska ob\u011bt\u00ed.\u00a0A od pokusu o sabot\u00e1\u017e Ker\u010dsk\u00e9ho mostu na za\u010d\u00e1tku \u0159\u00edjna Rusko zes\u00edlilo sv\u00e9 \u00fatoky na kritickou infrastrukturu Ukrajiny.<\/span><\/p>\n<p><span>P\u0159esto\u017ee ukrajin\u0161t\u00ed bojovn\u00edci p\u0159ekonali o\u010dek\u00e1v\u00e1n\u00ed mnoha z\u00e1padn\u00edch pozorovatel\u016f, nen\u00ed jasn\u00e9, jak velk\u00e9 \u00fazem\u00ed mohou znovu dob\u00fdt silou \u2013 zvl\u00e1\u0161t\u011b kdy\u017e na boji\u0161t\u011b doraz\u00ed tis\u00edce nov\u011b mobilizovan\u00fdch rusk\u00fdch voj\u00e1k\u016f.\u00a0Ot\u00e1zkou tedy z\u016fst\u00e1v\u00e1: m\u016f\u017ee Ukrajina vyhr\u00e1t?<\/span><\/p>\n<p><span>S\u00e9rie \u010dl\u00e1nk\u016f zve\u0159ejn\u011bn\u00fdch v posledn\u00edch t\u00fddnech nazna\u010duje, \u017ee n\u011bkte\u0159\u00ed ameri\u010dt\u00ed p\u0159edstavitel\u00e9 pochybuj\u00ed, \u017ee mohou.<\/span><\/p>\n<p><span>11. \u0159\u00edjna list The Washington Post uvedl, \u017ee: \u201eV soukrom\u00ed ameri\u010dt\u00ed p\u0159edstavitel\u00e9 tvrd\u00ed, \u017ee ani Rusko, ani Ukrajina nejsou schopny vyhr\u00e1t v\u00e1lku p\u0159\u00edmo, ale maj\u00ed my\u0161lenku p\u0159itla\u010dit Ukrajinu k jednac\u00edmu stolu nebo ji dokonce odstr\u010dit. ot\u00e1zka.&#8220;<\/span><\/p>\n<p><span>9. listopadu NBC News ozn\u00e1milo, \u017ee: &#8222;N\u011bkte\u0159\u00ed p\u0159edstavitel\u00e9 USA a Z\u00e1padu st\u00e1le v\u00edce v\u011b\u0159\u00ed, \u017ee ani jedna strana nem\u016f\u017ee dos\u00e1hnout v\u0161ech sv\u00fdch c\u00edl\u016f ve v\u00e1lce na Ukrajin\u011b a o\u010dek\u00e1van\u00fd zimn\u00ed klid v boj\u00edch vid\u00ed jako p\u0159\u00edle\u017eitost pro diplomacii.&#8220;<\/span><\/p>\n<p><span>&#8222;Cherson je posledn\u00ed hlavn\u00ed frontov\u00e1 linie, kter\u00e1 by se mohla p\u0159ed zimou posunout,&#8220; \u0159ekli p\u0159edstavitel\u00e9 s\u00edti, &#8222;po n\u00ed\u017e \u017e\u00e1dn\u00e1 strana pravd\u011bpodobn\u011b neud\u011bl\u00e1 velk\u00fd pokrok.&#8220;<\/span><\/p>\n<p><span>N\u00e1sleduj\u00edc\u00edho dne gener\u00e1l Mark Milley \u2013 vy\u0161\u0161\u00ed d\u016fstojn\u00edk ozbrojen\u00fdch sil USA \u2013 prohl\u00e1sil, \u017ee \u201evyjedn\u00e1v\u00e1n\u00ed maj\u00ed \u0161anci\u201c pouze tehdy, pokud \u201eob\u011b strany uzn\u00e1vaj\u00ed\u201c, \u017ee vojensk\u00e9ho v\u00edt\u011bzstv\u00ed \u201enelze dos\u00e1hnout vojensk\u00fdmi prost\u0159edky, a proto se mus\u00edte obr\u00e1tit na jin\u00e9 prost\u0159edky\u201c.<\/span><\/p>\n<p><span>Podle New York Times tak\u00e9 na \u201eintern\u00edch sch\u016fzk\u00e1ch\u201c tvrdil, \u017ee Ukrajinci \u201edos\u00e1hli na boji\u0161ti tolik, kolik mohou rozumn\u011b o\u010dek\u00e1vat p\u0159ed za\u010d\u00e1tkem zimy, a m\u011bli by se proto sna\u017eit upevnit sv\u00e9 zisky u jednac\u00edho stolu. &#8222;<\/span><\/p>\n<p><span>The Wall Street Journal tak\u00e9 uvedl, \u017ee \u201e\u00fa\u0159edn\u00edci ve Washingtonu se za\u010d\u00ednaj\u00ed nahlas divit, o kolik v\u00edce \u00fazem\u00ed m\u016f\u017ee kter\u00e1koli strana z\u00edskat a za jakou cenu\u201c.<\/span><\/p>\n<p><span>N\u011bkolik dn\u00ed po Milleyho koment\u00e1\u0159\u00edch byla Bidenova administrativa \u00fadajn\u011b v re\u017eimu \u201ekontroly \u0161kod\u201c, kdy\u017e se \u00fa\u0159edn\u00edci sna\u017eili udr\u017eet \u201ejednotnou frontu\u201c.\u00a0Zam\u011bstnanec v\u0161ak \u0159ekl Politico, \u017ee to, co jsou p\u0159edstavitel\u00e9 B\u00edl\u00e9ho domu ochotni \u0159\u00edci ve\u0159ejn\u011b a co si mysl\u00ed soukrom\u011b, nemus\u00ed nutn\u011b odpov\u00eddat.<\/span><\/p>\n<p><span>Dal\u0161\u00ed se zeptal: &#8222;Pro\u010d neza\u010d\u00edt mluvit o [m\u00edrov\u00fdch rozhovorech], ne\u017e uvrhnete dal\u0161\u00edch 100 000 \u017eivot\u016f do propasti?&#8220;<\/span><\/p>\n<p><span>Nen\u00ed jasn\u00e9, co si s t\u00edm v\u0161\u00edm po\u010d\u00edt.\u00a0Ameri\u010dt\u00ed p\u0159edstavitel\u00e9 jsou zn\u00e1m\u00ed t\u00edm, \u017ee \u00faniky vyu\u017e\u00edvaj\u00ed strategicky, tak\u017ee v\u00fd\u0161e uveden\u00e9 uvozovky by mohly b\u00fdt sv\u00e9ho druhu lest.\u00a0Sna\u017e\u00ed se d\u00e1t Moskv\u011b fale\u0161n\u00fd pocit bezpe\u010d\u00ed, ne\u017e Ukrajina spust\u00ed velkou protiofenz\u00edvu?\u00a0Nen\u00ed to nemo\u017en\u00e9.<\/span><\/p>\n<p><span>Vzato na rovinu, ale nazna\u010duj\u00ed, \u017ee n\u011bkte\u0159\u00ed ve Washingtonu v\u011b\u0159\u00ed, \u017ee Ukrajina nem\u016f\u017ee vyhr\u00e1t, a \u017ee je \u010das obnovit jedn\u00e1n\u00ed.\u00a0To by d\u00e1valo smysl, proto\u017ee Amerika ji\u017e dos\u00e1hla sv\u00fdch hlavn\u00edch strategick\u00fdch c\u00edl\u016f.<\/span><\/p>\n<\/div>\n<\/div>\n<div class=\"elementor-element elementor-element-8c57238 quelle dc-has-condition dc-condition-empty elementor-widget elementor-widget-heading\" data-id=\"8c57238\" data-element_type=\"widget\" data-widget_type=\"heading.default\">\n<div class=\"elementor-widget-container\">\n<h3 class=\"elementor-heading-title elementor-size-default\"><span style=\"font-size: 8pt;\"><a href=\"https:\/\/dailysceptic.org\/2022\/11\/16\/does-the-u-s-believe-ukraine-can-win\/\" target=\"_blank\" rel=\"nofollow noopener\">ZDROJ<\/a><\/span><\/h3>\n<p>&nbsp;<\/p>\n<\/div>\n<\/div>\n","protected":false},"excerpt":{"rendered":"<p>Rozumn\u00fdm krit\u00e9riem pro ukrajinsk\u00e9 v\u00edt\u011bzstv\u00ed by bylo, kdyby Ukrajina dok\u00e1zala zatla\u010dit Rusko zp\u011bt k hranic\u00edm&#8230;<\/p>\n","protected":false},"author":2,"featured_media":10250,"comment_status":"closed","ping_status":"closed","sticky":false,"template":"","format":"standard","meta":[],"categories":[7],"tags":[35,26,37,40,3837],"_links":{"self":[{"href":"https:\/\/www.infokuryr.cz\/n\/wp-json\/wp\/v2\/posts\/18432"}],"collection":[{"href":"https:\/\/www.infokuryr.cz\/n\/wp-json\/wp\/v2\/posts"}],"about":[{"href":"https:\/\/www.infokuryr.cz\/n\/wp-json\/wp\/v2\/types\/post"}],"author":[{"embeddable":true,"href":"https:\/\/www.infokuryr.cz\/n\/wp-json\/wp\/v2\/users\/2"}],"replies":[{"embeddable":true,"href":"https:\/\/www.infokuryr.cz\/n\/wp-json\/wp\/v2\/comments?post=18432"}],"version-history":[{"count":0,"href":"https:\/\/www.infokuryr.cz\/n\/wp-json\/wp\/v2\/posts\/18432\/revisions"}],"wp:featuredmedia":[{"embeddable":true,"href":"https:\/\/www.infokuryr.cz\/n\/wp-json\/wp\/v2\/media\/10250"}],"wp:attachment":[{"href":"https:\/\/www.infokuryr.cz\/n\/wp-json\/wp\/v2\/media?parent=18432"}],"wp:term":[{"taxonomy":"category","embeddable":true,"href":"https:\/\/www.infokuryr.cz\/n\/wp-json\/wp\/v2\/categories?post=18432"},{"taxonomy":"post_tag","embeddable":true,"href":"https:\/\/www.infokuryr.cz\/n\/wp-json\/wp\/v2\/tags?post=18432"}],"curies":[{"name":"wp","href":"https:\/\/api.w.org\/{rel}","templated":true}]}}