{"id":18413,"date":"2022-11-18T06:07:03","date_gmt":"2022-11-18T05:07:03","guid":{"rendered":"http:\/\/www.infokuryr.cz\/n\/?p=18413"},"modified":"2022-11-18T06:07:03","modified_gmt":"2022-11-18T05:07:03","slug":"muslimsky-uprchlik-napadl-nemeckeho-policistu-nozem","status":"publish","type":"post","link":"https:\/\/www.infokuryr.cz\/n\/2022\/11\/18\/muslimsky-uprchlik-napadl-nemeckeho-policistu-nozem\/","title":{"rendered":"Muslimsk\u00fd uprchl\u00edk napadl n\u011bmeck\u00e9ho policistu no\u017eem"},"content":{"rendered":"<div id=\"fb-root\"><\/div>\n<h2 class=\"entry-title\">Kdo p\u016fjde p\u0159ed soud? Agresivn\u00ed barevn\u00fd imigrant, nebo b\u00edl\u00fd policista?<\/h2>\n<p>Ve m\u011bst\u011b<a href=\"https:\/\/jungefreiheit.de\/politik\/deutschland\/2022\/messerattacke-polizist-schiesst-libyer-nieder\/\">\u00a0Riesa (kousek od Lipska) \u0159\u00e1dil<\/a>\u00a0libyjsk\u00fd uprchl\u00edk (43) v p\u0159id\u011blen\u00e9m byt\u011b natolik, \u017ee soused\u00e9 zavolali policii.\u00a0<strong>Na policejn\u00ed hl\u00eddku vyrazil uprchl\u00edk s dv\u011bma velk\u00fdmi no\u017ei. Policist\u00e9 ho vyzvali k n\u00e1vratu do bytu, ale uprchl\u00edk za\u00fato\u010dil na nejbli\u017e\u0161\u00edho policistu no\u017eem. Ten tasil slu\u017eebn\u00ed zbra\u0148 a uprchl\u00edka post\u0159elil.<\/strong>\u00a0Uprchl\u00edk byl odvezen do lipsk\u00e9 nemocnice, kde je v o\u0161et\u0159en\u00ed.<\/p>\n<p>Tohle byla norm\u00e1ln\u00ed story z multikulturn\u00edho N\u011bmecka, kter\u00e1 na mnoha m\u00edstech prob\u011bhne ka\u017ed\u00fd den.\u00a0<strong>Zaj\u00edmav\u00e9 to bude a\u017e nyn\u00ed. \u010cten\u00e1\u0159i si mohou vsadit. Kdo p\u016fjde do v\u011bzen\u00ed? Agresivn\u00ed uprchl\u00edk za \u00fatok na policii? Nebo policista na rasismus, \u017ee si dovolil post\u0159elit neboh\u00e9ho uprchl\u00edka s no\u017eem? J\u00e1 bych si sp\u00ed\u0161 vsadil na variantu \u010d\u00edslo 2.<\/strong><\/p>\n<p><a href=\"https:\/\/ceskavec.com\/2022\/11\/muslimsky-uprchlik-napadl-nemeckeho-policistu-nozem-kdo-pujde-pred-soud-agresivni-barevny-imigrant-nebo-bily-policista\">\u010cesk\u00e1 v\u011bc<\/a><\/p>\n<p>&nbsp;<\/p>\n","protected":false},"excerpt":{"rendered":"<p>Kdo p\u016fjde p\u0159ed soud? Agresivn\u00ed barevn\u00fd imigrant, nebo b\u00edl\u00fd policista? Ve m\u011bst\u011b\u00a0Riesa (kousek od Lipska)&#8230;<\/p>\n","protected":false},"author":2,"featured_media":18414,"comment_status":"closed","ping_status":"closed","sticky":false,"template":"","format":"standard","meta":[],"categories":[7],"tags":[840,84,1322,1524,324],"_links":{"self":[{"href":"https:\/\/www.infokuryr.cz\/n\/wp-json\/wp\/v2\/posts\/18413"}],"collection":[{"href":"https:\/\/www.infokuryr.cz\/n\/wp-json\/wp\/v2\/posts"}],"about":[{"href":"https:\/\/www.infokuryr.cz\/n\/wp-json\/wp\/v2\/types\/post"}],"author":[{"embeddable":true,"href":"https:\/\/www.infokuryr.cz\/n\/wp-json\/wp\/v2\/users\/2"}],"replies":[{"embeddable":true,"href":"https:\/\/www.infokuryr.cz\/n\/wp-json\/wp\/v2\/comments?post=18413"}],"version-history":[{"count":0,"href":"https:\/\/www.infokuryr.cz\/n\/wp-json\/wp\/v2\/posts\/18413\/revisions"}],"wp:featuredmedia":[{"embeddable":true,"href":"https:\/\/www.infokuryr.cz\/n\/wp-json\/wp\/v2\/media\/18414"}],"wp:attachment":[{"href":"https:\/\/www.infokuryr.cz\/n\/wp-json\/wp\/v2\/media?parent=18413"}],"wp:term":[{"taxonomy":"category","embeddable":true,"href":"https:\/\/www.infokuryr.cz\/n\/wp-json\/wp\/v2\/categories?post=18413"},{"taxonomy":"post_tag","embeddable":true,"href":"https:\/\/www.infokuryr.cz\/n\/wp-json\/wp\/v2\/tags?post=18413"}],"curies":[{"name":"wp","href":"https:\/\/api.w.org\/{rel}","templated":true}]}}