{"id":18412,"date":"2022-11-18T06:04:27","date_gmt":"2022-11-18T05:04:27","guid":{"rendered":"http:\/\/www.infokuryr.cz\/n\/?p=18412"},"modified":"2022-11-18T06:04:27","modified_gmt":"2022-11-18T05:04:27","slug":"nemecka-katolicka-cirkev-zaznamenala-rekordni-ztratu-vericich","status":"publish","type":"post","link":"https:\/\/www.infokuryr.cz\/n\/2022\/11\/18\/nemecka-katolicka-cirkev-zaznamenala-rekordni-ztratu-vericich\/","title":{"rendered":"N\u011bmeck\u00e1 katolick\u00e1 c\u00edrkev zaznamenala rekordn\u00ed ztr\u00e1tu v\u011b\u0159\u00edc\u00edch"},"content":{"rendered":"<div id=\"fb-root\"><\/div>\n<h2 class=\"entry-title\">Co \u010dekat od spolku, kter\u00fd vede \u010dlov\u011bk jm\u00e9nem Marx?<\/h2>\n<p><strong>V lo\u0148sk\u00e9m roce opustilo n\u011bmeckou katolickou c\u00edrkev ofici\u00e1ln\u011b\u00a0<a href=\"https:\/\/jungefreiheit.de\/debatte\/kommentar\/2022\/kirche-ohne-zeitgeist\/\">360 000 v\u011b\u0159\u00edc\u00edch<\/a>. Kostely zej\u00ed pr\u00e1zdnotou a c\u00edrkevn\u00ed prel\u00e1ti se m\u00edsto misijn\u00ed \u010dinnosti a boji za k\u0159es\u0165ansk\u00e9 hodnoty v\u011bnuj\u00ed LGBT++ m\u0161\u00edm a svatb\u00e1m, homosexu\u00e1ln\u00ed<\/strong>\u00a0adopci<strong>, klima agend\u011b, podpo\u0159e muslimsk\u00e9 imigrace, boji proti n\u011bmeck\u00fdm vlastenc\u016fm a propagaci korona o\u010dkov\u00e1n\u00ed podivn\u00fdmi vakc\u00ednami.<\/strong><\/p>\n<p>Probl\u00e9m n\u011bmeck\u00e9 c\u00edrkve je v tom, \u017ee je zcela ovl\u00e1dnut\u00e1 \u201epokrok\u00e1\u0159sk\u00fdmi\u201c prel\u00e1ty stejn\u011b jako \u00fast\u0159ed\u00ed ve Vatik\u00e1nu. C<strong>o tak\u00e9 \u010dekat, kdy\u017e se jeden z hlavn\u00edch katolick\u00fdch kardin\u00e1l\u016f v N\u011bmecku jmenuje Marx a podle v\u0161eho je p\u0159\u00edbuzn\u00fd s Karlem Marxem\u2026.<\/strong>.<\/p>\n<p>Nen\u00ed divu,\u00a0<strong>\u017ee v\u011b\u0159\u00edc\u00ed hlasuj\u00ed nohama. Takovou c\u00edrkev k\u0159es\u0165an k ni\u010demu nepot\u0159ebuje! To se m\u016f\u017ee modlit doma a p\u00edsmo si rad\u011bji studovat s\u00e1m<\/strong>. Katolickou c\u00edrkev u\u017e globalist\u00e9 nepot\u0159ebuj\u00ed a tak je likvidov\u00e1na v p\u0159\u00edm\u00e9m p\u0159enosu.<\/p>\n<p><img decoding=\"async\" loading=\"lazy\" class=\"alignnone size-full wp-image-1185\" src=\"http:\/\/www.infokuryr.cz\/n\/wp-content\/uploads\/2021\/04\/kuryr-podpis.png\" alt=\"\" width=\"84\" height=\"24\" \/><\/p>\n<p>&nbsp;<\/p>\n","protected":false},"excerpt":{"rendered":"<p>Co \u010dekat od spolku, kter\u00fd vede \u010dlov\u011bk jm\u00e9nem Marx? V lo\u0148sk\u00e9m roce opustilo n\u011bmeckou katolickou&#8230;<\/p>\n","protected":false},"author":2,"featured_media":9662,"comment_status":"closed","ping_status":"closed","sticky":false,"template":"","format":"standard","meta":[],"categories":[7],"tags":[1295,29,84],"_links":{"self":[{"href":"https:\/\/www.infokuryr.cz\/n\/wp-json\/wp\/v2\/posts\/18412"}],"collection":[{"href":"https:\/\/www.infokuryr.cz\/n\/wp-json\/wp\/v2\/posts"}],"about":[{"href":"https:\/\/www.infokuryr.cz\/n\/wp-json\/wp\/v2\/types\/post"}],"author":[{"embeddable":true,"href":"https:\/\/www.infokuryr.cz\/n\/wp-json\/wp\/v2\/users\/2"}],"replies":[{"embeddable":true,"href":"https:\/\/www.infokuryr.cz\/n\/wp-json\/wp\/v2\/comments?post=18412"}],"version-history":[{"count":0,"href":"https:\/\/www.infokuryr.cz\/n\/wp-json\/wp\/v2\/posts\/18412\/revisions"}],"wp:featuredmedia":[{"embeddable":true,"href":"https:\/\/www.infokuryr.cz\/n\/wp-json\/wp\/v2\/media\/9662"}],"wp:attachment":[{"href":"https:\/\/www.infokuryr.cz\/n\/wp-json\/wp\/v2\/media?parent=18412"}],"wp:term":[{"taxonomy":"category","embeddable":true,"href":"https:\/\/www.infokuryr.cz\/n\/wp-json\/wp\/v2\/categories?post=18412"},{"taxonomy":"post_tag","embeddable":true,"href":"https:\/\/www.infokuryr.cz\/n\/wp-json\/wp\/v2\/tags?post=18412"}],"curies":[{"name":"wp","href":"https:\/\/api.w.org\/{rel}","templated":true}]}}