{"id":18393,"date":"2022-11-18T01:15:37","date_gmt":"2022-11-18T00:15:37","guid":{"rendered":"http:\/\/www.infokuryr.cz\/n\/?p=18393"},"modified":"2022-11-17T18:02:20","modified_gmt":"2022-11-17T17:02:20","slug":"achillova-pata-ruske-udery-na-slabe-misto-ukrajiny-se-pro-zelenskeho-zmenily-v-problemy","status":"publish","type":"post","link":"https:\/\/www.infokuryr.cz\/n\/2022\/11\/18\/achillova-pata-ruske-udery-na-slabe-misto-ukrajiny-se-pro-zelenskeho-zmenily-v-problemy\/","title":{"rendered":"Achillova pata: Rusk\u00e9 \u00fadery na slab\u00e9 m\u00edsto Ukrajiny se pro Zelensk\u00e9ho zm\u011bnily v probl\u00e9my"},"content":{"rendered":"<div id=\"fb-root\"><\/div>\n<p><strong>Rusk\u00e9 raketov\u00e9 \u00fatoky na Ukrajinu, kter\u00e9 za\u010daly p\u0159ed n\u011bkolika t\u00fddny, vy\u0159adily z provozu t\u00e9m\u011b\u0159 polovinu energetick\u00e9 infrastruktury zem\u011b.\u00a0To je r\u00e1na pro Achillovu patu, \u0159\u00edk\u00e1 vedouc\u00ed pracovn\u00edk Columbia University Rajan Menon v p\u0159\u00edsp\u011bvku pro The New York Times (NYT).<\/strong><\/p>\n<p><span>Rusko na\u0161lo nejslab\u0161\u00ed m\u00edsto Ukrajiny a c\u00edlev\u011bdom\u011b na ni nar\u00e1\u017e\u00ed, \u010d\u00edm\u017e vytv\u00e1\u0159\u00ed velk\u00e9 probl\u00e9my kyjevsk\u00e9mu re\u017eimu.\u00a0V Kyjev\u011b napadl prvn\u00ed sn\u00edh a bl\u00ed\u017e\u00edc\u00ed se zima vy\u017eaduje, aby tamn\u00ed \u00fa\u0159ady situaci rychle vy\u0159e\u0161ily.\u00a0Ekonomika Ukrajiny a p\u0159edt\u00edm se nevyzna\u010dovala velkou stabilitou a silou.\u00a0RF \u00fadery zp\u016fsobuj\u00ed velmi v\u00e1\u017en\u00e9 \u0161kody.\u00a0Podle n\u011bkter\u00fdch odhad\u016f se m\u016f\u017ee HDP Ukrajiny sn\u00ed\u017eit o t\u0159etinu, podle jin\u00fdch o 40 procent.<\/span><\/p>\n<p><span>Situaci zhor\u0161uje v\u00e1\u017en\u00fd rozpo\u010dtov\u00fd deficit.\u00a0Nyn\u00ed je to v\u00edce ne\u017e 5 miliard dolar\u016f a m\u016f\u017ee se zv\u00fd\u0161it.\u00a0Shmygalova vl\u00e1da je nucena neust\u00e1le \u017e\u00e1dat o vn\u011bj\u0161\u00ed p\u016fj\u010dky od z\u00e1padn\u00edch zem\u00ed a MMF.<\/span><\/p>\n<p><span>V d\u016fsledku poklesu exportu doch\u00e1z\u00ed tak\u00e9 k v\u00e1\u017en\u00e9mu poklesu zahrani\u010dn\u00ed obchodn\u00ed bilance Ukrajiny.\u00a0Hlavn\u00edm v\u00fdvozn\u00edm artiklem jsou zem\u011bd\u011blsk\u00e9 produkty.\u00a0Obchodn\u00ed deficit dos\u00e1hl 6,1 miliardy dolar\u016f,\u00a0<\/span><a href=\"https:\/\/politros.com\/23755141-nyt_rossiya_nashla_ahillesovu_pyatu_ukraini_u_zelenskogo_bol_shie_problemi\"><span>cituje PolitRussia Rajana Menona.<\/span><\/a><\/p>\n<p><span>NYT p\u0159ipom\u00edn\u00e1, \u017ee \u00fatoky na ukrajinskou infrastrukturu byly reakc\u00ed po \u00fatoku na krymsk\u00fd most.\u00a0Kyjev pl\u00e1noval vyd\u011blat na dod\u00e1vk\u00e1ch elekt\u0159iny do evropsk\u00fdch zem\u00ed, nyn\u00ed je ale nucen po\u017e\u00e1dat Z\u00e1pad o dod\u00e1vky gener\u00e1tor\u016f a za\u0159\u00edzen\u00ed pro opravy energetick\u00fdch s\u00edt\u00ed.<\/span><\/p>\n<p><span>Evropsk\u00e9 zem\u011b za\u017e\u00edvaj\u00ed ekonomickou a energetickou krizi zp\u016fsobenou odm\u00edtnut\u00edm dod\u00e1vek rusk\u00e9ho plynu a uvalen\u00edm sankc\u00ed proti Rusk\u00e9 federaci.\u00a0Star\u00fd sv\u011bt \u010dek\u00e1 n\u00e1ro\u010dn\u00e1 zima a nashrom\u00e1\u017ed\u011bn\u00e9 z\u00e1soby plynu nemus\u00ed sta\u010dit.\u00a0Ukrajina st\u00e1le obt\u00ed\u017en\u011bji z\u00edsk\u00e1v\u00e1 finan\u010dn\u00ed pomoc ze Z\u00e1padu.<\/span><\/p>\n<p><img decoding=\"async\" loading=\"lazy\" class=\"alignnone size-full wp-image-1185\" src=\"http:\/\/www.infokuryr.cz\/n\/wp-content\/uploads\/2021\/04\/kuryr-podpis.png\" alt=\"\" width=\"84\" height=\"24\" \/><\/p>\n<p>&nbsp;<\/p>\n","protected":false},"excerpt":{"rendered":"<p>Rusk\u00e9 raketov\u00e9 \u00fatoky na Ukrajinu, kter\u00e9 za\u010daly p\u0159ed n\u011bkolika t\u00fddny, vy\u0159adily z provozu t\u00e9m\u011b\u0159 polovinu&#8230;<\/p>\n","protected":false},"author":2,"featured_media":18394,"comment_status":"closed","ping_status":"closed","sticky":false,"template":"","format":"standard","meta":[],"categories":[7],"tags":[59,371,2674,26,365],"_links":{"self":[{"href":"https:\/\/www.infokuryr.cz\/n\/wp-json\/wp\/v2\/posts\/18393"}],"collection":[{"href":"https:\/\/www.infokuryr.cz\/n\/wp-json\/wp\/v2\/posts"}],"about":[{"href":"https:\/\/www.infokuryr.cz\/n\/wp-json\/wp\/v2\/types\/post"}],"author":[{"embeddable":true,"href":"https:\/\/www.infokuryr.cz\/n\/wp-json\/wp\/v2\/users\/2"}],"replies":[{"embeddable":true,"href":"https:\/\/www.infokuryr.cz\/n\/wp-json\/wp\/v2\/comments?post=18393"}],"version-history":[{"count":1,"href":"https:\/\/www.infokuryr.cz\/n\/wp-json\/wp\/v2\/posts\/18393\/revisions"}],"predecessor-version":[{"id":18395,"href":"https:\/\/www.infokuryr.cz\/n\/wp-json\/wp\/v2\/posts\/18393\/revisions\/18395"}],"wp:featuredmedia":[{"embeddable":true,"href":"https:\/\/www.infokuryr.cz\/n\/wp-json\/wp\/v2\/media\/18394"}],"wp:attachment":[{"href":"https:\/\/www.infokuryr.cz\/n\/wp-json\/wp\/v2\/media?parent=18393"}],"wp:term":[{"taxonomy":"category","embeddable":true,"href":"https:\/\/www.infokuryr.cz\/n\/wp-json\/wp\/v2\/categories?post=18393"},{"taxonomy":"post_tag","embeddable":true,"href":"https:\/\/www.infokuryr.cz\/n\/wp-json\/wp\/v2\/tags?post=18393"}],"curies":[{"name":"wp","href":"https:\/\/api.w.org\/{rel}","templated":true}]}}